{"id":288673,"date":"2019-04-09T18:34:48","date_gmt":"2019-04-09T16:34:48","guid":{"rendered":"https:\/\/hashtag.al\/?p=288673"},"modified":"2019-04-09T18:34:48","modified_gmt":"2019-04-09T16:34:48","slug":"paloka-per-grabitjen-ne-rinas-i-njejti-skenar-gjithcka-ndodh-perpara-zgjedhjeve","status":"publish","type":"post","link":"https:\/\/www.hashtag.al\/index.php\/2019\/04\/09\/paloka-per-grabitjen-ne-rinas-i-njejti-skenar-gjithcka-ndodh-perpara-zgjedhjeve\/","title":{"rendered":"Paloka p\u00ebr grabitjen n\u00eb Rinas: I nj\u00ebjti skenar, gjith\u00e7ka ndodh p\u00ebrpara zgjedhjeve","gt_translate_keys":[{"key":"rendered","format":"text"}]},"content":{"rendered":"<p><img loading=\"lazy\" decoding=\"async\" class=\"aligncenter size-full wp-image-225027\" src=\"https:\/\/hashtag.al\/wp-content\/uploads\/2018\/08\/apaloka.png\" alt=\"\" width=\"871\" height=\"492\" \/><\/p>\n<p><span style=\"color: #000000;\">N\u00ebnkryetari i PD-s\u00eb, Edi Paloka ka reaguar p\u00ebr grabitjen e ndodhur n\u00eb Rinas dit\u00ebn e sotme.<\/span><\/p>\n<p><span style=\"color: #000000;\">Paloka shprehet \u00a0se vjedhja n\u00eb Rinas sipas tij \u00ebsht\u00eb \u201cdeja-vu\u201d dhe policia edhe k\u00ebt\u00eb her\u00eb \u00ebsht\u00eb e z\u00ebn\u00eb duke dhunuar qytetar\u00ebt e thjesht\u00eb.<\/span><\/p>\n<p><span style=\"color: #000000;\">Paloka thekson se gjith\u00e7ka\u00a0ndodhi s\u00ebrish pak muaj p\u00ebrpara zgjedhjeve, duke n\u00ebnkuptuar se parat\u00eb mund t\u00eb p\u00ebrdoren p\u00ebr blerjen e votave.<\/span><\/p>\n<p><span style=\"color: #000000;\"><strong>Postimi i plot\u00eb:<\/strong><\/span><\/p>\n<p><span style=\"color: #000000;\">De-ja vu<\/span><\/p>\n<p><span style=\"color: #000000;\">Grabiten miliona euro.<\/span><\/p>\n<p><span style=\"color: #000000;\">Ne te nj\u00ebjtin vend ( brenda aeroportit, Rinas)<\/span><\/p>\n<p><span style=\"color: #000000;\">Me te nj\u00ebjt\u00ebn m\u00ebnyr\u00eb ( grabitje me arme fugonit te blinduar nga grabit\u00ebs me uniforma ushtarake dhe makine shtet\u00ebrore).<\/span><\/p>\n<p><span style=\"color: #000000;\">Grabit\u00ebsit u larguan ne te nj\u00ebjtin drejtim.<\/span><\/p>\n<p><span style=\"color: #000000;\">Grabitja ndodh ne te nj\u00ebjtin kontekst kohor dhe politik ; pak muaj p\u00ebrpara zgjedhjeve.<\/span><\/p>\n<p><span style=\"color: #000000;\">Policia edhe k\u00ebt\u00eb here \u00ebsht\u00eb e z\u00ebne duke dhunuar qytetaret e thjeshte<\/span><\/p>\n<p><span style=\"color: #000000;\">A mund te jene te gjitha rast\u00ebsi ?!<\/span><\/p>\n<p><span style=\"color: #000000;\">P.S<\/span><\/p>\n<p><span style=\"color: #000000;\">Harrova nj\u00eb \u201cdetaj\u201d; k\u00ebt\u00eb here ka dhe te vrare.<\/span><\/p>\n<p>&nbsp;<\/p>\n","protected":false,"gt_translate_keys":[{"key":"rendered","format":"html"}]},"excerpt":{"rendered":"<p>N\u00ebnkryetari i PD-s\u00eb, Edi Paloka ka reaguar p\u00ebr grabitjen e ndodhur n\u00eb Rinas dit\u00ebn e sotme. Paloka shprehet \u00a0se vjedhja n\u00eb Rinas sipas tij \u00ebsht\u00eb \u201cdeja-vu\u201d dhe policia edhe k\u00ebt\u00eb her\u00eb \u00ebsht\u00eb e z\u00ebn\u00eb duke dhunuar qytetar\u00ebt e thjesht\u00eb. Paloka thekson se gjith\u00e7ka\u00a0ndodhi s\u00ebrish pak muaj p\u00ebrpara zgjedhjeve, duke n\u00ebnkuptuar se parat\u00eb mund t\u00eb p\u00ebrdoren [&hellip;]<\/p>\n","protected":false,"gt_translate_keys":[{"key":"rendered","format":"html"}]},"author":32,"featured_media":265837,"comment_status":"open","ping_status":"open","sticky":false,"template":"","format":"standard","meta":{"footnotes":""},"categories":[65,13],"tags":[],"class_list":["post-288673","post","type-post","status-publish","format-standard","has-post-thumbnail","hentry","category-lajme","category-te-fundit"],"gt_translate_keys":[{"key":"link","format":"url"}],"_links":{"self":[{"href":"https:\/\/www.hashtag.al\/index.php\/wp-json\/wp\/v2\/posts\/288673","targetHints":{"allow":["GET"]}}],"collection":[{"href":"https:\/\/www.hashtag.al\/index.php\/wp-json\/wp\/v2\/posts"}],"about":[{"href":"https:\/\/www.hashtag.al\/index.php\/wp-json\/wp\/v2\/types\/post"}],"author":[{"embeddable":true,"href":"https:\/\/www.hashtag.al\/index.php\/wp-json\/wp\/v2\/users\/32"}],"replies":[{"embeddable":true,"href":"https:\/\/www.hashtag.al\/index.php\/wp-json\/wp\/v2\/comments?post=288673"}],"version-history":[{"count":0,"href":"https:\/\/www.hashtag.al\/index.php\/wp-json\/wp\/v2\/posts\/288673\/revisions"}],"wp:featuredmedia":[{"embeddable":true,"href":"https:\/\/www.hashtag.al\/index.php\/wp-json\/wp\/v2\/media\/265837"}],"wp:attachment":[{"href":"https:\/\/www.hashtag.al\/index.php\/wp-json\/wp\/v2\/media?parent=288673"}],"wp:term":[{"taxonomy":"category","embeddable":true,"href":"https:\/\/www.hashtag.al\/index.php\/wp-json\/wp\/v2\/categories?post=288673"},{"taxonomy":"post_tag","embeddable":true,"href":"https:\/\/www.hashtag.al\/index.php\/wp-json\/wp\/v2\/tags?post=288673"}],"curies":[{"name":"wp","href":"https:\/\/api.w.org\/{rel}","templated":true}]}}