{"id":288654,"date":"2019-04-09T17:55:23","date_gmt":"2019-04-09T15:55:23","guid":{"rendered":"https:\/\/hashtag.al\/?p=288654"},"modified":"2019-04-09T18:00:20","modified_gmt":"2019-04-09T16:00:20","slug":"banoret-te-demshperblehen-denojme-dhunen-keshilltaret-bashkiake-te-lsi-se-per-banesat-e-bregut-te-lumit","status":"publish","type":"post","link":"https:\/\/www.hashtag.al\/index.php\/2019\/04\/09\/banoret-te-demshperblehen-denojme-dhunen-keshilltaret-bashkiake-te-lsi-se-per-banesat-e-bregut-te-lumit\/","title":{"rendered":"&#8220;Banor\u00ebt t\u00eb d\u00ebmshp\u00ebrblehen, d\u00ebnojm\u00eb dhun\u00ebn&#8221; &#8211; K\u00ebshilltar\u00ebt bashkiak\u00eb t\u00eb LSI-s\u00eb p\u00ebr banesat e Bregut t\u00eb Lumit","gt_translate_keys":[{"key":"rendered","format":"text"}]},"content":{"rendered":"<p><img loading=\"lazy\" decoding=\"async\" class=\"aligncenter size-full wp-image-288656\" src=\"https:\/\/hashtag.al\/wp-content\/uploads\/2019\/04\/TIRANE-BREGU-I-LUMIT-PROTESTA-2019.04.09-1.jpg\" alt=\"\" width=\"1417\" height=\"1063\" srcset=\"https:\/\/www.hashtag.al\/wp-content\/uploads\/2019\/04\/TIRANE-BREGU-I-LUMIT-PROTESTA-2019.04.09-1.jpg 1417w, https:\/\/www.hashtag.al\/wp-content\/uploads\/2019\/04\/TIRANE-BREGU-I-LUMIT-PROTESTA-2019.04.09-1-300x225.jpg 300w, https:\/\/www.hashtag.al\/wp-content\/uploads\/2019\/04\/TIRANE-BREGU-I-LUMIT-PROTESTA-2019.04.09-1-768x576.jpg 768w, https:\/\/www.hashtag.al\/wp-content\/uploads\/2019\/04\/TIRANE-BREGU-I-LUMIT-PROTESTA-2019.04.09-1-1024x768.jpg 1024w\" sizes=\"auto, (max-width: 1417px) 100vw, 1417px\" \/><\/p>\n<p><span style=\"color: #000000;\">Grupi i K\u00ebshilltar\u00ebve t\u00eb LSI n\u00eb Bashkin\u00eb e Tiran\u00ebs ka d\u00ebnuar dhun\u00ebn e ushtruar ndaj banor\u00ebve t\u00eb Bregut t\u00eb Lumit dhe prishjen e banesave t\u00eb tyre. <\/span><\/p>\n<p><span style=\"color: #000000;\">Ata kan\u00eb b\u00ebr\u00eb thirrje p\u00ebr d\u00ebmshp\u00ebrblimin e tyre \u00ebr banesat e prishura dhe m\u00eb pas me vijimin e projektit.<\/span><\/p>\n<p><span style=\"color: #000000;\"><strong>Deklarata e k\u00ebshilltar\u00ebve t\u00eb LSI-s\u00eb<\/strong><\/span><\/p>\n<p><span style=\"color: #000000;\">Grupi i K\u00ebshilltar\u00ebve t\u00eb LSI n\u00eb Bashkin\u00eb e Tiran\u00ebs reagon sot me indinjat\u00eb p\u00ebr aktet anti demokratike dhe anti humane t\u00eb sulmeve me mjete luftarake helmuese dhe lot\u00ebsjell\u00ebse ndaj banor\u00ebve t\u00eb pambrojtur dhe t\u00eb pafajsh\u0113m f\u00ebmij\u00eb dhe pleq t\u00eb Bregut t\u00eb Lumit duke shembur n\u00eb m\u00ebnyr\u00eb \u00e7njer\u00ebzore banesat ku k\u00ebta qytetar\u00eb jetonin prej 20 vitesh.<\/span><\/p>\n<p><span style=\"color: #000000;\">P\u00ebr Grupin e K\u00ebshilltar\u00ebve t\u00eb LSI, kjo vendimarrje n\u00eb k\u00ebt\u00eb m\u00ebnyr\u00eb p\u00ebr shembjen pa d\u00ebmshp\u00ebrblim t\u00eb banesave \u00ebsht\u00eb n\u00eb shkelje me parimet dhe t\u00eb drejtat baz\u00eb kushtetuese dhe t\u00eb drejtat e njeriut.<\/span><\/p>\n<p><span style=\"color: #000000;\">K\u00ebshilltar\u00ebt e LSI e kan\u00eb ngritur n\u00eb m\u00ebnyr\u00eb t\u00eb p\u00ebrs\u00ebritur k\u00ebt\u00eb shqet\u00ebsim duke k\u00ebrkuar d\u00ebmshp\u00ebrblim t\u00eb drejt\u00eb dhe ligjor.<\/span><\/p>\n<p><span style=\"color: #000000;\">K\u00ebto banesa gjenden t\u00eb gjitha n\u00eb zon\u00ebn informale dhe banor\u00ebt e tyre kan\u00eb aplikuar p\u00ebr legalizim, por jan\u00eb p\u00ebrjashtuar nga kjo procedur\u00eb p\u00ebr shkak t\u00eb realizimit t projekti t\u00eb Bulevardit t\u00eb Ri, duke u diskriminuar n\u00eb krahasim me banor\u00ebt e tjer\u00eb t\u00eb legalizuar me nd\u00ebrtime dhe banesa gjithashtu n\u00eb zonat informale.<\/span><\/p>\n<p><span style=\"color: #000000;\">Mos d\u00ebmshp\u00ebrblimi i k\u00ebtyre banor\u00ebve, bie ndesh me Nenin 41 t\u00eb Kushtetut\u00ebs q\u00eb p\u00ebrcakton t\u00eb drejt\u00ebn e pron\u00ebs private t\u00eb garantuar.<\/span><\/p>\n<p><span style=\"color: #000000;\">Banor\u00ebt e Bregut t\u00eb Lumit, jan\u00eb n\u00ebn nj\u00eb trajtim t\u00eb diferencuar nga banor\u00ebt e tjer\u00eb t\u00eb 2 segmenteve t\u00eb para t\u00eb Bulevarit t\u00eb Ri, t\u00eb cil\u00ebt jan\u00eb d\u00ebmshp\u00ebrblyer sipas VKM Nr. 752 dat\u00eb 05.09.2013 p\u00ebr shpron\u00ebsimin p\u00ebr interes publik t\u00eb objekteve p\u00ebr Bulevardin e Ri dhe Reabilitimin e Lumit t\u00eb Tiran\u00ebs.<\/span><\/p>\n<p><span style=\"color: #000000;\">N\u00eb k\u00ebt\u00eb rast, kemi shkelje t\u00eb parimit kushtetues t\u00eb Nenit 18 t\u00eb Kushtetut\u00ebs t\u00eb barazis\u00eb p\u00ebrpara ligjit, pasi p\u00ebr t\u00eb nj\u00ebjtin objekt q\u00eb \u00ebsht\u00eb Bulevardi i Ri, nj\u00eb pjes\u00eb e banor\u00ebve d\u00ebmshp\u00ebrblehen dhe nj\u00eb pjes\u00eb jo, si dhe me Vendimin Nr. 183 dat\u00eb 28.04.2005 t\u00eb Kuvendit t\u00eb Shqip\u00ebris\u00eb q\u00eb miraton metodik\u00ebn e vler\u00ebsimit t\u00eb pasurive t\u00eb paluajtshme, kompesimin e tyre dhe metodik\u00ebn e vler\u00ebsimit t\u00eb k\u00ebsaj prone.<\/span><\/p>\n<p><span style=\"color: #000000;\">Veprimet e nd\u00ebrmarra sot n\u0113 m\u00ebnyr\u0113 brutale ndaj k\u00ebtyre banor\u00ebve, bien ndesh edhe me Nenin 1 t\u00eb Protokollit t\u00eb Konvent\u00ebs Europiane p\u00ebr t\u00eb Drejtat e Njeriut, ku \u00e7do qytetari duhet ti respektohet pasuria e tij dhe askujt nuk mund ti hiqet prona ve\u00e7se p\u00ebr dobi publike dhe n\u00eb kushtet e p\u00ebrcakuara nga ligjet dhe parimet e t\u00eb drejt\u00ebs nd\u00ebrkomb\u00ebtare. <\/span><\/p>\n<p><span style=\"color: #000000;\">Gjithashtu, edhe n\u00eb baz\u00eb t\u00eb parimit t\u00eb Gjykat\u00ebs s\u00eb Strasburgut q\u00eb cil\u00ebson se \u201cN\u00ebse shteti t\u00eb ka lejuar nj\u00eb nd\u00ebrtim, ke jetuar dhe besuar se je pronar n\u00eb rast se nd\u00ebrtesa prishet ke t\u00eb drejt\u00eb p\u00ebr d\u00ebmshp\u00ebrblim\u201d.<\/span><\/p>\n<p><span style=\"color: #000000;\">K\u00ebshilltar\u00ebt e LSI n\u00eb Bashkin\u00eb e Tiran\u00ebs k\u00ebrkojn\u00eb me vendosm\u00ebri d\u00ebmshp\u00ebrblim t\u00eb drejt\u00eb dhe t\u00eb merituar p\u00ebr shpron\u00ebsimin e p\u00ebr interes publik t\u00eb banesave t\u00eb zon\u00ebs s\u00eb Bregut t\u00eb Lumit, si dhe d\u00ebmshp\u00ebrblim p\u00ebr t\u00eb gjitha d\u00ebmet humane dhe materiale t\u00eb shkaktuara sot nga nd\u00ebrhyrja e policis\u00eb.<\/span><\/p>\n<p><span style=\"color: #000000;\">Ne besojm\u00eb q\u00eb e drejta p\u00ebr kompesim e mundit dhe p\u00ebrpjekjeve 28 vjecare t\u00eb k\u00ebtyre banor\u00ebve p\u00ebr banesat e familjeve dhe f\u00ebmijve t\u00eb tyre, \u00ebsht\u00eb e pamohueshme dhe k\u00ebrkojm\u00eb sa m\u00eb par\u00eb t\u00eb zgjidhjet n\u00eb t\u00eb mir\u00eb t\u00eb banor\u00ebve, ky shqet\u00ebsim tep\u00ebr jetik i tyre!<\/span><\/p>\n<p><img loading=\"lazy\" decoding=\"async\" class=\"aligncenter size-full wp-image-288655\" src=\"https:\/\/hashtag.al\/wp-content\/uploads\/2019\/04\/policia-banoret-e-bregut-640x302.png\" alt=\"\" width=\"640\" height=\"302\" srcset=\"https:\/\/www.hashtag.al\/wp-content\/uploads\/2019\/04\/policia-banoret-e-bregut-640x302.png 640w, https:\/\/www.hashtag.al\/wp-content\/uploads\/2019\/04\/policia-banoret-e-bregut-640x302-300x142.png 300w\" sizes=\"auto, (max-width: 640px) 100vw, 640px\" \/><\/p>\n","protected":false,"gt_translate_keys":[{"key":"rendered","format":"html"}]},"excerpt":{"rendered":"<p>Grupi i K\u00ebshilltar\u00ebve t\u00eb LSI n\u00eb Bashkin\u00eb e Tiran\u00ebs ka d\u00ebnuar dhun\u00ebn e ushtruar ndaj banor\u00ebve t\u00eb Bregut t\u00eb Lumit dhe prishjen e banesave t\u00eb tyre. Ata kan\u00eb b\u00ebr\u00eb thirrje p\u00ebr d\u00ebmshp\u00ebrblimin e tyre \u00ebr banesat e prishura dhe m\u00eb pas me vijimin e projektit. Deklarata e k\u00ebshilltar\u00ebve t\u00eb LSI-s\u00eb Grupi i K\u00ebshilltar\u00ebve t\u00eb LSI [&hellip;]<\/p>\n","protected":false,"gt_translate_keys":[{"key":"rendered","format":"html"}]},"author":51,"featured_media":288657,"comment_status":"open","ping_status":"open","sticky":false,"template":"","format":"standard","meta":{"footnotes":""},"categories":[65,13],"tags":[],"class_list":["post-288654","post","type-post","status-publish","format-standard","has-post-thumbnail","hentry","category-lajme","category-te-fundit"],"gt_translate_keys":[{"key":"link","format":"url"}],"_links":{"self":[{"href":"https:\/\/www.hashtag.al\/index.php\/wp-json\/wp\/v2\/posts\/288654","targetHints":{"allow":["GET"]}}],"collection":[{"href":"https:\/\/www.hashtag.al\/index.php\/wp-json\/wp\/v2\/posts"}],"about":[{"href":"https:\/\/www.hashtag.al\/index.php\/wp-json\/wp\/v2\/types\/post"}],"author":[{"embeddable":true,"href":"https:\/\/www.hashtag.al\/index.php\/wp-json\/wp\/v2\/users\/51"}],"replies":[{"embeddable":true,"href":"https:\/\/www.hashtag.al\/index.php\/wp-json\/wp\/v2\/comments?post=288654"}],"version-history":[{"count":0,"href":"https:\/\/www.hashtag.al\/index.php\/wp-json\/wp\/v2\/posts\/288654\/revisions"}],"wp:featuredmedia":[{"embeddable":true,"href":"https:\/\/www.hashtag.al\/index.php\/wp-json\/wp\/v2\/media\/288657"}],"wp:attachment":[{"href":"https:\/\/www.hashtag.al\/index.php\/wp-json\/wp\/v2\/media?parent=288654"}],"wp:term":[{"taxonomy":"category","embeddable":true,"href":"https:\/\/www.hashtag.al\/index.php\/wp-json\/wp\/v2\/categories?post=288654"},{"taxonomy":"post_tag","embeddable":true,"href":"https:\/\/www.hashtag.al\/index.php\/wp-json\/wp\/v2\/tags?post=288654"}],"curies":[{"name":"wp","href":"https:\/\/api.w.org\/{rel}","templated":true}]}}