{"id":288555,"date":"2019-04-09T12:49:51","date_gmt":"2019-04-09T10:49:51","guid":{"rendered":"https:\/\/hashtag.al\/?p=288555"},"modified":"2019-04-09T12:56:11","modified_gmt":"2019-04-09T10:56:11","slug":"dy-efektive-i-vene-shpatullat-kameres-me-video-si-e-penguan-gazetaren-te-raportoje-protesten-te-bregu-i-lumit","status":"publish","type":"post","link":"https:\/\/www.hashtag.al\/index.php\/2019\/04\/09\/dy-efektive-i-vene-shpatullat-kameres-me-video-si-e-penguan-gazetaren-te-raportoje-protesten-te-bregu-i-lumit\/","title":{"rendered":"Dy efektiv\u00eb i v\u00ebn\u00eb shpatullat kamer\u00ebs, me video si e penguan gazetaren t\u00eb raportoj\u00eb protest\u00ebn te Bregu i Lumit","gt_translate_keys":[{"key":"rendered","format":"text"}]},"content":{"rendered":"<p><span style=\"color: #000000;\"><img loading=\"lazy\" decoding=\"async\" class=\"aligncenter size-full wp-image-288558\" src=\"https:\/\/hashtag.al\/wp-content\/uploads\/2019\/04\/Bezat.png\" alt=\"\" width=\"765\" height=\"503\" srcset=\"https:\/\/www.hashtag.al\/wp-content\/uploads\/2019\/04\/Bezat.png 765w, https:\/\/www.hashtag.al\/wp-content\/uploads\/2019\/04\/Bezat-300x197.png 300w\" sizes=\"auto, (max-width: 765px) 100vw, 765px\" \/><\/span><\/p>\n<p><span style=\"color: #000000;\">Dita sotme u shoq\u00ebrua me tensione e p\u00ebrplasje mes policis\u00eb dhe banor\u00ebve t\u00eb Bregut t\u00eb Lumit t\u00eb cil\u00ebt kund\u00ebrshtuan shembjen e banesave t\u00eb tyre.<\/span><\/p>\n<p><span style=\"color: #000000;\">Por efektiv\u00ebt e policis\u00eb, nuk jan\u00eb p\u00ebrplasur vet\u00ebm me banor\u00ebt por edhe me gazetar\u00ebt q\u00eb donin t\u00eb raportonin nga vendngjarja.<\/span><\/p>\n<p><span style=\"color: #000000;\">Dy prej efektiv\u00ebve i kan\u00eb bllokuar kamerat dhe kan\u00eb debatuar me gazetaren Doriana Bezat. N\u00eb momentin kur gazetarja po transmetonte live, dy efektiv\u00eb i kan\u00eb dal\u00eb para duke bllokuar kamer\u00ebn me supe dhe i kan\u00eb k\u00ebrkuar t\u00eb largohet urgjentisht, duke e k\u00ebrc\u00ebnuar se do ta ndalonin s\u00ebbashku me operatorin. Sipas polic\u00ebve e gjith\u00eb kjo b\u00ebhet vet\u00ebm p\u00ebr arsye sigurie, por sipas gazetares vet\u00ebm mediat nuk lejohet t\u00eb kalojn\u00eb pasi kalimtar\u00eb t\u00eb rastit nuk ndalohen.<\/span><\/p>\n<div style=\"width: 640px;\" class=\"wp-video\"><video class=\"wp-video-shortcode\" id=\"video-288555-1\" width=\"640\" height=\"352\" preload=\"metadata\" controls=\"controls\"><source type=\"video\/mp4\" src=\"https:\/\/hashtag.al\/wp-content\/uploads\/2019\/04\/N\u00eb-diktatur\u00eb-Polic\u00ebt-k\u00ebrc\u00ebnojn\u00eb-gazetar\u00ebt-Syri-Lajmi-i-fundit-1-1.mp4?_=1\" \/><a href=\"https:\/\/hashtag.al\/wp-content\/uploads\/2019\/04\/N\u00eb-diktatur\u00eb-Polic\u00ebt-k\u00ebrc\u00ebnojn\u00eb-gazetar\u00ebt-Syri-Lajmi-i-fundit-1-1.mp4\">https:\/\/hashtag.al\/wp-content\/uploads\/2019\/04\/N\u00eb-diktatur\u00eb-Polic\u00ebt-k\u00ebrc\u00ebnojn\u00eb-gazetar\u00ebt-Syri-Lajmi-i-fundit-1-1.mp4<\/a><\/video><\/div>\n","protected":false,"gt_translate_keys":[{"key":"rendered","format":"html"}]},"excerpt":{"rendered":"<p>Dita sotme u shoq\u00ebrua me tensione e p\u00ebrplasje mes policis\u00eb dhe banor\u00ebve t\u00eb Bregut t\u00eb Lumit t\u00eb cil\u00ebt kund\u00ebrshtuan shembjen e banesave t\u00eb tyre. Por efektiv\u00ebt e policis\u00eb, nuk jan\u00eb p\u00ebrplasur vet\u00ebm me banor\u00ebt por edhe me gazetar\u00ebt q\u00eb donin t\u00eb raportonin nga vendngjarja. Dy prej efektiv\u00ebve i kan\u00eb bllokuar kamerat dhe kan\u00eb debatuar me [&hellip;]<\/p>\n","protected":false,"gt_translate_keys":[{"key":"rendered","format":"html"}]},"author":30,"featured_media":288558,"comment_status":"open","ping_status":"open","sticky":false,"template":"","format":"standard","meta":{"footnotes":""},"categories":[65,13],"tags":[],"class_list":["post-288555","post","type-post","status-publish","format-standard","has-post-thumbnail","hentry","category-lajme","category-te-fundit"],"gt_translate_keys":[{"key":"link","format":"url"}],"_links":{"self":[{"href":"https:\/\/www.hashtag.al\/index.php\/wp-json\/wp\/v2\/posts\/288555","targetHints":{"allow":["GET"]}}],"collection":[{"href":"https:\/\/www.hashtag.al\/index.php\/wp-json\/wp\/v2\/posts"}],"about":[{"href":"https:\/\/www.hashtag.al\/index.php\/wp-json\/wp\/v2\/types\/post"}],"author":[{"embeddable":true,"href":"https:\/\/www.hashtag.al\/index.php\/wp-json\/wp\/v2\/users\/30"}],"replies":[{"embeddable":true,"href":"https:\/\/www.hashtag.al\/index.php\/wp-json\/wp\/v2\/comments?post=288555"}],"version-history":[{"count":0,"href":"https:\/\/www.hashtag.al\/index.php\/wp-json\/wp\/v2\/posts\/288555\/revisions"}],"wp:featuredmedia":[{"embeddable":true,"href":"https:\/\/www.hashtag.al\/index.php\/wp-json\/wp\/v2\/media\/288558"}],"wp:attachment":[{"href":"https:\/\/www.hashtag.al\/index.php\/wp-json\/wp\/v2\/media?parent=288555"}],"wp:term":[{"taxonomy":"category","embeddable":true,"href":"https:\/\/www.hashtag.al\/index.php\/wp-json\/wp\/v2\/categories?post=288555"},{"taxonomy":"post_tag","embeddable":true,"href":"https:\/\/www.hashtag.al\/index.php\/wp-json\/wp\/v2\/tags?post=288555"}],"curies":[{"name":"wp","href":"https:\/\/api.w.org\/{rel}","templated":true}]}}