{"id":288537,"date":"2019-04-09T11:59:54","date_gmt":"2019-04-09T09:59:54","guid":{"rendered":"https:\/\/hashtag.al\/?p=288537"},"modified":"2019-04-09T13:12:39","modified_gmt":"2019-04-09T11:12:39","slug":"oktapodi-te-gjithe-emrat-me-te-cilet-rama-po-kap-drejtesine","status":"publish","type":"post","link":"https:\/\/www.hashtag.al\/index.php\/2019\/04\/09\/oktapodi-te-gjithe-emrat-me-te-cilet-rama-po-kap-drejtesine\/","title":{"rendered":"\u201cOktapodi\u201d &#8211; T\u00eb gjith\u00eb emrat me t\u00eb cil\u00ebt Rama po kap drejt\u00ebsin\u00eb","gt_translate_keys":[{"key":"rendered","format":"text"}]},"content":{"rendered":"<p><img loading=\"lazy\" decoding=\"async\" class=\"aligncenter size-full wp-image-288538\" src=\"https:\/\/hashtag.al\/wp-content\/uploads\/2019\/04\/ramaaaaa-1-696x442.jpg\" alt=\"\" width=\"696\" height=\"442\" srcset=\"https:\/\/www.hashtag.al\/wp-content\/uploads\/2019\/04\/ramaaaaa-1-696x442.jpg 696w, https:\/\/www.hashtag.al\/wp-content\/uploads\/2019\/04\/ramaaaaa-1-696x442-300x191.jpg 300w\" sizes=\"auto, (max-width: 696px) 100vw, 696px\" \/><\/p>\n<p><span style=\"color: #000000;\">Skeptik\u00eb t\u00eb shumt\u00eb e parashikuan para dy vitesh se Reforma n\u00eb Drejt\u00ebsi nuk ishte gj\u00eb tjet\u00ebr ve\u00e7se nj\u00eb operacion \u201ci kuruar mir\u00eb\u201d nga Edi Rama dhe i mb\u00ebshtetur nga disa zyrtar\u00eb t\u00eb EURALIUS e OPDAT, me q\u00ebllim kapjen e drejt\u00ebsis\u00eb nga maxhoranca socialiste.<\/span><\/p>\n<p><span style=\"color: #000000;\">Ky parashikim sfidues po konfirmohet dita-dit\u00ebs. \u201cReforma\u201d po shkon drejt nj\u00eb \u201cpolitike kuadri\u201d, ku hiqen disa emra me procesin e Vetingut, p\u00ebr t\u2019u z\u00ebvend\u00ebsuar me disa t\u00eb tjer\u00eb, t\u00eb cil\u00ebt kan\u00eb lidhje t\u00eb dukshme me eksponent\u00eb t\u00eb lart\u00eb t\u00eb Partis\u00eb Socialiste.<\/span><\/p>\n<p><span style=\"color: #000000;\"><span style=\"color: #0000ff;\"><a style=\"color: #0000ff;\" href=\"https:\/\/boldnews.al\/2019\/04\/09\/oktapodi-te-gjithe-emrat-me-te-cilet-rama-po-kap-drejtesine-video\/\">\u201cBoldnews.al\u201d<\/a> <\/span>ka hartuar nj\u00eb list\u00eb em\u00ebrore t\u00eb zyrtar\u00ebve t\u00eb zgjedhur apo kandidat\u00eb p\u00ebr n\u00eb institucionet e drejt\u00ebsis\u00eb, t\u00eb cil\u00ebt kan\u00eb lidhje t\u00eb dukshme me \u201cRilindjen\u201d socialiste t\u00eb kryeministrit Edi Rama.<\/span><\/p>\n<div style=\"width: 400px;\" class=\"wp-video\"><video class=\"wp-video-shortcode\" id=\"video-288537-1\" width=\"400\" height=\"224\" preload=\"metadata\" controls=\"controls\"><source type=\"video\/mp4\" src=\"https:\/\/hashtag.al\/wp-content\/uploads\/2019\/04\/getfvid_57134294_638432669915888_3952240171478417408_n.mp4?_=1\" \/><a href=\"https:\/\/hashtag.al\/wp-content\/uploads\/2019\/04\/getfvid_57134294_638432669915888_3952240171478417408_n.mp4\">https:\/\/hashtag.al\/wp-content\/uploads\/2019\/04\/getfvid_57134294_638432669915888_3952240171478417408_n.mp4<\/a><\/video><\/div>\n<p><strong><span style=\"color: #000000;\">Prokuroria<\/span><\/strong><\/p>\n<p><span style=\"color: #000000;\">\u201cReforma n\u00eb Drejt\u00ebsi\u201d nisi me k\u00ebmb\u00ebn e gabuar, kur maxhoranca socialiste, vet\u00ebm me 69 votat e saj, zgjodhi Arta Markun n\u00eb postin e Prokurorit t\u00eb P\u00ebrgjithsh\u00ebm (t\u00eb P\u00ebrkohsh\u00ebm), nj\u00eb pozicion q\u00eb nuk njihet me em\u00ebrtimin e till\u00eb as n\u00eb Kushtetut\u00eb dhe as n\u00eb ligjet e tjera.<\/span><\/p>\n<p><span style=\"color: #000000;\"><strong>Arta Marku\u00a0<\/strong>njihet si lidhje e ngusht\u00eb shoq\u00ebrore e kryetarit t\u00eb Komisionit t\u00eb Ligjeve, socialistit <strong>Ulsi Manja<\/strong>. Deputeti i sot\u00ebm ka qen\u00eb titullar i Arta Markut, kur ata t\u00eb dy ishin koleg\u00eb n\u00eb Prokurorin\u00eb e Shkodr\u00ebs. Marku mori detyr\u00ebn edhe pas \u201cbekimit\u201d t\u00eb dh\u00ebn\u00eb nga deputetja tjet\u00ebr socialiste e Komisionit t\u00eb Ligjeve, <strong>Ermonela Felaj<\/strong>. T\u00eb dyja kan\u00eb njohje t\u00eb hershme, pasi kan\u00eb qen\u00eb n\u00eb nj\u00eb kurs n\u00eb Shkoll\u00ebn e Magjistratur\u00ebs.<\/span><\/p>\n<p><span style=\"color: #000000;\">Me bekimin e deputet\u00ebve t\u00eb maxhoranc\u00ebs, Arta Marku realizon disa ndryshime anti-ligjore n\u00eb strukturat drejtuese t\u00eb Prokuroris\u00eb. L\u00ebvizja m\u00eb e komentuar \u00ebsht\u00eb \u201cem\u00ebrimi\u201d i paligjsh\u00ebm i Donika Prel\u00ebs, n\u00eb krye t\u00eb Prokuroris\u00eb p\u00ebr Krime t\u00eb R\u00ebnda.<\/span><\/p>\n<p><span style=\"color: #000000;\"><strong>Donika Prela<\/strong>, nga ana e saj, njihet si person i investuar n\u00eb karrier\u00eb nga <strong>Gramoz Ru\u00e7i<\/strong>, figur\u00eb ky\u00e7e n\u00eb Partin\u00eb Socialiste dhe nj\u00ebkoh\u00ebsisht Kryetar i Parlamentit t\u00eb Shqip\u00ebris\u00eb.<\/span><\/p>\n<p><strong><span style=\"color: #000000;\">K\u00ebshilli i Lart\u00eb i Prokuroris\u00eb<\/span><\/strong><\/p>\n<p><span style=\"color: #000000;\">N\u00eb K\u00ebshillin e Lart\u00eb t\u00eb Prokuroris\u00eb (KLP), maxhoranca socialiste zgjodhi, vet\u00ebm me votat e saj, kryetarin dhe zv.kryetarin e institucionit t\u00eb ri, i cili ka p\u00ebr detyr\u00eb t\u00eb zgjedh\u00eb Prokurorin e P\u00ebrgjithsh\u00ebm me mandat t\u00eb plot\u00eb, prokuror\u00ebt e SPAK-ut, si edhe ka n\u00eb dor\u00eb karrier\u00ebn e t\u00eb gjith\u00eb prokuror\u00ebve.<\/span><\/p>\n<p><span style=\"color: #000000;\">N\u00eb krye t\u00eb KLP-s\u00eb, i zgjedhur nga maxhoranca \u00ebsht\u00eb <strong>Gent Ibrahimi<\/strong>, kunati i deputetes s\u00eb r\u00ebnd\u00ebsishme t\u00eb Partis\u00eb Socialiste, <strong>Mimi Kodheli<\/strong>.<\/span><\/p>\n<p><span style=\"color: #000000;\">P\u00ebr Gent Ibrahimin dhe z\u00ebvend\u00ebsin e tij, Alfred Balla, Operacioni Nd\u00ebrkomb\u00ebtar i Monitorimit ka konstatuar se ata nuk plot\u00ebsojn\u00eb kriteret p\u00ebr t\u00eb qen\u00eb an\u00ebtar t\u00eb K\u00ebshillit t\u00eb Lart\u00eb t\u00eb Prokuroris\u00eb, si\u00e7 ka raportuar m\u00eb par\u00eb \u201cBoldnews.al\u201d.<\/span><\/p>\n<p><span style=\"color: #000000;\">Gjithashtu, n\u00eb KLP jan\u00eb edhe dy an\u00ebtar\u00eb t\u00eb tjer\u00eb, <strong>Nurihan Seiti<\/strong> dhe <strong>Bujar Sheshi<\/strong>, me lidhje t\u00eb vjetra me t\u00eb majt\u00ebn shqiptare. P\u00ebr k\u00ebta dy an\u00ebtar\u00eb, Autoriteti i Dosjeve ka konstatuar se kan\u00eb qen\u00eb \u201cbashk\u00ebpun\u00ebtor\u201d apo q\u00eb figurojn\u00eb n\u00eb dokumentat e ish-Sigurimit t\u00eb Shtetit.<\/span><\/p>\n<p><span style=\"color: #000000;\">Nd\u00ebrkoh\u00eb, 3 an\u00ebtar\u00eb t\u00eb KLP nga radh\u00ebt e Prokuroris\u00eb, <strong>Gentian Osmani<\/strong>, <strong>Arben Dollapaj<\/strong> dhe <strong>Besnik Cani<\/strong> nuk i kan\u00eb mbyllur ende llogarit\u00eb me procesin e Vetingut. Maxhoranca socialiste e ka leht\u00ebsisht t\u00eb kontrollueshme vendimmarrjen e k\u00ebtyre 3 an\u00ebtar\u00ebve, n\u00ebp\u00ebrmjet mekanizmave t\u00eb strukturave t\u00eb Vetingut.<\/span><\/p>\n<p><strong><span style=\"color: #000000;\">K\u00ebshilli i Lart\u00eb Gjyq\u00ebsor<\/span><\/strong><\/p>\n<p><span style=\"color: #000000;\">K\u00ebshilli i Lart\u00eb Gjyq\u00ebsor (KLGJ) \u00ebsht\u00eb struktura q\u00eb trajton karrier\u00ebn e gjyqtar\u00ebve n\u00eb Republik\u00ebn e Shqip\u00ebris\u00eb, si edhe p\u00ebrgjegj\u00ebse p\u00ebr p\u00ebrzgjedhjen e kandidaturave p\u00ebr an\u00ebtar\u00eb t\u00eb Gjykat\u00ebs s\u00eb Posa\u00e7me Antikorrupsion.<\/span><\/p>\n<p><span style=\"color: #000000;\"><strong>Naureda Llagami<\/strong>, kryetare e K\u00ebshillit t\u00eb Lart\u00eb Gjyq\u00ebsor (KLGJ), njihet si lidhje e ngusht\u00eb e deputetes s\u00eb Partis\u00eb Socialiste n\u00eb Komisionin e Ligjeve, <strong>Klotilda Bushka<\/strong> (Ferhati), si edhe Ajola Xoxas, bashk\u00ebshorte e kryebashkiakut t\u00eb majt\u00eb t\u00eb Tiran\u00ebs, Erion Veliaj.<\/span><\/p>\n<p><span style=\"color: #000000;\">Llagami \u00ebsht\u00eb p\u00ebrzgjedhur si an\u00ebtare e KLGJ me votat e maxhoranc\u00ebs socialiste, pavar\u00ebsisht se nuk plot\u00ebsonte kriteret ligjore. Ajo u kandidua si p\u00ebrfaq\u00ebsuese e shoq\u00ebris\u00eb civile, nd\u00ebrkoh\u00eb q\u00eb nuk plot\u00ebsonte kushtin q\u00eb t\u00eb kishte qen\u00eb 5 vitet e fundit aktive (deri n\u00eb vitin 2016 ka qen\u00eb ndihm\u00ebs\/ligjore n\u00eb Gjykat\u00ebn e Lart\u00eb).<\/span><\/p>\n<p><span style=\"color: #000000;\">An\u00ebtarja e KLGJ, <strong>Fatmira Luli,<\/strong> ka qen\u00eb gjyqtare n\u00eb proceset politike, gjat\u00eb periudh\u00ebs s\u00eb komunizmit n\u00eb Shqip\u00ebri. Bashk\u00ebshorti i saj, prokurori <strong>Kujtim Luli<\/strong>, para viteve \u201990, ka qen\u00eb hetues dhe n\u00eb t\u00eb nj\u00ebjt\u00ebn zyr\u00eb me <strong>Fatmir Xhafaj<\/strong>, eksponent i r\u00ebnd\u00ebsish\u00ebm socialist dhe \u201ci vet\u00eb-konsideruar\u201d si \u201cbabai i Reform\u00ebn n\u00eb Drejt\u00ebsi\u201d<\/span><\/p>\n<p><span style=\"color: #000000;\"><strong>Erjon Muharremaj<\/strong>, an\u00ebtar i KLGJ, \u00ebsht\u00eb person i angazhuar politikisht pran\u00eb Partis\u00eb Socialiste. Ai \u00ebsht\u00eb zgjedhur n\u00eb k\u00ebt\u00eb organ si p\u00ebrfaq\u00ebsues nga fusha akademike, si pedagog i Fakultetit t\u00eb Drejt\u00ebsis\u00eb n\u00eb Tiran\u00eb. Pak koh\u00eb m\u00eb par\u00eb, media ka publikuar mesazhe elektronike q\u00eb ai i drejtonte student\u00ebve t\u00eb Fakultetit t\u00eb Drejt\u00ebsis\u00eb p\u00ebr t\u2019u angazhuar me artikuj tek revista politike e Fondacionit \u201cQemal Stafa\u201d, t\u00eb Partis\u00eb Socialiste.<\/span><\/p>\n<p><strong><span style=\"color: #000000;\">K\u00ebshilli i Em\u00ebrimeve n\u00eb Drejt\u00ebsi<\/span><\/strong><\/p>\n<p><span style=\"color: #000000;\">K\u00ebshilli i Em\u00ebrimeve n\u00eb Drejt\u00ebsi (KED), struktur\u00eb e p\u00ebrkohshme q\u00eb ka p\u00ebrgjegj\u00ebsi p\u00ebr p\u00ebrzgjedhjen e kandidaturave p\u00ebr n\u00eb Gjykat\u00ebn Kushtetutese dhe t\u00eb Inspektorit t\u00eb Lart\u00eb t\u00eb Drejt\u00ebsis\u00eb, drejtohet nga gjyqtari <strong>Ardian Dvorani<\/strong>, lidhje e fuqishme e Partis\u00eb Socialiste n\u00eb sistemin gjyq\u00ebsor shqiptar.<\/span><\/p>\n<p><span style=\"color: #000000;\">An\u00ebtare e KED \u00ebsht\u00eb gjithashtu edhe Kryeprokurorja e P\u00ebrkohshme, Arta Marku, e cila, si\u00e7 u citua m\u00eb lart, \u00ebsht\u00eb zgjedhur vet\u00ebm me 69 votat e Partis\u00eb Socialiste.<\/span><\/p>\n<p><strong><span style=\"color: #000000;\">Kandidat\u00ebt p\u00ebr Inspektor t\u00eb Lart\u00eb t\u00eb Drejt\u00ebsis\u00eb<\/span><\/strong><\/p>\n<p><span style=\"color: #000000;\">Inspektori i Lart\u00eb i Drejt\u00ebsis\u00eb \u00ebsht\u00eb institucioni m\u00eb i r\u00ebnd\u00ebsish\u00ebm p\u00ebr kontrollin profesional t\u00eb t\u00eb gjith\u00eb gjyqtar\u00ebve dhe prokuror\u00ebve n\u00eb Republik\u00ebn e Shqip\u00ebris\u00eb.<\/span><\/p>\n<p><span style=\"color: #000000;\">Aplikant\u00ebt p\u00ebr postin e Inspektorit t\u00eb Lart\u00eb t\u00eb Drejt\u00ebsis\u00eb verifikohen nga K\u00ebshilli i Em\u00ebrimeve n\u00eb Drejt\u00ebsi. Aktualisht \u00ebsht\u00eb hapur gara p\u00ebr Inspektorin e Drejt\u00ebsis\u00eb dhe kan\u00eb kandiduar 12 an\u00ebtar\u00eb, nj\u00eb pjes\u00eb e t\u00eb cil\u00ebve me lidhje t\u00eb forta me Partin\u00eb Socialiste.<\/span><\/p>\n<p><span style=\"color: #000000;\"><strong>Artur Metani<\/strong>\u00a0\u00ebsht\u00eb nj\u00eb prej kandidat\u00ebve p\u00ebr Inspektor t\u00eb Lart\u00eb t\u00eb Drejt\u00ebsis\u00eb. Ai \u00ebsht\u00eb aktualisht Avokat i Shtetit. Ka qen\u00eb Drejtor n\u00eb Kabinetin e Edi Ram\u00ebs gjat\u00eb mandatit t\u00eb par\u00eb t\u00eb tij (2013-2017). Metani \u00ebsht\u00eb nj\u00ebkoh\u00ebsisht v\u00ebllai i <strong>Eglantina Gjermeni<\/strong>, eksponente e lart\u00eb e Partis\u00eb Socialiste, ministre n\u00eb mandatin e par\u00eb t\u00eb Edi Ram\u00ebs.<\/span><\/p>\n<p><span style=\"color: #000000;\"><strong>Elira Kokona<\/strong>\u00a0\u00ebsht\u00eb nj\u00eb tjet\u00ebr kandidate p\u00ebr postin e Kryeinspektorit t\u00eb Drejt\u00ebsis\u00eb. Kokona \u00ebsht\u00eb Drejtore e Legjislacionit n\u00eb K\u00ebshillin e Ministrave. Ajo ka qen\u00eb edhe Sekretare e P\u00ebrgjithshme e Ministris\u00eb s\u00eb Kultur\u00ebs n\u00eb mandatin e par\u00eb qeveris\u00ebs t\u00eb Edi Ram\u00ebs.<\/span><\/p>\n<p><span style=\"color: #000000;\"><strong>Genc Gjon\u00e7aj<\/strong>, kandidat p\u00ebr Kryeinspektor t\u00eb Drejt\u00ebsis\u00eb, \u00ebsht\u00eb Sekretar i P\u00ebrgjithsh\u00ebm i Parlamentit, n\u00ebn var\u00ebsin\u00eb e Gramoz Ru\u00e7it. Gjon\u00e7aj ka qen\u00eb p\u00ebrfaq\u00ebsues i Partis\u00eb Socialiste n\u00eb Komisionin Qendror t\u00eb Zgjedhjeve e m\u00eb pas Sekretar i P\u00ebrgjithsh\u00ebm n\u00eb Ministrin\u00eb e Brendshme, n\u00eb koh\u00ebn q\u00eb institucioni drejtohej nga <strong>Saimir Tahiri<\/strong>, aktualisht n\u00eb gjykim p\u00ebr bashk\u00ebpunimin kriminal me Habilajt.<\/span><\/p>\n<p><span style=\"color: #000000;\"><strong>Klodian Rado<\/strong>,\u00a0kandidat p\u00ebr Inspektor t\u00eb Lart\u00eb t\u00eb Drejt\u00ebsis\u00eb dhe p\u00ebr an\u00ebtar t\u00eb Gjykat\u00ebs Kushtetuese, njihet si person me lidhje t\u00eb forta n\u00eb Partin\u00eb Socialiste.<\/span><\/p>\n<p><strong><span style=\"color: #000000;\"><span style=\"color: #ff0000;\">VINI RE:<\/span> Ky artikull \u00ebsht\u00eb pron\u00eb intelektuale e <span style=\"color: #0000ff;\"><a style=\"color: #0000ff;\" href=\"https:\/\/boldnews.al\/2019\/04\/09\/oktapodi-te-gjithe-emrat-me-te-cilet-rama-po-kap-drejtesine-video\/\">BoldNews.al<\/a><\/span><\/span><\/strong><\/p>\n","protected":false,"gt_translate_keys":[{"key":"rendered","format":"html"}]},"excerpt":{"rendered":"<p>Skeptik\u00eb t\u00eb shumt\u00eb e parashikuan para dy vitesh se Reforma n\u00eb Drejt\u00ebsi nuk ishte gj\u00eb tjet\u00ebr ve\u00e7se nj\u00eb operacion \u201ci kuruar mir\u00eb\u201d nga Edi Rama dhe i mb\u00ebshtetur nga disa zyrtar\u00eb t\u00eb EURALIUS e OPDAT, me q\u00ebllim kapjen e drejt\u00ebsis\u00eb nga maxhoranca socialiste. Ky parashikim sfidues po konfirmohet dita-dit\u00ebs. \u201cReforma\u201d po shkon drejt nj\u00eb \u201cpolitike [&hellip;]<\/p>\n","protected":false,"gt_translate_keys":[{"key":"rendered","format":"html"}]},"author":30,"featured_media":288539,"comment_status":"open","ping_status":"open","sticky":false,"template":"","format":"standard","meta":{"footnotes":""},"categories":[22,65,13],"tags":[],"class_list":["post-288537","post","type-post","status-publish","format-standard","has-post-thumbnail","hentry","category-ballina","category-lajme","category-te-fundit"],"gt_translate_keys":[{"key":"link","format":"url"}],"_links":{"self":[{"href":"https:\/\/www.hashtag.al\/index.php\/wp-json\/wp\/v2\/posts\/288537","targetHints":{"allow":["GET"]}}],"collection":[{"href":"https:\/\/www.hashtag.al\/index.php\/wp-json\/wp\/v2\/posts"}],"about":[{"href":"https:\/\/www.hashtag.al\/index.php\/wp-json\/wp\/v2\/types\/post"}],"author":[{"embeddable":true,"href":"https:\/\/www.hashtag.al\/index.php\/wp-json\/wp\/v2\/users\/30"}],"replies":[{"embeddable":true,"href":"https:\/\/www.hashtag.al\/index.php\/wp-json\/wp\/v2\/comments?post=288537"}],"version-history":[{"count":0,"href":"https:\/\/www.hashtag.al\/index.php\/wp-json\/wp\/v2\/posts\/288537\/revisions"}],"wp:featuredmedia":[{"embeddable":true,"href":"https:\/\/www.hashtag.al\/index.php\/wp-json\/wp\/v2\/media\/288539"}],"wp:attachment":[{"href":"https:\/\/www.hashtag.al\/index.php\/wp-json\/wp\/v2\/media?parent=288537"}],"wp:term":[{"taxonomy":"category","embeddable":true,"href":"https:\/\/www.hashtag.al\/index.php\/wp-json\/wp\/v2\/categories?post=288537"},{"taxonomy":"post_tag","embeddable":true,"href":"https:\/\/www.hashtag.al\/index.php\/wp-json\/wp\/v2\/tags?post=288537"}],"curies":[{"name":"wp","href":"https:\/\/api.w.org\/{rel}","templated":true}]}}