{"id":288533,"date":"2019-04-09T11:52:32","date_gmt":"2019-04-09T09:52:32","guid":{"rendered":"https:\/\/hashtag.al\/?p=288533"},"modified":"2019-04-09T11:53:17","modified_gmt":"2019-04-09T09:53:17","slug":"7-te-plagosur-te-bregu-i-lumit-gruaja-kam-dhimbje-te-madhe-video","status":"publish","type":"post","link":"https:\/\/www.hashtag.al\/index.php\/2019\/04\/09\/7-te-plagosur-te-bregu-i-lumit-gruaja-kam-dhimbje-te-madhe-video\/","title":{"rendered":"7 t\u00eb plagosur te Bregu i Lumit, gruaja: Kam dhimbje t\u00eb madhe (VIDEO)","gt_translate_keys":[{"key":"rendered","format":"text"}]},"content":{"rendered":"<p><img loading=\"lazy\" decoding=\"async\" class=\"aligncenter size-full wp-image-288534\" src=\"https:\/\/hashtag.al\/wp-content\/uploads\/2019\/04\/spital.jpg\" alt=\"\" width=\"942\" height=\"840\" srcset=\"https:\/\/www.hashtag.al\/wp-content\/uploads\/2019\/04\/spital.jpg 942w, https:\/\/www.hashtag.al\/wp-content\/uploads\/2019\/04\/spital-300x268.jpg 300w, https:\/\/www.hashtag.al\/wp-content\/uploads\/2019\/04\/spital-768x685.jpg 768w\" sizes=\"auto, (max-width: 942px) 100vw, 942px\" \/><\/p>\n<p><span style=\"color: #000000;\">Paraditen e sotme pati p\u00ebrplasje mes policis\u00eb dhe banor\u00ebve t\u00eb Bregut t\u00eb Lumit, t\u00eb cil\u00ebve po u shemben sht\u00ebpit\u00eb n\u00eb kuad\u00ebr t\u00eb zgjatimit t\u00eb Bulevardit t\u00eb Ri. Policia p\u00ebrdori forc\u00ebn p\u00ebr t&#8217;i p\u00ebrz\u00ebn\u00eb banor\u00ebt nga sht\u00ebpit\u00eb e tyre si edhe gazlotsjell\u00ebs.<\/span><\/p>\n<p><span style=\"color: #000000;\">Banor\u00ebt nga ana tjet\u00ebr u p\u00ebrgjigj\u00ebn me gur\u00eb. Si pasoj\u00eb, pati t\u00eb l\u00ebnduar nga t\u00eb dyja pal\u00ebt. <\/span><span style=\"color: #000000;\">Sakaq \u00ebsht\u00eb zbuluar identiteti i personave t\u00eb cil\u00ebt ndodhen sot n\u00eb urgjenc\u00ebn e spitalit t\u00eb Traum\u00ebs.<\/span><\/p>\n<p><strong><span style=\"color: #000000;\">Polic\u00eb<\/span><\/strong><\/p>\n<p><span style=\"color: #000000;\">Gerald Shabani- goditje n\u00eb kok\u00eb<\/span><\/p>\n<p><span style=\"color: #000000;\">Bledar Deliu- goditje n\u00eb parakrah<\/span><\/p>\n<p><span style=\"color: #000000;\">Arben Canaku- goditje n\u00eb dor\u00eb<\/span><\/p>\n<p><strong><span style=\"color: #000000;\">Protestuesit<\/span><\/strong><\/p>\n<p><span style=\"color: #000000;\">Hazur Manderi- shembje n\u00eb kok\u00eb<\/span><\/p>\n<p><span style=\"color: #000000;\">Flora- Mandri- shembje n\u00eb gju<\/span><\/p>\n<p><span style=\"color: #000000;\">Xhabir Mandri dhe Destan Muca d\u00ebmtime t\u00eb lehta<\/span><\/p>\n<p><span style=\"color: #000000;\">Nj\u00eb nga banoret e shtruara n\u00eb spital, Flora \u00ebsht\u00eb vizituar nga ish-deputeti i PD-s\u00eb, Klevis Balliu.<\/span><\/p>\n<p><span style=\"color: #000000;\"><em>\u201cNa kan\u00eb hedhur gaz n\u00eb koh\u00ebn q\u00eb na kan\u00eb marr\u00eb neve n\u00eb polici lart. At\u00ebher\u00eb e kan\u00eb hedhur gazin. Un\u00eb kam dhimbje t\u00eb madhe p\u00ebr Zotin\u201d<\/em>, thot\u00eb zonja e cila gjendet n\u00eb spital.<\/span><\/p>\n<div style=\"width: 226px;\" class=\"wp-video\"><video class=\"wp-video-shortcode\" id=\"video-288533-1\" width=\"226\" height=\"400\" preload=\"metadata\" controls=\"controls\"><source type=\"video\/mp4\" src=\"https:\/\/hashtag.al\/wp-content\/uploads\/2019\/04\/getfvid_57209802_334710660725182_5516888210426298368_n.mp4?_=1\" \/><a href=\"https:\/\/hashtag.al\/wp-content\/uploads\/2019\/04\/getfvid_57209802_334710660725182_5516888210426298368_n.mp4\">https:\/\/hashtag.al\/wp-content\/uploads\/2019\/04\/getfvid_57209802_334710660725182_5516888210426298368_n.mp4<\/a><\/video><\/div>\n","protected":false,"gt_translate_keys":[{"key":"rendered","format":"html"}]},"excerpt":{"rendered":"<p>Paraditen e sotme pati p\u00ebrplasje mes policis\u00eb dhe banor\u00ebve t\u00eb Bregut t\u00eb Lumit, t\u00eb cil\u00ebve po u shemben sht\u00ebpit\u00eb n\u00eb kuad\u00ebr t\u00eb zgjatimit t\u00eb Bulevardit t\u00eb Ri. Policia p\u00ebrdori forc\u00ebn p\u00ebr t&#8217;i p\u00ebrz\u00ebn\u00eb banor\u00ebt nga sht\u00ebpit\u00eb e tyre si edhe gazlotsjell\u00ebs. Banor\u00ebt nga ana tjet\u00ebr u p\u00ebrgjigj\u00ebn me gur\u00eb. Si pasoj\u00eb, pati t\u00eb l\u00ebnduar nga [&hellip;]<\/p>\n","protected":false,"gt_translate_keys":[{"key":"rendered","format":"html"}]},"author":30,"featured_media":288534,"comment_status":"open","ping_status":"open","sticky":false,"template":"","format":"standard","meta":{"footnotes":""},"categories":[65,13],"tags":[],"class_list":["post-288533","post","type-post","status-publish","format-standard","has-post-thumbnail","hentry","category-lajme","category-te-fundit"],"gt_translate_keys":[{"key":"link","format":"url"}],"_links":{"self":[{"href":"https:\/\/www.hashtag.al\/index.php\/wp-json\/wp\/v2\/posts\/288533","targetHints":{"allow":["GET"]}}],"collection":[{"href":"https:\/\/www.hashtag.al\/index.php\/wp-json\/wp\/v2\/posts"}],"about":[{"href":"https:\/\/www.hashtag.al\/index.php\/wp-json\/wp\/v2\/types\/post"}],"author":[{"embeddable":true,"href":"https:\/\/www.hashtag.al\/index.php\/wp-json\/wp\/v2\/users\/30"}],"replies":[{"embeddable":true,"href":"https:\/\/www.hashtag.al\/index.php\/wp-json\/wp\/v2\/comments?post=288533"}],"version-history":[{"count":0,"href":"https:\/\/www.hashtag.al\/index.php\/wp-json\/wp\/v2\/posts\/288533\/revisions"}],"wp:featuredmedia":[{"embeddable":true,"href":"https:\/\/www.hashtag.al\/index.php\/wp-json\/wp\/v2\/media\/288534"}],"wp:attachment":[{"href":"https:\/\/www.hashtag.al\/index.php\/wp-json\/wp\/v2\/media?parent=288533"}],"wp:term":[{"taxonomy":"category","embeddable":true,"href":"https:\/\/www.hashtag.al\/index.php\/wp-json\/wp\/v2\/categories?post=288533"},{"taxonomy":"post_tag","embeddable":true,"href":"https:\/\/www.hashtag.al\/index.php\/wp-json\/wp\/v2\/tags?post=288533"}],"curies":[{"name":"wp","href":"https:\/\/api.w.org\/{rel}","templated":true}]}}