{"id":288379,"date":"2019-04-08T18:35:59","date_gmt":"2019-04-08T16:35:59","guid":{"rendered":"https:\/\/hashtag.al\/?p=288379"},"modified":"2019-04-08T18:42:55","modified_gmt":"2019-04-08T16:42:55","slug":"basha-niset-drejt-kurbinit-dhjetera-makina-i-dalin-para-video","status":"publish","type":"post","link":"https:\/\/www.hashtag.al\/index.php\/2019\/04\/08\/basha-niset-drejt-kurbinit-dhjetera-makina-i-dalin-para-video\/","title":{"rendered":"Basha niset drejt Kurbinit, dhjet\u00ebra makina i dalin para (Video)","gt_translate_keys":[{"key":"rendered","format":"text"}]},"content":{"rendered":"<p><img loading=\"lazy\" decoding=\"async\" class=\"aligncenter size-full wp-image-288380\" src=\"https:\/\/hashtag.al\/wp-content\/uploads\/2019\/04\/basha-2-3.jpg\" alt=\"\" width=\"1029\" height=\"517\" srcset=\"https:\/\/www.hashtag.al\/wp-content\/uploads\/2019\/04\/basha-2-3.jpg 1029w, https:\/\/www.hashtag.al\/wp-content\/uploads\/2019\/04\/basha-2-3-300x151.jpg 300w, https:\/\/www.hashtag.al\/wp-content\/uploads\/2019\/04\/basha-2-3-768x386.jpg 768w, https:\/\/www.hashtag.al\/wp-content\/uploads\/2019\/04\/basha-2-3-1024x514.jpg 1024w\" sizes=\"auto, (max-width: 1029px) 100vw, 1029px\" \/><\/p>\n<p><span style=\"color: #000000;\">Kreu i Partis\u00eb Demokratike, Basha, \u00ebsht\u00eb nisur drejt Kurbinit n\u00eb turin e tij t\u00eb bashk\u00ebbisedimit me shqiptar\u00ebt. <\/span><\/p>\n<p><span style=\"color: #000000;\">K\u00ebt\u00eb e ka njoftuar vet\u00eb kryedemokrati n\u00ebp\u00ebrmjet nj\u00eb videoje n\u00eb faqen e tij n\u00eb \u201cFacebook\u201d. <\/span><\/p>\n<p><span style=\"color: #000000;\">N\u00eb video shihen dhjet\u00ebra makima me flamujt e Partis\u00eb Demokratike, t\u00eb cil\u00ebt kan\u00eb dal\u00eb t\u00eb presin Bash\u00ebn dhe personat q\u00eb e shoq\u00ebrojn\u00eb.<\/span><\/p>\n<div style=\"width: 360px;\" class=\"wp-video\"><video class=\"wp-video-shortcode\" id=\"video-288379-1\" width=\"360\" height=\"640\" preload=\"metadata\" controls=\"controls\"><source type=\"video\/mp4\" src=\"https:\/\/hashtag.al\/wp-content\/uploads\/2019\/04\/Bashakurbin.mp4?_=1\" \/><a href=\"https:\/\/hashtag.al\/wp-content\/uploads\/2019\/04\/Bashakurbin.mp4\">https:\/\/hashtag.al\/wp-content\/uploads\/2019\/04\/Bashakurbin.mp4<\/a><\/video><\/div>\n","protected":false,"gt_translate_keys":[{"key":"rendered","format":"html"}]},"excerpt":{"rendered":"<p>Kreu i Partis\u00eb Demokratike, Basha, \u00ebsht\u00eb nisur drejt Kurbinit n\u00eb turin e tij t\u00eb bashk\u00ebbisedimit me shqiptar\u00ebt. K\u00ebt\u00eb e ka njoftuar vet\u00eb kryedemokrati n\u00ebp\u00ebrmjet nj\u00eb videoje n\u00eb faqen e tij n\u00eb \u201cFacebook\u201d. N\u00eb video shihen dhjet\u00ebra makima me flamujt e Partis\u00eb Demokratike, t\u00eb cil\u00ebt kan\u00eb dal\u00eb t\u00eb presin Bash\u00ebn dhe personat q\u00eb e shoq\u00ebrojn\u00eb.<\/p>\n","protected":false,"gt_translate_keys":[{"key":"rendered","format":"html"}]},"author":51,"featured_media":288383,"comment_status":"open","ping_status":"open","sticky":false,"template":"","format":"standard","meta":{"footnotes":""},"categories":[65,13],"tags":[],"class_list":["post-288379","post","type-post","status-publish","format-standard","has-post-thumbnail","hentry","category-lajme","category-te-fundit"],"gt_translate_keys":[{"key":"link","format":"url"}],"_links":{"self":[{"href":"https:\/\/www.hashtag.al\/index.php\/wp-json\/wp\/v2\/posts\/288379","targetHints":{"allow":["GET"]}}],"collection":[{"href":"https:\/\/www.hashtag.al\/index.php\/wp-json\/wp\/v2\/posts"}],"about":[{"href":"https:\/\/www.hashtag.al\/index.php\/wp-json\/wp\/v2\/types\/post"}],"author":[{"embeddable":true,"href":"https:\/\/www.hashtag.al\/index.php\/wp-json\/wp\/v2\/users\/51"}],"replies":[{"embeddable":true,"href":"https:\/\/www.hashtag.al\/index.php\/wp-json\/wp\/v2\/comments?post=288379"}],"version-history":[{"count":0,"href":"https:\/\/www.hashtag.al\/index.php\/wp-json\/wp\/v2\/posts\/288379\/revisions"}],"wp:featuredmedia":[{"embeddable":true,"href":"https:\/\/www.hashtag.al\/index.php\/wp-json\/wp\/v2\/media\/288383"}],"wp:attachment":[{"href":"https:\/\/www.hashtag.al\/index.php\/wp-json\/wp\/v2\/media?parent=288379"}],"wp:term":[{"taxonomy":"category","embeddable":true,"href":"https:\/\/www.hashtag.al\/index.php\/wp-json\/wp\/v2\/categories?post=288379"},{"taxonomy":"post_tag","embeddable":true,"href":"https:\/\/www.hashtag.al\/index.php\/wp-json\/wp\/v2\/tags?post=288379"}],"curies":[{"name":"wp","href":"https:\/\/api.w.org\/{rel}","templated":true}]}}