{"id":288307,"date":"2019-04-08T13:40:40","date_gmt":"2019-04-08T11:40:40","guid":{"rendered":"https:\/\/hashtag.al\/?p=288307"},"modified":"2019-04-08T13:49:38","modified_gmt":"2019-04-08T11:49:38","slug":"protesta-e-banoreve-te-bregut-te-lumit-terhiqet-perkohesisht-policia","status":"publish","type":"post","link":"https:\/\/www.hashtag.al\/index.php\/2019\/04\/08\/protesta-e-banoreve-te-bregut-te-lumit-terhiqet-perkohesisht-policia\/","title":{"rendered":"Protesta e banor\u00ebve t\u00eb Bregut t\u00eb Lumit, t\u00ebrhiqet p\u00ebrkoh\u00ebsisht policia","gt_translate_keys":[{"key":"rendered","format":"text"}]},"content":{"rendered":"<p><img loading=\"lazy\" decoding=\"async\" class=\"aligncenter size-full wp-image-288308\" src=\"https:\/\/hashtag.al\/wp-content\/uploads\/2019\/04\/bregu-i-lumit-1.jpg\" alt=\"\" width=\"770\" height=\"433\" srcset=\"https:\/\/www.hashtag.al\/wp-content\/uploads\/2019\/04\/bregu-i-lumit-1.jpg 770w, https:\/\/www.hashtag.al\/wp-content\/uploads\/2019\/04\/bregu-i-lumit-1-300x169.jpg 300w, https:\/\/www.hashtag.al\/wp-content\/uploads\/2019\/04\/bregu-i-lumit-1-768x432.jpg 768w\" sizes=\"auto, (max-width: 770px) 100vw, 770px\" \/><\/p>\n<p><span style=\"color: #000000;\">Policia e Shtetit dhe ajo Bashkiake jan\u00eb t\u00ebrhequr p\u00ebrkoh\u00ebsisht nga prishja e banesave te Bregu i Lumit. <\/span><\/p>\n<p><span style=\"color: #000000;\">M\u00ebngjesin e sot\u00ebm forca t\u00eb shumta policia dhe t\u00eb INUV-it vajt\u00ebn n\u00eb zon\u00eb p\u00ebr t\u00eb vijuar me prishjen e rreth 40 banesave q\u00eb kan\u00eb mbetur ende pa u prishur nga zgjatimi i Bulevardit t\u00eb ri. <\/span><\/p>\n<p><span style=\"color: #000000;\">Policia u p\u00ebrplas me banor\u00ebt madje disa prej tyre u godit\u00ebn dhe e denoncuan dhun\u00ebn. Pas rezistenc\u00ebn s\u00eb banor\u00ebve, n\u00eb vend erdhi FNSH-ja q\u00eb u p\u00ebrpoq t\u00eb largonte me forc\u00eb banor\u00ebt t\u00eb cil\u00ebt iu p\u00ebrgjigj\u00ebn me gur\u00eb e tjegulla duke b\u00ebr\u00eb q\u00eb t\u00eb t\u00ebrhiqen p\u00ebrkoh\u00ebsisht. <\/span><\/p>\n<p><span style=\"color: #000000;\">M\u00eb pas banor\u00ebve t\u00eb Bregut t\u00eb Lumit iu bashkuan edhe banor\u00ebt e Astirit, t\u00eb cil\u00ebt u ndaluan me forc\u00eb nga policia q\u00eb t\u00eb mos afroheshin m\u00eb shum\u00eb. <\/span><\/p>\n<p><span style=\"color: #000000;\">Banor\u00ebt b\u00ebn\u00eb thirrje p\u00ebr largimin e fadromave nd\u00ebrsa k\u00ebrkojn\u00eb d\u00ebmshp\u00ebrblim p\u00ebr sht\u00ebpit\u00eb q\u00eb prishen, ashtu si\u00e7 ka ndodhur me banor\u00ebt e dy segmenteve t\u00eb tjera ku tashm\u00eb ka p\u00ebrfunduar Bulevardi i ri, t\u00eb cil\u00ebt jan\u00eb paguar p\u00ebr banesat e tyre. <\/span><\/p>\n<p><span style=\"color: #000000;\">Ata kan\u00eb paralajm\u00ebruar se nuk kan\u00eb nd\u00ebrmend t\u00eb dor\u00ebzohen deri n\u00eb marrjen e d\u00ebmshp\u00ebrblimit.<\/span><\/p>\n<div style=\"width: 640px;\" class=\"wp-video\"><video class=\"wp-video-shortcode\" id=\"video-288307-1\" width=\"640\" height=\"370\" preload=\"metadata\" controls=\"controls\"><source type=\"video\/mp4\" src=\"https:\/\/hashtag.al\/wp-content\/uploads\/2019\/04\/protestabregu.mp4?_=1\" \/><a href=\"https:\/\/hashtag.al\/wp-content\/uploads\/2019\/04\/protestabregu.mp4\">https:\/\/hashtag.al\/wp-content\/uploads\/2019\/04\/protestabregu.mp4<\/a><\/video><\/div>\n","protected":false,"gt_translate_keys":[{"key":"rendered","format":"html"}]},"excerpt":{"rendered":"<p>Policia e Shtetit dhe ajo Bashkiake jan\u00eb t\u00ebrhequr p\u00ebrkoh\u00ebsisht nga prishja e banesave te Bregu i Lumit. M\u00ebngjesin e sot\u00ebm forca t\u00eb shumta policia dhe t\u00eb INUV-it vajt\u00ebn n\u00eb zon\u00eb p\u00ebr t\u00eb vijuar me prishjen e rreth 40 banesave q\u00eb kan\u00eb mbetur ende pa u prishur nga zgjatimi i Bulevardit t\u00eb ri. Policia u p\u00ebrplas [&hellip;]<\/p>\n","protected":false,"gt_translate_keys":[{"key":"rendered","format":"html"}]},"author":51,"featured_media":288309,"comment_status":"open","ping_status":"open","sticky":false,"template":"","format":"standard","meta":{"footnotes":""},"categories":[65,13],"tags":[],"class_list":["post-288307","post","type-post","status-publish","format-standard","has-post-thumbnail","hentry","category-lajme","category-te-fundit"],"gt_translate_keys":[{"key":"link","format":"url"}],"_links":{"self":[{"href":"https:\/\/www.hashtag.al\/index.php\/wp-json\/wp\/v2\/posts\/288307","targetHints":{"allow":["GET"]}}],"collection":[{"href":"https:\/\/www.hashtag.al\/index.php\/wp-json\/wp\/v2\/posts"}],"about":[{"href":"https:\/\/www.hashtag.al\/index.php\/wp-json\/wp\/v2\/types\/post"}],"author":[{"embeddable":true,"href":"https:\/\/www.hashtag.al\/index.php\/wp-json\/wp\/v2\/users\/51"}],"replies":[{"embeddable":true,"href":"https:\/\/www.hashtag.al\/index.php\/wp-json\/wp\/v2\/comments?post=288307"}],"version-history":[{"count":0,"href":"https:\/\/www.hashtag.al\/index.php\/wp-json\/wp\/v2\/posts\/288307\/revisions"}],"wp:featuredmedia":[{"embeddable":true,"href":"https:\/\/www.hashtag.al\/index.php\/wp-json\/wp\/v2\/media\/288309"}],"wp:attachment":[{"href":"https:\/\/www.hashtag.al\/index.php\/wp-json\/wp\/v2\/media?parent=288307"}],"wp:term":[{"taxonomy":"category","embeddable":true,"href":"https:\/\/www.hashtag.al\/index.php\/wp-json\/wp\/v2\/categories?post=288307"},{"taxonomy":"post_tag","embeddable":true,"href":"https:\/\/www.hashtag.al\/index.php\/wp-json\/wp\/v2\/tags?post=288307"}],"curies":[{"name":"wp","href":"https:\/\/api.w.org\/{rel}","templated":true}]}}