{"id":288264,"date":"2019-04-08T11:42:06","date_gmt":"2019-04-08T09:42:06","guid":{"rendered":"https:\/\/hashtag.al\/?p=288264"},"modified":"2019-04-08T12:00:12","modified_gmt":"2019-04-08T10:00:12","slug":"zeri-i-dyte-kritik-brenda-ps-se-pse-ish-keshilltarja-e-rames-kerkon-zgjimin-e-socialisteve","status":"publish","type":"post","link":"https:\/\/www.hashtag.al\/index.php\/2019\/04\/08\/zeri-i-dyte-kritik-brenda-ps-se-pse-ish-keshilltarja-e-rames-kerkon-zgjimin-e-socialisteve\/","title":{"rendered":"Z\u00ebri i dyt\u00eb kritik brenda PS-s\u00eb, pse ish-k\u00ebshilltarja e Ram\u00ebs k\u00ebrkon zgjimin e socialist\u00ebve\u00a0","gt_translate_keys":[{"key":"rendered","format":"text"}]},"content":{"rendered":"<p><img loading=\"lazy\" decoding=\"async\" class=\"aligncenter size-full wp-image-288265\" src=\"https:\/\/hashtag.al\/wp-content\/uploads\/2019\/04\/irenabeqiraj.jpg\" alt=\"\" width=\"830\" height=\"662\" \/><\/p>\n<p><span style=\"color: #000000;\">T\u00eb m\u00ebrkur\u00ebn e kaluar, ish-ministri p\u00ebr Europ\u00ebn dhe Pun\u00ebt e Jashtme Ditmir Bushati kritikoi partin\u00eb e tij, duke k\u00ebrkuar reflektim p\u00ebr t\u00eb gjetur udh\u00ebn e arsyes, sepse vendi ndodhet n\u00eb udh\u00ebkryq t\u00eb madh. <\/span><\/p>\n<p><span style=\"color: #000000;\">I vetmi z\u00eb i njohur, n\u00eb mb\u00ebshtetje t\u00eb tij nga brenda Partis\u00eb Socialiste \u00ebsht\u00eb Irena Beqiraj.<\/span><\/p>\n<p><span style=\"color: #000000;\">N\u00eb nj\u00eb intervist\u00eb n\u00eb gazet\u00ebn <a href=\"https:\/\/gazetamapo.al\/intervista-irena-beqiraj-socialistet-duhet-te-zgjohen\/?fbclid=IwAR3azWo7Z7jsR0gHDiZ3tpqsmAZtLJTtELouAVOiM2N0k3ZhfpKrcE6ml8s\"><strong><span style=\"color: #0000ff;\">&#8220;Mapo&#8221;<\/span><\/strong><\/a>, Beqiraj, ish-z\u00ebvend\u00ebsministre, ish-drejtoresh\u00eb e Doganave dhe ish-k\u00ebshilltare e Ram\u00ebs thot\u00eb se nuk duhet kurrsesi q\u00eb pap\u00ebrgjegjshm\u00ebris\u00eb, d\u00ebshp\u00ebrimit dhe humbjes s\u00eb drejtimit t\u00eb opozit\u00ebs, socialist\u00ebt t\u2019i p\u00ebrgjigjen me t\u00eb nj\u00ebjt\u00ebn monedh\u00eb.<\/span><\/p>\n<p><span style=\"color: #000000;\">Beqiraj k\u00ebrkon rizgjimin e socialist\u00ebve, sepse sipas saj krizat politike jan\u00eb tregues i r\u00ebnies s\u00eb besimit t\u00eb partit\u00eb e t\u00eb dyja kaheve.<\/span><\/p>\n<p><span style=\"color: #000000;\">&#8220;Krizat politike q\u00eb godasin kaq shpesh demokracin\u00eb ton\u00eb, jan\u00eb tregues i qart\u00eb i r\u00ebnies s\u00eb besimit dhe ndikimit q\u00eb partit\u00eb politike t\u00eb t\u00eb dy kaheve kan\u00eb n\u00eb popull. Kjo \u00ebsht\u00eb arsyeja q\u00eb i detyron t\u00eb gjitha partit\u00eb t\u00eb flasin pa pushim p\u00ebr mb\u00ebshtetjen masive popullore. A keni v\u00ebn\u00eb re sesi n\u00eb k\u00ebrkim t\u00eb besimit t\u00eb humbur k\u00ebrkojn\u00eb t\u00eb afirmohen me madh\u00ebsin\u00eb e protestave apo edhe antimitingjeve q\u00eb organizojn\u00eb pavar\u00ebsisht mesazhit q\u00eb japin? A e keni ven\u00eb re se si kulti i individit ka dob\u00ebsuar dhe ulur besimin te partit\u00eb n\u00eb shoq\u00ebri? Kryetar\u00ebt edhe nj\u00eb grusht i vog\u00ebl njer\u00ebzish rreth tyre jan\u00eb kthyer n\u00eb solist\u00ebt q\u00eb \u201ck\u00ebndojn\u00eb\u201c t\u00eb vet\u00ebm.&#8221;, shprehet Beqiraj.<\/span><\/p>\n<p><span style=\"color: #000000;\">Ish-k\u00ebshilltarja e Ram\u00ebs e hedh analiz\u00ebn m\u00eb thell\u00eb, te amorfizimi i grupeve parlamentare e forumeve t\u00eb larta t\u00eb partis\u00eb. \u00cbsht\u00eb pik\u00ebrisht, sipas Beqirajt, Kryesia e partis\u00eb q\u00eb duhet ta thot\u00eb fjal\u00ebn e saj n\u00eb politikat q\u00eb ndjek, jo vet\u00ebm kryeministri.<\/span><\/p>\n<p><span style=\"color: #000000;\">&#8220;Sa m\u00eb shum\u00eb koh\u00eb kalon, grupet parlamentare dhe forumet m\u00eb t\u00eb larta partiake po kthehen n\u00eb organizma amorf\u00eb pa debat e pa ide, pa zgjedhje e pa zgjidhje. Tregues kok\u00ebfort\u00eb e i dhimbsh\u00ebm i k\u00ebsaj t\u00eb fundit \u00ebsht\u00eb argumenti q\u00eb trajneri zgjedh skuadr\u00ebn. Trajneri (Kryeministri) e zgjedh skuadr\u00ebn kjo \u00ebsht\u00eb e v\u00ebrtet\u00eb, por jo pa r\u00ebn\u00eb m\u00eb par\u00eb dakord me Klubin (pra me Kryesin\u00eb.) Pritja me ankth para kamerave e gjith\u00eb atyre burrave dhe grave, edhe an\u00ebtar\u00eb kryesie, p\u00ebr vendimmarrjen se kush do t\u00eb jet\u00eb pjes\u00eb e skuadr\u00ebs, nuk i ngjan aspak nj\u00eb p\u00ebrzgjedhjeje t\u00eb diskutuar, t\u00eb debatuar n\u00eb Kryesin\u00eb e Partis\u00eb, me gjith\u00eb t\u00eb drejt\u00ebn q\u00eb ka p\u00ebrs\u00ebri KM p\u00ebr t\u00eb marr\u00eb vendimin e fundit. K\u00ebto qasje n\u00eb mendimin tim i shqet\u00ebsojn\u00eb socialist\u00ebt.&#8221;, \u00a0argumenton Beqiraj.<\/span><\/p>\n<p><img loading=\"lazy\" decoding=\"async\" class=\"aligncenter  wp-image-288273\" src=\"https:\/\/hashtag.al\/wp-content\/uploads\/2019\/04\/ditmirbushatiedirama.png\" alt=\"\" width=\"719\" height=\"462\" srcset=\"https:\/\/www.hashtag.al\/wp-content\/uploads\/2019\/04\/ditmirbushatiedirama.png 657w, https:\/\/www.hashtag.al\/wp-content\/uploads\/2019\/04\/ditmirbushatiedirama-300x193.png 300w\" sizes=\"auto, (max-width: 719px) 100vw, 719px\" \/><\/p>\n<p><span style=\"color: #000000;\">E pyetur drejtp\u00ebrdrejt\u00eb nga gazetarja Blerina Gjoka, ish-z\u00ebvend\u00ebsministrja komenton pak\u00ebnaq\u00ebsin\u00eb brenda strukturave t\u00eb PS-s\u00eb, jo p\u00ebr m\u00ebnyr\u00ebn si po qeveriset vendi, por p\u00ebr qasjen se si duhet menaxhuar kriza e tanishme politike.<\/span><\/p>\n<p><span style=\"color: #000000;\">&#8220;Un\u00eb besoj se brenda grupit parlamentar edhe Partis\u00eb Socialiste ka mendje t\u00eb men\u00e7ura, t\u00eb cilat po t\u00eb fitojn\u00eb vet\u00ebbesimin se minimalisht d\u00ebgjohen, nuk anatemohen si kund\u00ebrshtar\u00eb, apo etiketohen si t\u00eb pak\u00ebnaqur, do t\u00eb mund t\u00eb artikulonin zgjidhje dhe mesazhe shum\u00eb m\u00eb shpres\u00ebdh\u00ebn\u00ebse, sesa klishe t\u00eb tipit: Ne dialogojm\u00eb, por nuk negociojm\u00eb?&#8221;, n\u00ebnvizon Beqiraj.<\/span><\/p>\n<p><span style=\"color: #000000;\">Ish-ministri Bushati theksoi n\u00eb Kuvend se dalja e opozit\u00ebs nuk mund t&#8217;i b\u00ebj\u00eb arrogant\u00eb.<\/span><\/p>\n<p><span style=\"color: #000000;\">&#8220;Por demokracia \u00ebsht\u00eb edhe thelb dhe fakti q\u00eb ne krijojm\u00eb mund\u00ebsin\u00eb p\u00ebr nj\u00eb marr\u00ebveshje t\u00eb ardhshme p\u00ebr kodin zgjedhor p\u00ebr rregullat e loj\u00ebs, qoft\u00eb me opozit\u00ebn parlamentare por mbi t\u00eb gjitha p\u00ebr opozit\u00ebn politike, besoj se \u00ebsht\u00eb shprehja m\u00eb e lart\u00eb e nd\u00ebrgjegj\u00ebsimit q\u00eb ka Partia Socialiste e Shqip\u00ebris\u00eb, Socialist\u00ebt progresist\u00ebt shqiptar\u00eb p\u00ebr fatet e demokracis\u00eb dhe p\u00ebr fatet e Shqip\u00ebris\u00eb\u201d, theksoi ai.<\/span><\/p>\n<p><span style=\"color: #000000;\">Rama ka patur nj\u00eb qasje neglizhente ndaj dor\u00ebzimit t\u00eb mandateve t\u00eb deputet\u00ebve t\u00eb opozit\u00ebs, nd\u00ebrkoh\u00eb q\u00eb jan\u00eb duke b\u00ebr\u00eb debate parlamentare me deputet\u00ebt e rinj q\u00eb kan\u00eb pranuar mandatet, duke i quajtur &#8220;opozit\u00eb&#8221;.<\/span><\/p>\n<p><span style=\"color: #000000;\">Bushati u z\u00ebvend\u00ebsua nga Rama me Gent Cakajn. <strong><em>\/Hashtag.al<\/em><\/strong><\/span><\/p>\n","protected":false,"gt_translate_keys":[{"key":"rendered","format":"html"}]},"excerpt":{"rendered":"<p>T\u00eb m\u00ebrkur\u00ebn e kaluar, ish-ministri p\u00ebr Europ\u00ebn dhe Pun\u00ebt e Jashtme Ditmir Bushati kritikoi partin\u00eb e tij, duke k\u00ebrkuar reflektim p\u00ebr t\u00eb gjetur udh\u00ebn e arsyes, sepse vendi ndodhet n\u00eb udh\u00ebkryq t\u00eb madh. I vetmi z\u00eb i njohur, n\u00eb mb\u00ebshtetje t\u00eb tij nga brenda Partis\u00eb Socialiste \u00ebsht\u00eb Irena Beqiraj. N\u00eb nj\u00eb intervist\u00eb n\u00eb gazet\u00ebn &#8220;Mapo&#8221;, [&hellip;]<\/p>\n","protected":false,"gt_translate_keys":[{"key":"rendered","format":"html"}]},"author":6,"featured_media":288265,"comment_status":"open","ping_status":"open","sticky":false,"template":"","format":"standard","meta":{"footnotes":""},"categories":[22,65,13],"tags":[],"class_list":["post-288264","post","type-post","status-publish","format-standard","has-post-thumbnail","hentry","category-ballina","category-lajme","category-te-fundit"],"gt_translate_keys":[{"key":"link","format":"url"}],"_links":{"self":[{"href":"https:\/\/www.hashtag.al\/index.php\/wp-json\/wp\/v2\/posts\/288264","targetHints":{"allow":["GET"]}}],"collection":[{"href":"https:\/\/www.hashtag.al\/index.php\/wp-json\/wp\/v2\/posts"}],"about":[{"href":"https:\/\/www.hashtag.al\/index.php\/wp-json\/wp\/v2\/types\/post"}],"author":[{"embeddable":true,"href":"https:\/\/www.hashtag.al\/index.php\/wp-json\/wp\/v2\/users\/6"}],"replies":[{"embeddable":true,"href":"https:\/\/www.hashtag.al\/index.php\/wp-json\/wp\/v2\/comments?post=288264"}],"version-history":[{"count":0,"href":"https:\/\/www.hashtag.al\/index.php\/wp-json\/wp\/v2\/posts\/288264\/revisions"}],"wp:featuredmedia":[{"embeddable":true,"href":"https:\/\/www.hashtag.al\/index.php\/wp-json\/wp\/v2\/media\/288265"}],"wp:attachment":[{"href":"https:\/\/www.hashtag.al\/index.php\/wp-json\/wp\/v2\/media?parent=288264"}],"wp:term":[{"taxonomy":"category","embeddable":true,"href":"https:\/\/www.hashtag.al\/index.php\/wp-json\/wp\/v2\/categories?post=288264"},{"taxonomy":"post_tag","embeddable":true,"href":"https:\/\/www.hashtag.al\/index.php\/wp-json\/wp\/v2\/tags?post=288264"}],"curies":[{"name":"wp","href":"https:\/\/api.w.org\/{rel}","templated":true}]}}