{"id":288110,"date":"2019-04-07T16:23:34","date_gmt":"2019-04-07T14:23:34","guid":{"rendered":"https:\/\/hashtag.al\/?p=288110"},"modified":"2019-04-07T16:23:34","modified_gmt":"2019-04-07T14:23:34","slug":"ekuador-mohon-se-do-largoje-assange-nga-ambasada","status":"publish","type":"post","link":"https:\/\/www.hashtag.al\/index.php\/2019\/04\/07\/ekuador-mohon-se-do-largoje-assange-nga-ambasada\/","title":{"rendered":"Ekuador mohon se do largoj\u00eb Assange nga ambasada","gt_translate_keys":[{"key":"rendered","format":"text"}]},"content":{"rendered":"<p><span style=\"color: #000000;\"><img loading=\"lazy\" decoding=\"async\" class=\"aligncenter size-full wp-image-220652\" src=\"https:\/\/hashtag.al\/wp-content\/uploads\/2018\/08\/assange-2.jpg\" alt=\"\" width=\"1280\" height=\"731\" \/><\/span><\/p>\n<p><span style=\"color: #000000;\">Qeveria e Ekuadorit i ka mohuar raportimet se zyrtar\u00ebt e k\u00ebtij shteti n\u00eb Britani t\u00eb Madhe do ta largojn\u00eb themeluesin e faqes \u201cWikileaks\u201d, Julian Assange, nga ambasada e tyre, ku ka q\u00ebndruar p\u00ebr gati shtat\u00eb vjet.<\/span><\/p>\n<p><span style=\"color: #000000;\">Nj\u00eb mik i tij n\u00eb Lond\u00ebr ka th\u00ebn\u00eb se Assange \u00ebsht\u00eb b\u00ebr\u00eb gati q\u00eb t\u00eb d\u00ebbohet nga nd\u00ebrtesa e ambasad\u00ebs pasi presidenti i Ekuadorit, Lenin Moreno, deklaroi se ai i ka shkelur n\u00eb m\u00ebnyr\u00eb t\u00eb p\u00ebrs\u00ebritur rregullat e azilit.<\/span><\/p>\n<p><span style=\"color: #000000;\">Moreno e akuzoi Assangen p\u00ebr d\u00ebmtim t\u00eb marr\u00ebdh\u00ebnieve t\u00eb Ekuadorit me shtetet tjera p\u00ebrmes nd\u00ebrhyrjes n\u00eb politikat e tyre dhe tha se ai nuk ka t\u00eb drejt\u00eb t\u2019i hakoj\u00eb llogarit\u00eb dhe telefonat privat\u00eb. Faqja \u201cWikiLeaks\u201d beson se komentet e presidentit jan\u00eb hakmarrje p\u00ebr raportimin e tyre lidhur me p\u00ebrfshirjen e Morenos n\u00eb korrupsion.<\/span><\/p>\n<p><span style=\"color: #000000;\">Sidoqoft\u00eb, p\u00ebrmes nj\u00eb deklarate, Ministria e Jashtme e Ekuadorit ka mohuar se ka arritur marr\u00ebveshje me qeverin\u00eb britanike p\u00ebr ta burgosur Assangen n\u00eb momentin q\u00eb ai largohet nga ambasada.<\/span><\/p>\n<p><span style=\"color: #000000;\">\u201cEkuadori i mohon kategorikisht lajmet e rreme q\u00eb kan\u00eb qarkulluar s\u00eb voni n\u00eb rrjetet sociale lidhur me heqjen e azilit politik q\u00eb i \u00ebsht\u00eb dh\u00ebn\u00eb z. Julian Assange q\u00eb nga viti 2012. Shum\u00eb prej k\u00ebtyre lajmeve jan\u00eb shp\u00ebrndar\u00eb nga nj\u00eb organizat\u00eb e lidhur me Julian Assangen\u201d, thuhet n\u00eb deklarat\u00eb.<\/span><\/p>\n<p><span style=\"color: #000000;\">Megjithat\u00eb, kjo ministri ka b\u00ebr\u00eb t\u00eb ditur se e rezervon t\u00eb drejt\u00ebn p\u00ebr t\u2019ia t\u00ebrhequr atij azilin politik kurdo q\u00eb e vler\u00ebson t\u00eb arsyeshme, shkruan \u201cReuters\u201d<\/span><\/p>\n<p>&nbsp;<\/p>\n","protected":false,"gt_translate_keys":[{"key":"rendered","format":"html"}]},"excerpt":{"rendered":"<p>Qeveria e Ekuadorit i ka mohuar raportimet se zyrtar\u00ebt e k\u00ebtij shteti n\u00eb Britani t\u00eb Madhe do ta largojn\u00eb themeluesin e faqes \u201cWikileaks\u201d, Julian Assange, nga ambasada e tyre, ku ka q\u00ebndruar p\u00ebr gati shtat\u00eb vjet. Nj\u00eb mik i tij n\u00eb Lond\u00ebr ka th\u00ebn\u00eb se Assange \u00ebsht\u00eb b\u00ebr\u00eb gati q\u00eb t\u00eb d\u00ebbohet nga nd\u00ebrtesa e [&hellip;]<\/p>\n","protected":false,"gt_translate_keys":[{"key":"rendered","format":"html"}]},"author":32,"featured_media":88221,"comment_status":"open","ping_status":"open","sticky":false,"template":"","format":"standard","meta":{"footnotes":""},"categories":[6,13],"tags":[],"class_list":["post-288110","post","type-post","status-publish","format-standard","has-post-thumbnail","hentry","category-nderkombetare","category-te-fundit"],"gt_translate_keys":[{"key":"link","format":"url"}],"_links":{"self":[{"href":"https:\/\/www.hashtag.al\/index.php\/wp-json\/wp\/v2\/posts\/288110","targetHints":{"allow":["GET"]}}],"collection":[{"href":"https:\/\/www.hashtag.al\/index.php\/wp-json\/wp\/v2\/posts"}],"about":[{"href":"https:\/\/www.hashtag.al\/index.php\/wp-json\/wp\/v2\/types\/post"}],"author":[{"embeddable":true,"href":"https:\/\/www.hashtag.al\/index.php\/wp-json\/wp\/v2\/users\/32"}],"replies":[{"embeddable":true,"href":"https:\/\/www.hashtag.al\/index.php\/wp-json\/wp\/v2\/comments?post=288110"}],"version-history":[{"count":0,"href":"https:\/\/www.hashtag.al\/index.php\/wp-json\/wp\/v2\/posts\/288110\/revisions"}],"wp:featuredmedia":[{"embeddable":true,"href":"https:\/\/www.hashtag.al\/index.php\/wp-json\/"}],"wp:attachment":[{"href":"https:\/\/www.hashtag.al\/index.php\/wp-json\/wp\/v2\/media?parent=288110"}],"wp:term":[{"taxonomy":"category","embeddable":true,"href":"https:\/\/www.hashtag.al\/index.php\/wp-json\/wp\/v2\/categories?post=288110"},{"taxonomy":"post_tag","embeddable":true,"href":"https:\/\/www.hashtag.al\/index.php\/wp-json\/wp\/v2\/tags?post=288110"}],"curies":[{"name":"wp","href":"https:\/\/api.w.org\/{rel}","templated":true}]}}