{"id":288010,"date":"2019-04-07T10:24:46","date_gmt":"2019-04-07T08:24:46","guid":{"rendered":"https:\/\/hashtag.al\/?p=288010"},"modified":"2019-04-07T10:26:03","modified_gmt":"2019-04-07T08:26:03","slug":"shembet-ura-ne-brazil-pas-goditjes-nga-trageti-video","status":"publish","type":"post","link":"https:\/\/www.hashtag.al\/index.php\/2019\/04\/07\/shembet-ura-ne-brazil-pas-goditjes-nga-trageti-video\/","title":{"rendered":"Shembet ura n\u00eb Brazil pas goditjes nga trageti (VIDEO)","gt_translate_keys":[{"key":"rendered","format":"text"}]},"content":{"rendered":"<p><img loading=\"lazy\" decoding=\"async\" class=\"aligncenter size-full wp-image-288013\" src=\"https:\/\/hashtag.al\/wp-content\/uploads\/2019\/04\/ura.jpg\" alt=\"\" width=\"960\" height=\"540\" srcset=\"https:\/\/www.hashtag.al\/wp-content\/uploads\/2019\/04\/ura.jpg 960w, https:\/\/www.hashtag.al\/wp-content\/uploads\/2019\/04\/ura-300x169.jpg 300w, https:\/\/www.hashtag.al\/wp-content\/uploads\/2019\/04\/ura-768x432.jpg 768w\" sizes=\"auto, (max-width: 960px) 100vw, 960px\" \/><\/p>\n<p><span style=\"color: #000000;\">Nj\u00eb traget \u00ebsht\u00eb p\u00ebrplasur me nj\u00eb ur\u00eb n\u00eb Para, shtetin verior t\u00eb Brazilit, duke zhytur n\u00eb lumin Moju 200 metra t\u00eb ur\u00ebs.<\/span><\/p>\n<p><span style=\"color: #000000;\">&#8220;<span style=\"color: #0000ff;\"><a style=\"color: #0000ff;\" href=\"https:\/\/www.bbc.com\/news\/world-latin-america-47843419\">BBC<\/a><\/span>&#8221; shkruan se d\u00ebshmitar\u00ebt kan\u00eb th\u00ebn\u00eb se dy vetura t\u00eb vogla kan\u00eb r\u00ebn\u00eb n\u00eb uj\u00eb n\u00eb momentin kur anija e ka goditur nj\u00eb nga shtyllat e ur\u00ebs.<\/span><\/p>\n<p><span style=\"color: #000000;\">Megjithat\u00eb ende nuk dihet se sa persona jan\u00eb l\u00ebnduar, nd\u00ebrsa zhyt\u00ebsit jan\u00eb duke k\u00ebrkuar n\u00eb uj\u00eb. Nga ana tjet\u00ebr m\u00ebsohet se pes\u00eb an\u00ebtar\u00ebt e ekuipazhit t\u00eb anijes kan\u00eb shp\u00ebtuar.<\/span><\/p>\n<p><span style=\"color: #000000;\">Guvernatori i Paras, Helder Barbalho, ka shpallur gjendjen emergjente pas k\u00ebtij aksidenti.<\/span><\/p>\n<p><span style=\"color: #000000;\"><em>\u201cPrioriteti yn\u00eb \u00ebsht\u00eb q\u00eb t\u2019i k\u00ebrkojm\u00eb viktimat dhe t\u00eb ofrojm\u00eb p\u00ebrkrahje t\u00eb plot\u00eb p\u00ebr familjet e tyre\u201d<\/em>, tha ai p\u00ebr mediat lokale.<\/span><\/p>\n<p><span style=\"color: #000000;\">Barbalho publikoi pamjet e ur\u00ebs s\u00eb rr\u00ebzuar prej 860 metrash. Ura q\u00eb ndodhet n\u00eb rajonin e Amazon\u00ebs t\u00eb \u00e7on n\u00eb Belem, i cili \u00ebsht\u00eb nj\u00eb nga portet kryesore t\u00eb Brazilit.<\/span><\/p>\n<p><span style=\"color: #000000;\">Autoritetet po punojn\u00eb p\u00ebr t\u00eb pastruar mbeturinat nga lumi dhe kan\u00eb angazhuar nj\u00eb num\u00ebr anijesh p\u00ebr t\u00eb transportuar banor\u00ebt n\u00eb dy an\u00ebt e lumit derisa ura t\u00eb rregullohet. Sakaq jan\u00eb vendosur shenja paralajm\u00ebruese mbi shtyllat e urave t\u00eb tjera aty pran\u00eb.<\/span><\/p>\n<p><span style=\"color: #000000;\">Mediet lokale kan\u00eb raportuar se n\u00eb nj\u00eb raport inspektues q\u00eb \u00ebsht\u00eb b\u00ebr\u00eb m\u00eb her\u00ebt gjat\u00eb k\u00ebtij viti \u00ebsht\u00eb theksuar se shtyllat e k\u00ebsaj ure kan\u00eb filluar t\u00eb dob\u00ebsohen. Qeveria lokale ka k\u00ebrkuar fonde emergjente p\u00ebr ta nd\u00ebrtuar pjes\u00ebn e shembur, por nuk e ka mbyllur rrug\u00ebn.<\/span><\/p>\n<p><span style=\"color: #000000;\">Nj\u00eb aksident i ngjash\u00ebm n\u00eb k\u00ebt\u00eb rajon kishte ndodhur edhe n\u00eb vitin 2014, kur nj\u00eb anije e kishte goditur nj\u00eb shtyll\u00eb t\u00eb nj\u00eb ure, me \u00e7\u2019rast ishte shembur nj\u00eb pjes\u00eb prej 50 metrash.<\/span><\/p>\n<p><iframe loading=\"lazy\" src=\"https:\/\/www.bbc.com\/news\/av\/embed\/p075rms3\/47843419\" width=\"400\" height=\"500\" frameborder=\"0\"><\/iframe><\/p>\n<blockquote class=\"twitter-tweet\" data-lang=\"en\">\n<p dir=\"ltr\" lang=\"pt\">Primeiros registros que temos sobre a queda da terceira ponte do Moju. Vou informando voc\u00eas por aqui. Neste momento sobrevoando a \u00e1rea com Cel. Dilson da PM, Cel. Hayman e o secret\u00e1rio de Seguran\u00e7a Ualame Machado. <a href=\"https:\/\/t.co\/OkKRMZRjBq\">pic.twitter.com\/OkKRMZRjBq<\/a><\/p>\n<p>\u2014 Helder Barbalho (@helderbarbalho) <a href=\"https:\/\/twitter.com\/helderbarbalho\/status\/1114475993891258368?ref_src=twsrc%5Etfw\">April 6, 2019<\/a><\/p><\/blockquote>\n<p><script async src=\"https:\/\/platform.twitter.com\/widgets.js\" charset=\"utf-8\"><\/script><\/p>\n","protected":false,"gt_translate_keys":[{"key":"rendered","format":"html"}]},"excerpt":{"rendered":"<p>Nj\u00eb traget \u00ebsht\u00eb p\u00ebrplasur me nj\u00eb ur\u00eb n\u00eb Para, shtetin verior t\u00eb Brazilit, duke zhytur n\u00eb lumin Moju 200 metra t\u00eb ur\u00ebs. &#8220;BBC&#8221; shkruan se d\u00ebshmitar\u00ebt kan\u00eb th\u00ebn\u00eb se dy vetura t\u00eb vogla kan\u00eb r\u00ebn\u00eb n\u00eb uj\u00eb n\u00eb momentin kur anija e ka goditur nj\u00eb nga shtyllat e ur\u00ebs. Megjithat\u00eb ende nuk dihet se sa [&hellip;]<\/p>\n","protected":false,"gt_translate_keys":[{"key":"rendered","format":"html"}]},"author":30,"featured_media":288011,"comment_status":"open","ping_status":"open","sticky":false,"template":"","format":"standard","meta":{"footnotes":""},"categories":[6],"tags":[],"class_list":["post-288010","post","type-post","status-publish","format-standard","has-post-thumbnail","hentry","category-nderkombetare"],"gt_translate_keys":[{"key":"link","format":"url"}],"_links":{"self":[{"href":"https:\/\/www.hashtag.al\/index.php\/wp-json\/wp\/v2\/posts\/288010","targetHints":{"allow":["GET"]}}],"collection":[{"href":"https:\/\/www.hashtag.al\/index.php\/wp-json\/wp\/v2\/posts"}],"about":[{"href":"https:\/\/www.hashtag.al\/index.php\/wp-json\/wp\/v2\/types\/post"}],"author":[{"embeddable":true,"href":"https:\/\/www.hashtag.al\/index.php\/wp-json\/wp\/v2\/users\/30"}],"replies":[{"embeddable":true,"href":"https:\/\/www.hashtag.al\/index.php\/wp-json\/wp\/v2\/comments?post=288010"}],"version-history":[{"count":0,"href":"https:\/\/www.hashtag.al\/index.php\/wp-json\/wp\/v2\/posts\/288010\/revisions"}],"wp:featuredmedia":[{"embeddable":true,"href":"https:\/\/www.hashtag.al\/index.php\/wp-json\/wp\/v2\/media\/288011"}],"wp:attachment":[{"href":"https:\/\/www.hashtag.al\/index.php\/wp-json\/wp\/v2\/media?parent=288010"}],"wp:term":[{"taxonomy":"category","embeddable":true,"href":"https:\/\/www.hashtag.al\/index.php\/wp-json\/wp\/v2\/categories?post=288010"},{"taxonomy":"post_tag","embeddable":true,"href":"https:\/\/www.hashtag.al\/index.php\/wp-json\/wp\/v2\/tags?post=288010"}],"curies":[{"name":"wp","href":"https:\/\/api.w.org\/{rel}","templated":true}]}}