{"id":287857,"date":"2019-04-06T16:34:28","date_gmt":"2019-04-06T14:34:28","guid":{"rendered":"https:\/\/hashtag.al\/?p=287857"},"modified":"2019-04-06T16:38:36","modified_gmt":"2019-04-06T14:38:36","slug":"risia-e-pd-se-per-perzgjedhjen-e-kandidateve-sjell-ne-tirane-dy-zyrtaret-e-larte-britanike","status":"publish","type":"post","link":"https:\/\/www.hashtag.al\/index.php\/2019\/04\/06\/risia-e-pd-se-per-perzgjedhjen-e-kandidateve-sjell-ne-tirane-dy-zyrtaret-e-larte-britanike\/","title":{"rendered":"Risia e PD-s\u00eb p\u00ebr p\u00ebrzgjedhjen e kandidat\u00ebve sjell n\u00eb Tiran\u00eb dy zyrtar\u00ebt e lart\u00eb britanik\u00eb","gt_translate_keys":[{"key":"rendered","format":"text"}]},"content":{"rendered":"<p><img loading=\"lazy\" decoding=\"async\" class=\"aligncenter size-full wp-image-287858\" src=\"https:\/\/hashtag.al\/wp-content\/uploads\/2019\/04\/pdbritanik.jpg\" alt=\"\" width=\"2000\" height=\"1000\" srcset=\"https:\/\/www.hashtag.al\/wp-content\/uploads\/2019\/04\/pdbritanik.jpg 2000w, https:\/\/www.hashtag.al\/wp-content\/uploads\/2019\/04\/pdbritanik-300x150.jpg 300w, https:\/\/www.hashtag.al\/wp-content\/uploads\/2019\/04\/pdbritanik-768x384.jpg 768w, https:\/\/www.hashtag.al\/wp-content\/uploads\/2019\/04\/pdbritanik-1024x512.jpg 1024w\" sizes=\"auto, (max-width: 2000px) 100vw, 2000px\" \/><\/p>\n<p><span style=\"color: #000000;\">Partia Demokratike ka p\u00ebrcaktuar votimin e kandidat\u00ebve nga an\u00ebtar\u00ebsia sipas modelit konservator britanik. Ky proces do kaloj\u00eb n\u00eb 3 faza dhe p\u00ebr k\u00ebt\u00eb arsye kan\u00eb mb\u00ebrritur n\u00eb Tiran\u00eb, dy zyrtar\u00eb t\u00eb lart\u00eb t\u00eb Partis\u00eb Konservatore Britanike.<\/span><\/p>\n<p><span style=\"color: #000000;\">Risia e Partis\u00eb Demokratike, procesi p\u00ebr votimin e kandidat\u00ebve nga an\u00ebtar\u00ebsia, sipas modelit konservator britanik do t\u00eb kaloj\u00eb n\u00eb 3 faza.<\/span><\/p>\n<p><span style=\"color: #000000;\">Partia Demokratike \u00ebsht\u00eb n\u00eb faz\u00ebn finale t\u00eb p\u00ebrgatitjes s\u00eb modelit p\u00ebr p\u00ebrzgjedhjen e kandidat\u00ebve t\u00eb saj nga an\u00ebtar\u00ebsia. P\u00ebr k\u00ebt\u00eb q\u00ebllim, jan\u00eb prej dy dit\u00ebsh n\u00eb Tiran\u00eb Davis Jones, Kryevler\u00ebsuesi i Komitetit t\u00eb Seleksionimit t\u00eb Kandidat\u00ebve t\u00eb Partis\u00eb Konservatore Britanike dhe Joy Morrissey, ish kandidate konservatore p\u00ebr Bashkin\u00eb e Londr\u00ebs. <\/span><\/p>\n<p><span style=\"color: #000000;\">P\u00ebrfaq\u00ebsuesit e lart\u00eb t\u00eb Partis\u00eb Konservatore Britanike po ndihmojn\u00eb Partin\u00eb Demokratike duke ofruar p\u00ebrvoj\u00ebn e konservator\u00ebve britanik\u00eb n\u00eb procesin e p\u00ebrzgjedhjes se kandidat\u00ebve demokrat\u00eb p\u00ebr zgjedhjet parlamentare dhe lokale.<\/span><\/p>\n<p><span style=\"color: #000000;\">Bazuar n\u00eb modelin britanik t\u00eb Partis\u00eb Konservatore, PD ka p\u00ebrgatitur m\u00ebnyr\u00ebn e seleksionimit t\u00eb kandidat\u00ebve t\u00eb saj, q\u00eb do t\u00eb bazohet n\u00eb tre faza ky\u00e7e:<\/span><\/p>\n<ol>\n<li><span style=\"color: #000000;\">Ngritjen e komisionit t\u00eb seleksionimit t\u00eb kandidat\u00ebve<\/span><\/li>\n<li><span style=\"color: #000000;\">P\u00ebrcaktimin e kritereve dhe standardeve p\u00ebr aplikant\u00ebt q\u00eb duan t\u00eb kandidojn\u00eb.<\/span><\/li>\n<li><span style=\"color: #000000;\">Procesin e seleksionimit t\u00eb kandidat\u00ebve p\u00ebrpara votimit nga an\u00ebtar\u00ebsia.<\/span><\/li>\n<\/ol>\n<p><span style=\"color: #000000;\">P\u00ebrfshija e an\u00ebtar\u00ebsis\u00eb n\u00eb p\u00ebrzgjedhjen e kandidat\u00ebve \u00ebsht\u00eb risi jo vet\u00ebm p\u00ebr Partin\u00eb Demokratike, por p\u00ebr t\u00eb gjith\u00eb politik\u00ebn shqiptare. <\/span><\/p>\n<p><span style=\"color: #000000;\">Deri m\u00eb sot, asnj\u00eb forc\u00eb politike n\u00eb Shqip\u00ebri nuk ka zbatuar k\u00ebto standarde per\u00ebndimore q\u00eb e b\u00ebjn\u00eb procesin e seleksionimit t\u00eb kandidat\u00ebve n\u00eb Partin\u00eb Demokratike nj\u00eb proces transparent, demokratik dhe t\u00eb bazuar n\u00eb merit\u00eb.<\/span><\/p>\n<p><span style=\"color: #000000;\">Me modelin e saj t\u00eb ri, Partia Demokratike reflekton k\u00ebrkes\u00ebn e shumic\u00ebs d\u00ebrrmuese t\u00eb shqiptar\u00ebve p\u00ebr ta lidhur direkt kandidatin me zgjedh\u00ebsin.<\/span><\/p>\n<p><span style=\"color: #000000;\">Modeli britanik q\u00eb do t\u00eb zbatohet n\u00eb Partin\u00eb Demokratike, i sh\u00ebrben Partis\u00eb Demokratike edhe si nj\u00eb veting brenda partis\u00eb, i cili jep mund\u00ebsin\u00eb e zgjedhjes s\u00eb kandiat\u00ebve m\u00eb t\u00eb p\u00ebrshtatsh\u00ebm q\u00eb do t\u00eb p\u00ebrfaq\u00ebsojn\u00eb PD n\u00eb parlament dhe n\u00eb pushtetin lokal.<\/span><\/p>\n<p><img loading=\"lazy\" decoding=\"async\" class=\"aligncenter wp-image-287860\" src=\"https:\/\/hashtag.al\/wp-content\/uploads\/2019\/04\/2-2.jpg\" alt=\"\" width=\"1200\" height=\"1200\" srcset=\"https:\/\/www.hashtag.al\/wp-content\/uploads\/2019\/04\/2-2.jpg 399w, https:\/\/www.hashtag.al\/wp-content\/uploads\/2019\/04\/2-2-150x150.jpg 150w, https:\/\/www.hashtag.al\/wp-content\/uploads\/2019\/04\/2-2-300x300.jpg 300w, https:\/\/www.hashtag.al\/wp-content\/uploads\/2019\/04\/2-2-120x120.jpg 120w\" sizes=\"auto, (max-width: 1200px) 100vw, 1200px\" \/> <img loading=\"lazy\" decoding=\"async\" class=\"aligncenter size-full wp-image-287861\" src=\"https:\/\/hashtag.al\/wp-content\/uploads\/2019\/04\/1-2.jpg\" alt=\"\" width=\"1200\" height=\"630\" srcset=\"https:\/\/www.hashtag.al\/wp-content\/uploads\/2019\/04\/1-2.jpg 1200w, https:\/\/www.hashtag.al\/wp-content\/uploads\/2019\/04\/1-2-300x158.jpg 300w, https:\/\/www.hashtag.al\/wp-content\/uploads\/2019\/04\/1-2-768x403.jpg 768w, https:\/\/www.hashtag.al\/wp-content\/uploads\/2019\/04\/1-2-1024x538.jpg 1024w\" sizes=\"auto, (max-width: 1200px) 100vw, 1200px\" \/><\/p>\n","protected":false,"gt_translate_keys":[{"key":"rendered","format":"html"}]},"excerpt":{"rendered":"<p>Partia Demokratike ka p\u00ebrcaktuar votimin e kandidat\u00ebve nga an\u00ebtar\u00ebsia sipas modelit konservator britanik. Ky proces do kaloj\u00eb n\u00eb 3 faza dhe p\u00ebr k\u00ebt\u00eb arsye kan\u00eb mb\u00ebrritur n\u00eb Tiran\u00eb, dy zyrtar\u00eb t\u00eb lart\u00eb t\u00eb Partis\u00eb Konservatore Britanike. Risia e Partis\u00eb Demokratike, procesi p\u00ebr votimin e kandidat\u00ebve nga an\u00ebtar\u00ebsia, sipas modelit konservator britanik do t\u00eb kaloj\u00eb n\u00eb [&hellip;]<\/p>\n","protected":false,"gt_translate_keys":[{"key":"rendered","format":"html"}]},"author":51,"featured_media":287859,"comment_status":"open","ping_status":"open","sticky":false,"template":"","format":"standard","meta":{"footnotes":""},"categories":[65,13],"tags":[],"class_list":["post-287857","post","type-post","status-publish","format-standard","has-post-thumbnail","hentry","category-lajme","category-te-fundit"],"gt_translate_keys":[{"key":"link","format":"url"}],"_links":{"self":[{"href":"https:\/\/www.hashtag.al\/index.php\/wp-json\/wp\/v2\/posts\/287857","targetHints":{"allow":["GET"]}}],"collection":[{"href":"https:\/\/www.hashtag.al\/index.php\/wp-json\/wp\/v2\/posts"}],"about":[{"href":"https:\/\/www.hashtag.al\/index.php\/wp-json\/wp\/v2\/types\/post"}],"author":[{"embeddable":true,"href":"https:\/\/www.hashtag.al\/index.php\/wp-json\/wp\/v2\/users\/51"}],"replies":[{"embeddable":true,"href":"https:\/\/www.hashtag.al\/index.php\/wp-json\/wp\/v2\/comments?post=287857"}],"version-history":[{"count":0,"href":"https:\/\/www.hashtag.al\/index.php\/wp-json\/wp\/v2\/posts\/287857\/revisions"}],"wp:featuredmedia":[{"embeddable":true,"href":"https:\/\/www.hashtag.al\/index.php\/wp-json\/wp\/v2\/media\/287859"}],"wp:attachment":[{"href":"https:\/\/www.hashtag.al\/index.php\/wp-json\/wp\/v2\/media?parent=287857"}],"wp:term":[{"taxonomy":"category","embeddable":true,"href":"https:\/\/www.hashtag.al\/index.php\/wp-json\/wp\/v2\/categories?post=287857"},{"taxonomy":"post_tag","embeddable":true,"href":"https:\/\/www.hashtag.al\/index.php\/wp-json\/wp\/v2\/tags?post=287857"}],"curies":[{"name":"wp","href":"https:\/\/api.w.org\/{rel}","templated":true}]}}