{"id":287808,"date":"2019-04-06T10:36:32","date_gmt":"2019-04-06T08:36:32","guid":{"rendered":"https:\/\/hashtag.al\/?p=287808"},"modified":"2019-04-06T10:36:32","modified_gmt":"2019-04-06T08:36:32","slug":"mediet-afer-qeverise-pallati-28-katesh-ne-golem-do-te-shembet","status":"publish","type":"post","link":"https:\/\/www.hashtag.al\/index.php\/2019\/04\/06\/mediet-afer-qeverise-pallati-28-katesh-ne-golem-do-te-shembet\/","title":{"rendered":"Mediet af\u00ebr qeveris\u00eb: Pallati 28-kat\u00ebsh n\u00eb Golem do t\u00eb shembet","gt_translate_keys":[{"key":"rendered","format":"text"}]},"content":{"rendered":"<p><img loading=\"lazy\" decoding=\"async\" class=\"aligncenter size-full wp-image-287809\" src=\"https:\/\/hashtag.al\/wp-content\/uploads\/2019\/04\/pallati28kateshgolem.png\" alt=\"\" width=\"716\" height=\"394\" srcset=\"https:\/\/www.hashtag.al\/wp-content\/uploads\/2019\/04\/pallati28kateshgolem.png 716w, https:\/\/www.hashtag.al\/wp-content\/uploads\/2019\/04\/pallati28kateshgolem-300x165.png 300w\" sizes=\"auto, (max-width: 716px) 100vw, 716px\" \/><\/p>\n<p><span style=\"color: #000000;\">Mediet af\u00ebr qeveris\u00eb kan\u00eb servirur p\u00ebr publikun e tyre nj\u00eb lajm q\u00eb lidhet me pallatin 28-kat\u00ebsh n\u00eb Golem.<\/span><\/p>\n<p><span style=\"color: #000000;\">&#8220;Do t\u00eb shembet&#8221;, \u00ebsht\u00eb kryefraza q\u00eb shoq\u00ebron tekstet e k\u00ebtyre lajmeve, q\u00eb nga &#8220;Top Channel&#8221;, &#8220;Gazeta Tema&#8221; e deri te &#8220;JavaNe\u00ebs&#8221;.<\/span><\/p>\n<p><span style=\"color: #000000;\">Instituti i Nd\u00ebrtimit ka hartuar nj\u00eb relacion ku rekomandon prishjen e pallatit 28-kat\u00ebsh n\u00eb vij\u00ebn e par\u00eb t\u00eb plazhit n\u00eb Shk\u00ebmbin e Kavaj\u00ebs, n\u00eb Durr\u00ebs.<\/span><\/p>\n<p><span style=\"color: #000000;\">&#8220;Si pasoj\u00eb e k\u00ebtij relacioni, drejtori i Institutit t\u00eb Nd\u00ebrtimit, inxhiner Agron Hysenlliu \u00ebsht\u00eb k\u00ebrc\u00ebnuar nga pronari i pallatit, zoti Enver Shala, i cili \u00ebsht\u00eb shpallur n\u00eb k\u00ebrkim policor.<\/span><\/p>\n<p><span style=\"color: #000000;\">N\u00eb fakt, historia e k\u00ebtij pallati, i cili \u00ebsht\u00eb me banor\u00eb, ka qen\u00eb e mbushur me probleme. Rreth dy vite m\u00eb par\u00eb, konstruksionet metalike t\u00eb 3 kateve t\u00eb fundit shtes\u00eb q\u00eb po u nd\u00ebrtonin u shemb\u00ebn duke rrezikuar jet\u00ebn e pun\u00ebtor\u00ebve, por edhe t\u00eb banor\u00ebve. Po n\u00eb vitin 2017, Enver Shala u ndalua nga Policia e Durr\u00ebsit dhe u hetua n\u00eb gjendje t\u00eb lir\u00eb p\u00ebr shkat\u00ebrrim t\u00eb pron\u00ebs nga pakujdesia dhe shkelje t\u00eb rregullave t\u00eb mbrojtjes n\u00eb pun\u00eb.&#8221;, raportojn\u00eb mediet af\u00ebr qeveris\u00eb.<\/span><\/p>\n<p><img loading=\"lazy\" decoding=\"async\" class=\"aligncenter size-full wp-image-287810\" src=\"https:\/\/hashtag.al\/wp-content\/uploads\/2019\/04\/tCHpallati28katesh.png\" alt=\"\" width=\"824\" height=\"782\" srcset=\"https:\/\/www.hashtag.al\/wp-content\/uploads\/2019\/04\/tCHpallati28katesh.png 824w, https:\/\/www.hashtag.al\/wp-content\/uploads\/2019\/04\/tCHpallati28katesh-300x285.png 300w, https:\/\/www.hashtag.al\/wp-content\/uploads\/2019\/04\/tCHpallati28katesh-768x729.png 768w\" sizes=\"auto, (max-width: 824px) 100vw, 824px\" \/><\/p>\n<p><strong> <img loading=\"lazy\" decoding=\"async\" class=\"aligncenter size-full wp-image-287811\" src=\"https:\/\/hashtag.al\/wp-content\/uploads\/2019\/04\/javanews.png\" alt=\"\" width=\"1222\" height=\"783\" srcset=\"https:\/\/www.hashtag.al\/wp-content\/uploads\/2019\/04\/javanews.png 1222w, https:\/\/www.hashtag.al\/wp-content\/uploads\/2019\/04\/javanews-300x192.png 300w, https:\/\/www.hashtag.al\/wp-content\/uploads\/2019\/04\/javanews-768x492.png 768w, https:\/\/www.hashtag.al\/wp-content\/uploads\/2019\/04\/javanews-1024x656.png 1024w\" sizes=\"auto, (max-width: 1222px) 100vw, 1222px\" \/><\/strong><\/p>\n<p><img loading=\"lazy\" decoding=\"async\" class=\"aligncenter size-full wp-image-287812\" src=\"https:\/\/hashtag.al\/wp-content\/uploads\/2019\/04\/temapallati28katesh.png\" alt=\"\" width=\"890\" height=\"760\" srcset=\"https:\/\/www.hashtag.al\/wp-content\/uploads\/2019\/04\/temapallati28katesh.png 890w, https:\/\/www.hashtag.al\/wp-content\/uploads\/2019\/04\/temapallati28katesh-300x256.png 300w, https:\/\/www.hashtag.al\/wp-content\/uploads\/2019\/04\/temapallati28katesh-768x656.png 768w\" sizes=\"auto, (max-width: 890px) 100vw, 890px\" \/><\/p>\n","protected":false,"gt_translate_keys":[{"key":"rendered","format":"html"}]},"excerpt":{"rendered":"<p>Mediet af\u00ebr qeveris\u00eb kan\u00eb servirur p\u00ebr publikun e tyre nj\u00eb lajm q\u00eb lidhet me pallatin 28-kat\u00ebsh n\u00eb Golem. &#8220;Do t\u00eb shembet&#8221;, \u00ebsht\u00eb kryefraza q\u00eb shoq\u00ebron tekstet e k\u00ebtyre lajmeve, q\u00eb nga &#8220;Top Channel&#8221;, &#8220;Gazeta Tema&#8221; e deri te &#8220;JavaNe\u00ebs&#8221;. Instituti i Nd\u00ebrtimit ka hartuar nj\u00eb relacion ku rekomandon prishjen e pallatit 28-kat\u00ebsh n\u00eb vij\u00ebn e [&hellip;]<\/p>\n","protected":false,"gt_translate_keys":[{"key":"rendered","format":"html"}]},"author":6,"featured_media":287809,"comment_status":"open","ping_status":"open","sticky":false,"template":"","format":"standard","meta":{"footnotes":""},"categories":[65,13],"tags":[],"class_list":["post-287808","post","type-post","status-publish","format-standard","has-post-thumbnail","hentry","category-lajme","category-te-fundit"],"gt_translate_keys":[{"key":"link","format":"url"}],"_links":{"self":[{"href":"https:\/\/www.hashtag.al\/index.php\/wp-json\/wp\/v2\/posts\/287808","targetHints":{"allow":["GET"]}}],"collection":[{"href":"https:\/\/www.hashtag.al\/index.php\/wp-json\/wp\/v2\/posts"}],"about":[{"href":"https:\/\/www.hashtag.al\/index.php\/wp-json\/wp\/v2\/types\/post"}],"author":[{"embeddable":true,"href":"https:\/\/www.hashtag.al\/index.php\/wp-json\/wp\/v2\/users\/6"}],"replies":[{"embeddable":true,"href":"https:\/\/www.hashtag.al\/index.php\/wp-json\/wp\/v2\/comments?post=287808"}],"version-history":[{"count":0,"href":"https:\/\/www.hashtag.al\/index.php\/wp-json\/wp\/v2\/posts\/287808\/revisions"}],"wp:featuredmedia":[{"embeddable":true,"href":"https:\/\/www.hashtag.al\/index.php\/wp-json\/wp\/v2\/media\/287809"}],"wp:attachment":[{"href":"https:\/\/www.hashtag.al\/index.php\/wp-json\/wp\/v2\/media?parent=287808"}],"wp:term":[{"taxonomy":"category","embeddable":true,"href":"https:\/\/www.hashtag.al\/index.php\/wp-json\/wp\/v2\/categories?post=287808"},{"taxonomy":"post_tag","embeddable":true,"href":"https:\/\/www.hashtag.al\/index.php\/wp-json\/wp\/v2\/tags?post=287808"}],"curies":[{"name":"wp","href":"https:\/\/api.w.org\/{rel}","templated":true}]}}