{"id":287660,"date":"2019-04-05T15:39:15","date_gmt":"2019-04-05T13:39:15","guid":{"rendered":"https:\/\/hashtag.al\/?p=287660"},"modified":"2019-04-05T15:39:15","modified_gmt":"2019-04-05T13:39:15","slug":"rama-konfirmon-safet-gjicin-ne-garen-per-bashkine-e-kukesit","status":"publish","type":"post","link":"https:\/\/www.hashtag.al\/index.php\/2019\/04\/05\/rama-konfirmon-safet-gjicin-ne-garen-per-bashkine-e-kukesit\/","title":{"rendered":"Rama konfirmon Safet Gjicin n\u00eb gar\u00ebn p\u00ebr Bashkin\u00eb e Kuk\u00ebsit","gt_translate_keys":[{"key":"rendered","format":"text"}]},"content":{"rendered":"<p><img loading=\"lazy\" decoding=\"async\" class=\"aligncenter size-full wp-image-287661\" src=\"https:\/\/hashtag.al\/wp-content\/uploads\/2019\/04\/rama-ne-kukes-2-760x450.jpg\" alt=\"\" width=\"760\" height=\"450\" srcset=\"https:\/\/www.hashtag.al\/wp-content\/uploads\/2019\/04\/rama-ne-kukes-2-760x450.jpg 760w, https:\/\/www.hashtag.al\/wp-content\/uploads\/2019\/04\/rama-ne-kukes-2-760x450-300x178.jpg 300w\" sizes=\"auto, (max-width: 760px) 100vw, 760px\" \/><\/p>\n<p><span style=\"color: #000000;\">N\u00eb takimin n\u00eb Kuk\u00ebs, kryeministri Edi Rama konfirmoi Safet Gjicin, si kandidatin e PS p\u00ebr zgjedhjet vendore t\u00eb 30 qershorit.<\/span><\/p>\n<p><span style=\"color: #000000;\">\u201c <em>Ka ardhur koha q\u00eb bashkin\u00eb t\u00eb na e jepni ne, si detyr\u00eb p\u00ebr t\u00eb b\u00ebr\u00eb p\u00ebr Kuk\u00ebsin shum\u00eb gj\u00ebra q\u00eb nuk jan\u00eb b\u00ebr\u00eb. Duhen 4 muaj p\u00ebr t\u00eb marr\u00eb leje p\u00ebr spitalin.<\/em><\/span><\/p>\n<p><span style=\"color: #000000;\"><em>Qeveria vendos fondin p\u00ebr t\u00eb nd\u00ebrtuar nj\u00eb pjes\u00eb t\u00eb domosdoshme q\u00eb t\u00eb nd\u00ebrtohet si infrastruktur\u00eb dhe 4 muaj p\u00ebr t\u00eb marr leje, nuk e kam kuptuar akoma arsyen, por faktikisht kemi humbur 4 muaj<\/em>\u201d -tha Rama nd\u00ebrsa shtoi se kandidatin p\u00ebr Bashkin\u00eb e zgjodhi mes kuksian\u00ebve, nd\u00ebrsa iu drejtua Safet Gjicit.<\/span><\/p>\n<p>&nbsp;<\/p>\n","protected":false,"gt_translate_keys":[{"key":"rendered","format":"html"}]},"excerpt":{"rendered":"<p>N\u00eb takimin n\u00eb Kuk\u00ebs, kryeministri Edi Rama konfirmoi Safet Gjicin, si kandidatin e PS p\u00ebr zgjedhjet vendore t\u00eb 30 qershorit. \u201c Ka ardhur koha q\u00eb bashkin\u00eb t\u00eb na e jepni ne, si detyr\u00eb p\u00ebr t\u00eb b\u00ebr\u00eb p\u00ebr Kuk\u00ebsin shum\u00eb gj\u00ebra q\u00eb nuk jan\u00eb b\u00ebr\u00eb. Duhen 4 muaj p\u00ebr t\u00eb marr\u00eb leje p\u00ebr spitalin. Qeveria vendos [&hellip;]<\/p>\n","protected":false,"gt_translate_keys":[{"key":"rendered","format":"html"}]},"author":32,"featured_media":287661,"comment_status":"open","ping_status":"open","sticky":false,"template":"","format":"standard","meta":{"footnotes":""},"categories":[65,13],"tags":[],"class_list":["post-287660","post","type-post","status-publish","format-standard","has-post-thumbnail","hentry","category-lajme","category-te-fundit"],"gt_translate_keys":[{"key":"link","format":"url"}],"_links":{"self":[{"href":"https:\/\/www.hashtag.al\/index.php\/wp-json\/wp\/v2\/posts\/287660","targetHints":{"allow":["GET"]}}],"collection":[{"href":"https:\/\/www.hashtag.al\/index.php\/wp-json\/wp\/v2\/posts"}],"about":[{"href":"https:\/\/www.hashtag.al\/index.php\/wp-json\/wp\/v2\/types\/post"}],"author":[{"embeddable":true,"href":"https:\/\/www.hashtag.al\/index.php\/wp-json\/wp\/v2\/users\/32"}],"replies":[{"embeddable":true,"href":"https:\/\/www.hashtag.al\/index.php\/wp-json\/wp\/v2\/comments?post=287660"}],"version-history":[{"count":0,"href":"https:\/\/www.hashtag.al\/index.php\/wp-json\/wp\/v2\/posts\/287660\/revisions"}],"wp:featuredmedia":[{"embeddable":true,"href":"https:\/\/www.hashtag.al\/index.php\/wp-json\/wp\/v2\/media\/287661"}],"wp:attachment":[{"href":"https:\/\/www.hashtag.al\/index.php\/wp-json\/wp\/v2\/media?parent=287660"}],"wp:term":[{"taxonomy":"category","embeddable":true,"href":"https:\/\/www.hashtag.al\/index.php\/wp-json\/wp\/v2\/categories?post=287660"},{"taxonomy":"post_tag","embeddable":true,"href":"https:\/\/www.hashtag.al\/index.php\/wp-json\/wp\/v2\/tags?post=287660"}],"curies":[{"name":"wp","href":"https:\/\/api.w.org\/{rel}","templated":true}]}}