{"id":287634,"date":"2019-04-05T14:00:55","date_gmt":"2019-04-05T12:00:55","guid":{"rendered":"https:\/\/hashtag.al\/?p=287634"},"modified":"2019-04-05T13:40:14","modified_gmt":"2019-04-05T11:40:14","slug":"me-video-1200-police-shoqerojne-ramen-ne-kukes-berisha","status":"publish","type":"post","link":"https:\/\/www.hashtag.al\/index.php\/2019\/04\/05\/me-video-1200-police-shoqerojne-ramen-ne-kukes-berisha\/","title":{"rendered":"ME VIDEO\/ \u201c1200 polic\u00eb shoq\u00ebrojn\u00eb Ram\u00ebn n\u00eb Kuk\u00ebs\u201d-Berisha","gt_translate_keys":[{"key":"rendered","format":"text"}]},"content":{"rendered":"<p><img loading=\"lazy\" decoding=\"async\" class=\"aligncenter size-full wp-image-177089\" src=\"https:\/\/hashtag.al\/wp-content\/uploads\/2018\/04\/proteste-policia5.jpg\" alt=\"\" width=\"1280\" height=\"867\" \/><\/p>\n<p><span style=\"color: #000000;\">Ish-kryeministri Sali Berisha ka shp\u00ebrndar\u00eb nj\u00eb video n\u00eb t\u00eb cil\u00ebn shihet nj\u00eb karvan me makina policie, q\u00eb sipas tij po shoq\u00ebrojn\u00eb Edi Ram\u00ebn n\u00eb Kuk\u00ebs.<\/span><\/p>\n<p><span style=\"color: #000000;\">Sipas Berish\u00ebs, jan\u00eb 1200 polici\u00eb q\u00eb po shoq\u00ebrojn\u00eb Kryeministrin p\u00ebr takimin n\u00eb qytetin verilindor t\u00eb Kuk\u00ebsit.<\/span><\/p>\n<p><span style=\"color: #000000;\">Ni video shihen makinat e parkuara t\u00eb policis\u00eb t\u00eb cilat t\u00eb shumta do punojn\u00eb p\u00ebr sigurin\u00eb e kryeministrit n\u00eb takim n\u00eb rast t\u00eb ndonj\u00eb incidenti, n\u00eb nj\u00eb moment kur opozita organizon protesta n\u00eb t\u00eb gjitha vendet ku shfaqet mazhoranca.<\/span><br \/>\n<iframe loading=\"lazy\" style=\"border: none; overflow: hidden;\" src=\"https:\/\/www.facebook.com\/plugins\/video.php?href=https%3A%2F%2Fwww.facebook.com%2FSaliBerisha%2Fvideos%2F579960425856025%2F&amp;show_text=0&amp;width=560\" width=\"560\" height=\"316\" frameborder=\"0\" scrolling=\"no\" allowfullscreen=\"allowfullscreen\"><\/iframe><\/p>\n","protected":false,"gt_translate_keys":[{"key":"rendered","format":"html"}]},"excerpt":{"rendered":"<p>Ish-kryeministri Sali Berisha ka shp\u00ebrndar\u00eb nj\u00eb video n\u00eb t\u00eb cil\u00ebn shihet nj\u00eb karvan me makina policie, q\u00eb sipas tij po shoq\u00ebrojn\u00eb Edi Ram\u00ebn n\u00eb Kuk\u00ebs. Sipas Berish\u00ebs, jan\u00eb 1200 polici\u00eb q\u00eb po shoq\u00ebrojn\u00eb Kryeministrin p\u00ebr takimin n\u00eb qytetin verilindor t\u00eb Kuk\u00ebsit. Ni video shihen makinat e parkuara t\u00eb policis\u00eb t\u00eb cilat t\u00eb shumta do punojn\u00eb [&hellip;]<\/p>\n","protected":false,"gt_translate_keys":[{"key":"rendered","format":"html"}]},"author":32,"featured_media":177089,"comment_status":"open","ping_status":"open","sticky":false,"template":"","format":"standard","meta":{"footnotes":""},"categories":[65,13],"tags":[],"class_list":["post-287634","post","type-post","status-publish","format-standard","has-post-thumbnail","hentry","category-lajme","category-te-fundit"],"gt_translate_keys":[{"key":"link","format":"url"}],"_links":{"self":[{"href":"https:\/\/www.hashtag.al\/index.php\/wp-json\/wp\/v2\/posts\/287634","targetHints":{"allow":["GET"]}}],"collection":[{"href":"https:\/\/www.hashtag.al\/index.php\/wp-json\/wp\/v2\/posts"}],"about":[{"href":"https:\/\/www.hashtag.al\/index.php\/wp-json\/wp\/v2\/types\/post"}],"author":[{"embeddable":true,"href":"https:\/\/www.hashtag.al\/index.php\/wp-json\/wp\/v2\/users\/32"}],"replies":[{"embeddable":true,"href":"https:\/\/www.hashtag.al\/index.php\/wp-json\/wp\/v2\/comments?post=287634"}],"version-history":[{"count":0,"href":"https:\/\/www.hashtag.al\/index.php\/wp-json\/wp\/v2\/posts\/287634\/revisions"}],"wp:featuredmedia":[{"embeddable":true,"href":"https:\/\/www.hashtag.al\/index.php\/wp-json\/"}],"wp:attachment":[{"href":"https:\/\/www.hashtag.al\/index.php\/wp-json\/wp\/v2\/media?parent=287634"}],"wp:term":[{"taxonomy":"category","embeddable":true,"href":"https:\/\/www.hashtag.al\/index.php\/wp-json\/wp\/v2\/categories?post=287634"},{"taxonomy":"post_tag","embeddable":true,"href":"https:\/\/www.hashtag.al\/index.php\/wp-json\/wp\/v2\/tags?post=287634"}],"curies":[{"name":"wp","href":"https:\/\/api.w.org\/{rel}","templated":true}]}}