{"id":287211,"date":"2019-04-03T23:16:52","date_gmt":"2019-04-03T21:16:52","guid":{"rendered":"https:\/\/hashtag.al\/?p=287211"},"modified":"2019-04-03T23:16:52","modified_gmt":"2019-04-03T21:16:52","slug":"59-7-e-shqiptareve-nuk-jetojne-mire-sondazhi","status":"publish","type":"post","link":"https:\/\/www.hashtag.al\/index.php\/2019\/04\/03\/59-7-e-shqiptareve-nuk-jetojne-mire-sondazhi\/","title":{"rendered":"\u201c59.7% e shqiptar\u00ebve nuk jetojn\u00eb mir\u00eb\u201d-Sondazhi","gt_translate_keys":[{"key":"rendered","format":"text"}]},"content":{"rendered":"<p><img loading=\"lazy\" decoding=\"async\" class=\"aligncenter size-full wp-image-287215\" src=\"https:\/\/hashtag.al\/wp-content\/uploads\/2019\/04\/SLIDE_1-1.jpg\" alt=\"\" width=\"1920\" height=\"1080\" srcset=\"https:\/\/www.hashtag.al\/wp-content\/uploads\/2019\/04\/SLIDE_1-1.jpg 1920w, https:\/\/www.hashtag.al\/wp-content\/uploads\/2019\/04\/SLIDE_1-1-300x169.jpg 300w, https:\/\/www.hashtag.al\/wp-content\/uploads\/2019\/04\/SLIDE_1-1-768x432.jpg 768w, https:\/\/www.hashtag.al\/wp-content\/uploads\/2019\/04\/SLIDE_1-1-1024x576.jpg 1024w\" sizes=\"auto, (max-width: 1920px) 100vw, 1920px\" \/><\/p>\n<p>N\u00eb nj\u00eb sondazh t\u00eb b\u00ebr\u00eb nga IPR Marketing dhe t\u00eb publikuar nga RTV Ora jepen p\u00ebrqindjet se \u00e7mendojn\u00eb shqiptar\u00ebt e pyetur p\u00ebr situat\u00ebn politike dhe gjendjen e jetes\u00ebs n\u00eb vendon ton\u00eb.<\/p>\n<p><strong>Pyetjes: Sipas jush Shqip\u00ebria po shkon&#8230;: 49 % po shkon ne drejtim te gabuar<\/strong><\/p>\n<p>Jan\u00eb 40.8% e qytetar\u00ebve shqiptar\u00eb q\u00eb mendojn\u00eb se Shqip\u00ebria po shkon n\u00eb drejtimin e duhur.<\/p>\n<p>Nd\u00ebrsa 49.0% thon\u00eb se vendi po shkon n\u00eb drejtimin e gabuar. 10.2% thon\u00eb se nuk e din\u00eb.<\/p>\n<p><strong>Pyetjes: N\u00eb krahasim me 3 vite m\u00eb par\u00eb, n\u00eb Shqip\u00ebri jetohet&#8230;40 % jetohet nj\u00ebsoj<br \/>\n<\/strong><br \/>\nDuke b\u00ebr\u00eb nj\u00eb krahasim me 3 vite m\u00eb par\u00eb, 18.5% mendojn\u00eb se jetohet m\u00eb mir\u00eb, nd\u00ebrsa 39.7% mendojn\u00eb se n\u00eb Shqip\u00ebri jetohet m\u00eb keq. Jan\u00eb 40.5 % e shqiptar\u00ebve q\u00eb mendojn\u00eb se jetohet nj\u00ebsoj si para 3 vitesh. 1.2 % jan\u00eb p\u00ebrgjigjur &#8220;nuk e di&#8221;.<\/p>\n<p><strong>Pyetjes: N\u00eb krahasim me 3 vite m\u00eb par\u00eb, n\u00eb Shqip\u00ebri jetohet&#8230;40 % jetohet nj\u00ebsoj<\/strong><\/p>\n<p>Duke b\u00ebr\u00eb nj\u00eb krahasim me 3 vite m\u00eb par\u00eb, 18.5% mendojn\u00eb se jetohet m\u00eb mir\u00eb, nd\u00ebrsa 39.7% mendojn\u00eb se n\u00eb Shqip\u00ebri jetohet m\u00eb keq. Jan\u00eb 40.5 % e shqiptar\u00ebve q\u00eb mendojn\u00eb se jetohet nj\u00ebsoj si para 3 vitesh. 1.2 % jan\u00eb p\u00ebrgjigjur &#8220;nuk e di&#8221;.<\/p>\n<p><strong>Pyetjes: -Sipas jush sot n\u00eb Shqip\u00ebri jetohet? 59.7 % mendojn\u00eb se n\u00eb Shqip\u00ebri nuk jetohet mire<\/strong><\/p>\n<p><strong>Kampioni i sondazheve<\/strong><\/p>\n<p><strong>Antonio Noto:<\/strong> Sondazhi \u00ebsht\u00eb n\u00eb nivel komb\u00ebtar. Intervistat jan\u00eb zhvilluar jav\u00ebn e kaluar dhe jan\u00eb p\u00ebrpunuar dje dhe sot kemi rezultatin pr\u00ebfundimtar. \u00cbsht\u00eb kampioni q\u00eb kemi p\u00ebrdorur gjithmon\u00eb. Rreth 2000 zgjedh\u00ebs n\u00eb Shqip\u00ebri dhe p\u00ebrfaq\u00ebsojn\u00eb gjith\u00eb popullat\u00ebn rezidente n\u00eb Shqip\u00ebri. \u00a0Nga Tirana jan\u00eb 31.3% t\u00eb intervistuarve.<\/p>\n<p><img loading=\"lazy\" decoding=\"async\" class=\"aligncenter size-full wp-image-287214\" src=\"https:\/\/hashtag.al\/wp-content\/uploads\/2019\/04\/SLIDE_1.jpg\" alt=\"\" width=\"1920\" height=\"1080\" srcset=\"https:\/\/www.hashtag.al\/wp-content\/uploads\/2019\/04\/SLIDE_1.jpg 1920w, https:\/\/www.hashtag.al\/wp-content\/uploads\/2019\/04\/SLIDE_1-300x169.jpg 300w, https:\/\/www.hashtag.al\/wp-content\/uploads\/2019\/04\/SLIDE_1-768x432.jpg 768w, https:\/\/www.hashtag.al\/wp-content\/uploads\/2019\/04\/SLIDE_1-1024x576.jpg 1024w\" sizes=\"auto, (max-width: 1920px) 100vw, 1920px\" \/> <img loading=\"lazy\" decoding=\"async\" class=\"aligncenter size-full wp-image-287213\" src=\"https:\/\/hashtag.al\/wp-content\/uploads\/2019\/04\/SLIDE_2.jpg\" alt=\"\" width=\"1920\" height=\"1080\" srcset=\"https:\/\/www.hashtag.al\/wp-content\/uploads\/2019\/04\/SLIDE_2.jpg 1920w, https:\/\/www.hashtag.al\/wp-content\/uploads\/2019\/04\/SLIDE_2-300x169.jpg 300w, https:\/\/www.hashtag.al\/wp-content\/uploads\/2019\/04\/SLIDE_2-768x432.jpg 768w, https:\/\/www.hashtag.al\/wp-content\/uploads\/2019\/04\/SLIDE_2-1024x576.jpg 1024w\" sizes=\"auto, (max-width: 1920px) 100vw, 1920px\" \/> <img loading=\"lazy\" decoding=\"async\" class=\"aligncenter size-full wp-image-287212\" src=\"https:\/\/hashtag.al\/wp-content\/uploads\/2019\/04\/SLIDE_3.jpg\" alt=\"\" width=\"1920\" height=\"1080\" srcset=\"https:\/\/www.hashtag.al\/wp-content\/uploads\/2019\/04\/SLIDE_3.jpg 1920w, https:\/\/www.hashtag.al\/wp-content\/uploads\/2019\/04\/SLIDE_3-300x169.jpg 300w, https:\/\/www.hashtag.al\/wp-content\/uploads\/2019\/04\/SLIDE_3-768x432.jpg 768w, https:\/\/www.hashtag.al\/wp-content\/uploads\/2019\/04\/SLIDE_3-1024x576.jpg 1024w\" sizes=\"auto, (max-width: 1920px) 100vw, 1920px\" \/><\/p>\n<p><strong>\u00a0<\/strong><\/p>\n<p>&nbsp;<\/p>\n<p>&nbsp;<\/p>\n<p>&nbsp;<\/p>\n<p>&nbsp;<\/p>\n","protected":false,"gt_translate_keys":[{"key":"rendered","format":"html"}]},"excerpt":{"rendered":"<p>N\u00eb nj\u00eb sondazh t\u00eb b\u00ebr\u00eb nga IPR Marketing dhe t\u00eb publikuar nga RTV Ora jepen p\u00ebrqindjet se \u00e7mendojn\u00eb shqiptar\u00ebt e pyetur p\u00ebr situat\u00ebn politike dhe gjendjen e jetes\u00ebs n\u00eb vendon ton\u00eb. Pyetjes: Sipas jush Shqip\u00ebria po shkon&#8230;: 49 % po shkon ne drejtim te gabuar Jan\u00eb 40.8% e qytetar\u00ebve shqiptar\u00eb q\u00eb mendojn\u00eb se Shqip\u00ebria po [&hellip;]<\/p>\n","protected":false,"gt_translate_keys":[{"key":"rendered","format":"html"}]},"author":32,"featured_media":287215,"comment_status":"open","ping_status":"open","sticky":false,"template":"","format":"standard","meta":{"footnotes":""},"categories":[65,13],"tags":[],"class_list":["post-287211","post","type-post","status-publish","format-standard","has-post-thumbnail","hentry","category-lajme","category-te-fundit"],"gt_translate_keys":[{"key":"link","format":"url"}],"_links":{"self":[{"href":"https:\/\/www.hashtag.al\/index.php\/wp-json\/wp\/v2\/posts\/287211","targetHints":{"allow":["GET"]}}],"collection":[{"href":"https:\/\/www.hashtag.al\/index.php\/wp-json\/wp\/v2\/posts"}],"about":[{"href":"https:\/\/www.hashtag.al\/index.php\/wp-json\/wp\/v2\/types\/post"}],"author":[{"embeddable":true,"href":"https:\/\/www.hashtag.al\/index.php\/wp-json\/wp\/v2\/users\/32"}],"replies":[{"embeddable":true,"href":"https:\/\/www.hashtag.al\/index.php\/wp-json\/wp\/v2\/comments?post=287211"}],"version-history":[{"count":0,"href":"https:\/\/www.hashtag.al\/index.php\/wp-json\/wp\/v2\/posts\/287211\/revisions"}],"wp:featuredmedia":[{"embeddable":true,"href":"https:\/\/www.hashtag.al\/index.php\/wp-json\/wp\/v2\/media\/287215"}],"wp:attachment":[{"href":"https:\/\/www.hashtag.al\/index.php\/wp-json\/wp\/v2\/media?parent=287211"}],"wp:term":[{"taxonomy":"category","embeddable":true,"href":"https:\/\/www.hashtag.al\/index.php\/wp-json\/wp\/v2\/categories?post=287211"},{"taxonomy":"post_tag","embeddable":true,"href":"https:\/\/www.hashtag.al\/index.php\/wp-json\/wp\/v2\/tags?post=287211"}],"curies":[{"name":"wp","href":"https:\/\/api.w.org\/{rel}","templated":true}]}}