{"id":287059,"date":"2019-04-03T12:31:04","date_gmt":"2019-04-03T10:31:04","guid":{"rendered":"https:\/\/hashtag.al\/?p=287059"},"modified":"2019-04-03T12:31:04","modified_gmt":"2019-04-03T10:31:04","slug":"kryemadhi-rames-vucici-u-tregua-me-i-mencur-merr-shembull-te-ai-dhe-shpeto-ps-ne","status":"publish","type":"post","link":"https:\/\/www.hashtag.al\/index.php\/2019\/04\/03\/kryemadhi-rames-vucici-u-tregua-me-i-mencur-merr-shembull-te-ai-dhe-shpeto-ps-ne\/","title":{"rendered":"Kryemadhi-Ram\u00ebs: Vu\u00e7i\u00e7i u tregua m\u00eb i men\u00e7ur, merr shembull te ai dhe shp\u00ebto PS-n\u00eb","gt_translate_keys":[{"key":"rendered","format":"text"}]},"content":{"rendered":"<p><img loading=\"lazy\" decoding=\"async\" class=\"aligncenter size-full wp-image-287060\" src=\"https:\/\/hashtag.al\/wp-content\/uploads\/2019\/04\/Kryemadhiii.jpg\" alt=\"\" width=\"1433\" height=\"732\" srcset=\"https:\/\/www.hashtag.al\/wp-content\/uploads\/2019\/04\/Kryemadhiii.jpg 1433w, https:\/\/www.hashtag.al\/wp-content\/uploads\/2019\/04\/Kryemadhiii-300x153.jpg 300w, https:\/\/www.hashtag.al\/wp-content\/uploads\/2019\/04\/Kryemadhiii-768x392.jpg 768w, https:\/\/www.hashtag.al\/wp-content\/uploads\/2019\/04\/Kryemadhiii-1024x523.jpg 1024w\" sizes=\"auto, (max-width: 1433px) 100vw, 1433px\" \/><\/p>\n<p><span style=\"color: #000000;\">Gjat\u00eb marshimit drejt Kryeministris\u00eb, kryetarja e Levizjes Socialiste p\u00ebr Integrim Monika Kryemadhi paralajm\u00ebroi kryeministrin Edi Rama se nuk ka par\u00eb gj\u00eb akoma. Kryemadhi tha se opozita nuk do ndal\u00eb protestat deri n\u00eb rr\u00ebzimin e sistemit t\u00eb vlerave t\u00eb vendosur nga Rama.<\/span><\/p>\n<p><span style=\"color: #000000;\"><em>&#8220;Nuk ka par\u00eb gj\u00eb akoma. Nuk \u00ebsht\u00eb plot\u00ebsuar asnj\u00eb k\u00ebrkes\u00eb e student\u00ebve dhe i kan\u00eb futur n\u00eb nj\u00eb qerthull q\u00eb e shton akoma m\u00eb shum\u00eb munges\u00ebn e funksionimit t\u00eb Universitetit. Jemi akoma n\u00eb periudh\u00ebn e sensibilizimit, shqiptar\u00ebt jan\u00eb sensibilizuarm\u00eb shum\u00eb se kushdo tjet\u00ebr. Po sensibilizojm\u00eb socialist\u00ebt n\u00eb parlamentin e Edi Ram\u00ebs dhe po sensibilizojm\u00eb dhe at\u00eb pjes\u00eb t\u00eb Rilindjes e cila e kupton se \u00e7do gj\u00eb ka marr\u00eb fund por \u00ebsht\u00eb vet\u00ebm nj\u00eb zvarritje q\u00eb shton m\u00eb shum\u00eb d\u00ebmin n\u00eb \u00a0radh\u00ebt e PS sesa politikisht ndaj \u00a0opozit\u00ebs. Protestat nuk do t\u00eb ndalojn\u00eb derisa n\u00eb Shqip\u00ebri t\u00eb vendoset nj\u00eb sistem i vlerave dhe jo sistem i antivlerave q\u00eb ka ngritur Rama.T\u00eb vendoset ai sistem ku \u00e7do njeri q\u00eb vjen n\u00eb Shqip\u00ebri t\u00eb mos e mendoj\u00eb Shqip\u00ebrin\u00eb si parajs\u00ebn e drog\u00ebs, seksit dhe paras\u00eb por si nj\u00eb vend europian.&#8221;,<\/em> tha Kryemadhi.<\/span><\/p>\n<p><span style=\"color: #000000;\">Kryetarja e LSI-s\u00eb foli p\u00ebr blerjen e votave n\u00eb zgjedhjet e 2017-\u00ebs duke e konsideruar Ram\u00ebn ideator dhe organizues t\u00eb k\u00ebtij fenomeni.<\/span><\/p>\n<p><em><span style=\"color: #000000;\">&#8220;E r\u00ebnd\u00ebsishme \u00ebsht\u00eb t\u00eb kemi zgjedhje t\u00eb lira dhe t\u00eb ndershme. Edi Rama \u00ebsht\u00eb skenaristi, regjisori, dhe aktori kryesor i gjith\u00eb procesit makab\u00ebr t\u00eb zgjedhjeve t\u00eb 2017-\u00ebs.<\/span><\/em><\/p>\n<p><em><span style=\"color: #000000;\">K\u00ebt\u00eb nuk e kemi v\u00ebrtetuar ne, e ka v\u00ebrtetuar prokuroria shqiptare, mediat e huaja, dosja 338 dhe dosja 184 e cila \u00ebsht\u00eb akoma m\u00eb e r\u00ebnd\u00eb. Edi Rama ka treguar dhe ka demaskuar skem\u00ebnn e votave n\u00eb k\u00ebmbim t\u00eb parcelave t\u00eb hashashit. Reforma Zgjedhore \u00ebsht\u00eb nj\u00eb proces q\u00eb p\u00ebr hir t\u00eb s\u00eb v\u00ebrtet\u00ebs n\u00ebse nuk garantohet shitblerja e vot\u00ebs, ndalimi p\u00ebrfundimisht i shitblerjes s\u00eb vot\u00ebs dhe p\u00ebrdorimi i bandave kriminale, Reforma Zgjedhore \u00ebsht\u00eb e kot\u00eb.<\/span><\/em><\/p>\n<p><em><span style=\"color: #000000;\">Hipokrizi dhe demagogji me shqiptar\u00ebt u lodh\u00ebm. Ne nuk jemi budallenj, as t\u00eb pashkoll\u00eb. Nuk kemi ato mund\u00ebsi dhe shanse q\u00eb kan\u00eb qytetar\u00ebt e BE por shqiptar\u00ebt jan\u00eb t\u00eb zot\u00ebt t\u00eb marrin fatet e tyre n\u00eb dor\u00eb. N\u00eb sht\u00ebpin\u00eb time nuk b\u00ebhet dot zot komshiu. P\u00ebr \u00e7do gj\u00eb tjet\u00ebr jemi t\u00eb qart\u00eb n\u00eb rrug\u00ebn ton\u00eb, jemi t\u00eb vendosur.<\/span><\/em><\/p>\n<p><em><span style=\"color: #000000;\">N\u00eb fund t\u00eb dit\u00ebs, n\u00ebse t\u00eb gjith\u00eb k\u00ebta ambasador\u00ebq\u00eb jan\u00eb k\u00ebtu, q\u00eb na flasin p\u00ebr demokracin\u00eb, do t&#8217;i jepnin shqiptar\u00ebve buk\u00ebn n\u00eb tavolin\u00eb p\u00ebr f\u00ebmij\u00ebt e tyre, un\u00eb po ju them t\u00eb gjith\u00eb k\u00ebta njer\u00ebz presin nga politika e vendit t\u00eb tyre. Ambasador\u00ebt ikin dhe vijn\u00eb. Ambasador\u00ebt rrin\u00eb 2-3 vjet, kthehen si mbret\u00ebr n\u00eb vendet e tyre, pastaj kthehen n\u00eb normalitet. N\u00eb fund t\u00eb dit\u00ebs shqiptari duhet t\u00eb konsideroj\u00eb Shqip\u00ebrin\u00eb si sht\u00ebpin\u00eb e vet.<\/span><\/em><\/p>\n<p><span style=\"color: #000000;\"><em>Asnj\u00ebri prej nesh nuk ka marr\u00eb at\u00eb \u00e7far\u00eb ka pretenduar n\u00eb vendet e tyre. T\u00eb t\u00ebr\u00eb jemi sh\u00ebrb\u00ebtor\u00eb atje. Nuk jemi kund\u00ebr k\u00ebsaj.&#8221;<\/em>, tha Kryemadhi.<\/span><\/p>\n<p><span style=\"color: #000000;\">N\u00eb fund t\u00eb fjalimit t\u00eb saj, Kryemadhi i b\u00ebri thirrje Ram\u00ebs t\u00eb marr\u00eb shembull nga aleksandar Vu\u00e7i\u00e7, presidenti serb.<\/span><\/p>\n<p><em><span style=\"color: #000000;\">&#8220;Dashuria e jet\u00ebs s\u00eb tij n\u00eb politik\u00eb Vu\u00e7i\u00e7i u tregua m\u00eb i zgjuar. D\u00ebshtoi n\u00eb ndryshimin e kufijve t\u00eb Shqip\u00ebris\u00eb, do t\u00eb l\u00ebviz\u00eb t\u00eb gjith\u00eb gur\u00ebt e shahut me lidhjet e tij n\u00eb SHBa dhe n\u00eb Europ\u00eb dhe t\u00eb ndryshoj\u00eb kufijt\u00eb e Shqip\u00ebris\u00eb.<\/span><\/em><\/p>\n<p><span style=\"color: #000000;\"><em>Mua s&#8217;m\u00eb takon t\u00eb flas p\u00ebr kufijt\u00eb e Kosov\u00ebs por p\u00ebr kufijt\u00eb e Shqip\u00ebris\u00eb. T\u00eb marr\u00eb pak nga men\u00e7uria e Vu\u00e7i\u00e7it dhe t\u00eb shkoj\u00eb n\u00eb zgjedhje t\u00eb shp\u00ebtoj\u00eb Partin\u00eb q\u00eb i dha mund\u00ebsin\u00eb t\u00eb jet\u00eb ky q\u00eb \u00ebsht\u00eb sot. Faleminderit.&#8221;<\/em>, tha Kryemadhi.<\/span><\/p>\n<p>&nbsp;<\/p>\n<p>&nbsp;<\/p>\n","protected":false,"gt_translate_keys":[{"key":"rendered","format":"html"}]},"excerpt":{"rendered":"<p>Gjat\u00eb marshimit drejt Kryeministris\u00eb, kryetarja e Levizjes Socialiste p\u00ebr Integrim Monika Kryemadhi paralajm\u00ebroi kryeministrin Edi Rama se nuk ka par\u00eb gj\u00eb akoma. Kryemadhi tha se opozita nuk do ndal\u00eb protestat deri n\u00eb rr\u00ebzimin e sistemit t\u00eb vlerave t\u00eb vendosur nga Rama. &#8220;Nuk ka par\u00eb gj\u00eb akoma. Nuk \u00ebsht\u00eb plot\u00ebsuar asnj\u00eb k\u00ebrkes\u00eb e student\u00ebve dhe i [&hellip;]<\/p>\n","protected":false,"gt_translate_keys":[{"key":"rendered","format":"html"}]},"author":30,"featured_media":287060,"comment_status":"open","ping_status":"open","sticky":false,"template":"","format":"standard","meta":{"footnotes":""},"categories":[65,13],"tags":[],"class_list":["post-287059","post","type-post","status-publish","format-standard","has-post-thumbnail","hentry","category-lajme","category-te-fundit"],"gt_translate_keys":[{"key":"link","format":"url"}],"_links":{"self":[{"href":"https:\/\/www.hashtag.al\/index.php\/wp-json\/wp\/v2\/posts\/287059","targetHints":{"allow":["GET"]}}],"collection":[{"href":"https:\/\/www.hashtag.al\/index.php\/wp-json\/wp\/v2\/posts"}],"about":[{"href":"https:\/\/www.hashtag.al\/index.php\/wp-json\/wp\/v2\/types\/post"}],"author":[{"embeddable":true,"href":"https:\/\/www.hashtag.al\/index.php\/wp-json\/wp\/v2\/users\/30"}],"replies":[{"embeddable":true,"href":"https:\/\/www.hashtag.al\/index.php\/wp-json\/wp\/v2\/comments?post=287059"}],"version-history":[{"count":0,"href":"https:\/\/www.hashtag.al\/index.php\/wp-json\/wp\/v2\/posts\/287059\/revisions"}],"wp:featuredmedia":[{"embeddable":true,"href":"https:\/\/www.hashtag.al\/index.php\/wp-json\/wp\/v2\/media\/287060"}],"wp:attachment":[{"href":"https:\/\/www.hashtag.al\/index.php\/wp-json\/wp\/v2\/media?parent=287059"}],"wp:term":[{"taxonomy":"category","embeddable":true,"href":"https:\/\/www.hashtag.al\/index.php\/wp-json\/wp\/v2\/categories?post=287059"},{"taxonomy":"post_tag","embeddable":true,"href":"https:\/\/www.hashtag.al\/index.php\/wp-json\/wp\/v2\/tags?post=287059"}],"curies":[{"name":"wp","href":"https:\/\/api.w.org\/{rel}","templated":true}]}}