{"id":287022,"date":"2019-04-03T10:55:51","date_gmt":"2019-04-03T08:55:51","guid":{"rendered":"https:\/\/hashtag.al\/?p=287022"},"modified":"2019-04-03T11:02:25","modified_gmt":"2019-04-03T09:02:25","slug":"pise-dhe-kuke-pezullohet-nga-detyra-mesuesja-ne-kukes","status":"publish","type":"post","link":"https:\/\/www.hashtag.al\/index.php\/2019\/04\/03\/pise-dhe-kuke-pezullohet-nga-detyra-mesuesja-ne-kukes\/","title":{"rendered":"&#8220;Pise&#8221; dhe &#8220;Ku*k\u00eb&#8221;, pezullohet nga detyra m\u00ebsuesja n\u00eb Kuk\u00ebs","gt_translate_keys":[{"key":"rendered","format":"text"}]},"content":{"rendered":"<p><span style=\"color: #000000;\"><img loading=\"lazy\" decoding=\"async\" class=\"aligncenter size-full wp-image-287023\" src=\"https:\/\/hashtag.al\/wp-content\/uploads\/2019\/04\/mesuese.jpg\" alt=\"\" width=\"770\" height=\"367\" srcset=\"https:\/\/www.hashtag.al\/wp-content\/uploads\/2019\/04\/mesuese.jpg 770w, https:\/\/www.hashtag.al\/wp-content\/uploads\/2019\/04\/mesuese-300x143.jpg 300w, https:\/\/www.hashtag.al\/wp-content\/uploads\/2019\/04\/mesuese-768x366.jpg 768w\" sizes=\"auto, (max-width: 770px) 100vw, 770px\" \/><\/span><\/p>\n<p><span style=\"color: #000000;\">Pas publikimit t\u00eb nj\u00eb videoje nga emisioni investigativ &#8220;Stop&#8221;, ministrja e Arsimit Besa Shahini ka pezulluar nga detyra m\u00ebsuesen n\u00eb Kuk\u00ebs, e cila ofendon nx\u00ebn\u00ebsit me fjal\u00eb t\u00eb r\u00ebnda.<\/span><\/p>\n<p><span style=\"color: #000000;\">Sipas Shahinit, sjellja e till\u00eb \u00ebsht\u00eb e patolerueshme p\u00ebr nj\u00eb m\u00ebsuese.<\/span><\/p>\n<p><em><span style=\"color: #000000;\">&#8220;E kam t\u00eb pamundur t\u00eb toleroj \u00e7do lloj forme t\u00eb dhun\u00ebs ndaj nx\u00ebn\u00ebsve apo m\u00ebsuesve brenda shkollave, qoft\u00eb kjo dhun\u00eb fizike, verbale apo psikologjike.<\/span><\/em><\/p>\n<p><em><span style=\"color: #000000;\">Gjuha me t\u00eb cil\u00ebn m\u00ebsuesja i referohet nx\u00ebn\u00ebses dhe dhuna e p\u00ebrdorur n\u00eb shkoll\u00ebn 9-vje\u00e7are \u201cBajram Curri\u201d n\u00eb Kuk\u00ebs, nuk l\u00eb vend p\u00ebr justifikime.<\/span><\/em><br \/>\n<em><span style=\"color: #000000;\">Q\u00eb sot, m\u00ebsuesja \u00ebsht\u00eb pezulluar dhe ndaj saj po merren urgjentisht masa.<\/span><\/em><br \/>\n<span style=\"color: #000000;\"><em>Falenderoj emisionin Stop q\u00eb e solli rastin n\u00eb v\u00ebmendjen e autoriteteve.&#8221;,<\/em> shkruan Shahini.<\/span><\/p>\n<p><span style=\"color: #000000;\">M\u00ebsuesja e Matematik\u00ebs n\u00eb shkoll\u00ebn n\u00eb Kuk\u00ebs, nuk ngurron t\u00eb p\u00ebrdor\u00eb me nx\u00ebn\u00ebsit e klas\u00ebs s\u00eb kat\u00ebrt fjal\u00eb t\u00eb tilla si &#8220;pise&#8221; apo &#8220;ku*k\u00eb&#8221;, madje as goditjet.<\/span><\/p>\n","protected":false,"gt_translate_keys":[{"key":"rendered","format":"html"}]},"excerpt":{"rendered":"<p>Pas publikimit t\u00eb nj\u00eb videoje nga emisioni investigativ &#8220;Stop&#8221;, ministrja e Arsimit Besa Shahini ka pezulluar nga detyra m\u00ebsuesen n\u00eb Kuk\u00ebs, e cila ofendon nx\u00ebn\u00ebsit me fjal\u00eb t\u00eb r\u00ebnda. Sipas Shahinit, sjellja e till\u00eb \u00ebsht\u00eb e patolerueshme p\u00ebr nj\u00eb m\u00ebsuese. &#8220;E kam t\u00eb pamundur t\u00eb toleroj \u00e7do lloj forme t\u00eb dhun\u00ebs ndaj nx\u00ebn\u00ebsve apo m\u00ebsuesve [&hellip;]<\/p>\n","protected":false,"gt_translate_keys":[{"key":"rendered","format":"html"}]},"author":30,"featured_media":287023,"comment_status":"open","ping_status":"open","sticky":false,"template":"","format":"standard","meta":{"footnotes":""},"categories":[65,13],"tags":[],"class_list":["post-287022","post","type-post","status-publish","format-standard","has-post-thumbnail","hentry","category-lajme","category-te-fundit"],"gt_translate_keys":[{"key":"link","format":"url"}],"_links":{"self":[{"href":"https:\/\/www.hashtag.al\/index.php\/wp-json\/wp\/v2\/posts\/287022","targetHints":{"allow":["GET"]}}],"collection":[{"href":"https:\/\/www.hashtag.al\/index.php\/wp-json\/wp\/v2\/posts"}],"about":[{"href":"https:\/\/www.hashtag.al\/index.php\/wp-json\/wp\/v2\/types\/post"}],"author":[{"embeddable":true,"href":"https:\/\/www.hashtag.al\/index.php\/wp-json\/wp\/v2\/users\/30"}],"replies":[{"embeddable":true,"href":"https:\/\/www.hashtag.al\/index.php\/wp-json\/wp\/v2\/comments?post=287022"}],"version-history":[{"count":0,"href":"https:\/\/www.hashtag.al\/index.php\/wp-json\/wp\/v2\/posts\/287022\/revisions"}],"wp:featuredmedia":[{"embeddable":true,"href":"https:\/\/www.hashtag.al\/index.php\/wp-json\/wp\/v2\/media\/287023"}],"wp:attachment":[{"href":"https:\/\/www.hashtag.al\/index.php\/wp-json\/wp\/v2\/media?parent=287022"}],"wp:term":[{"taxonomy":"category","embeddable":true,"href":"https:\/\/www.hashtag.al\/index.php\/wp-json\/wp\/v2\/categories?post=287022"},{"taxonomy":"post_tag","embeddable":true,"href":"https:\/\/www.hashtag.al\/index.php\/wp-json\/wp\/v2\/tags?post=287022"}],"curies":[{"name":"wp","href":"https:\/\/api.w.org\/{rel}","templated":true}]}}