{"id":287013,"date":"2019-04-03T10:39:23","date_gmt":"2019-04-03T08:39:23","guid":{"rendered":"https:\/\/hashtag.al\/?p=287013"},"modified":"2019-04-03T10:47:00","modified_gmt":"2019-04-03T08:47:00","slug":"te-rinjte-ne-proteste-me-pranga-ne-duar-dhe-uniforma-fotot","status":"publish","type":"post","link":"https:\/\/www.hashtag.al\/index.php\/2019\/04\/03\/te-rinjte-ne-proteste-me-pranga-ne-duar-dhe-uniforma-fotot\/","title":{"rendered":"T\u00eb rinjt\u00eb n\u00eb protest\u00eb me pranga n\u00eb duar dhe uniforma (FOTOT)","gt_translate_keys":[{"key":"rendered","format":"text"}]},"content":{"rendered":"<p><span style=\"color: #000000;\"><img loading=\"lazy\" decoding=\"async\" class=\"aligncenter size-full wp-image-287017\" src=\"https:\/\/hashtag.al\/wp-content\/uploads\/2019\/04\/protesta-3-prill-ok-ok-7.jpeg\" alt=\"\" width=\"1280\" height=\"853\" srcset=\"https:\/\/www.hashtag.al\/wp-content\/uploads\/2019\/04\/protesta-3-prill-ok-ok-7.jpeg 1280w, https:\/\/www.hashtag.al\/wp-content\/uploads\/2019\/04\/protesta-3-prill-ok-ok-7-300x200.jpeg 300w, https:\/\/www.hashtag.al\/wp-content\/uploads\/2019\/04\/protesta-3-prill-ok-ok-7-768x512.jpeg 768w, https:\/\/www.hashtag.al\/wp-content\/uploads\/2019\/04\/protesta-3-prill-ok-ok-7-1024x682.jpeg 1024w\" sizes=\"auto, (max-width: 1280px) 100vw, 1280px\" \/><\/span><\/p>\n<p><span style=\"color: #000000;\">N\u00eb protest\u00ebn e sotme t\u00eb opozit\u00ebs, nj\u00eb grup t\u00eb rinjsh jan\u00eb paraqitur me uniforma. Bluza t\u00eb zeza mbi t\u00eb cilat shkruhet: <em>&#8220;Liri, Demokraci, Shpres\u00eb&#8221;.<\/em><\/span><\/p>\n<p><span style=\"color: #000000;\">Po ashtu, disa prej tyre kan\u00eb n\u00eb duar pranga, t\u00eb cilat i p\u00ebrdorin si simbolik\u00ebn kryesore t\u00eb protest\u00ebs s\u00eb sotme.<\/span><\/p>\n<p><span style=\"color: #000000;\">Kryetari i Forumit Rinor t\u00eb PD Belind K\u00eblli\u00e7i, \u00ebsht\u00eb personi q\u00eb ka mbajtur i pari nj\u00eb fjalim n\u00eb protest\u00ebn e qytetar\u00ebve p\u00ebrpara parlamentit. K\u00eblli\u00e7i ka shprehur dhimbjen e tij p\u00ebr ata t\u00eb rinj, q\u00eb nuk thirren n\u00eb takime p\u00ebr axhenda komb\u00ebtare, por thirren p\u00ebr nj\u00eb vend pune n\u00eb takimet elektorale t\u00eb Edi Ram\u00ebs dhe Erion Veliajt.<\/span><\/p>\n<p><span style=\"color: #000000;\">Sipas tij, arsyeja se pse qytetar\u00ebt duhet t\u00eb ishin sot n\u00eb protest\u00eb dhe ve\u00e7an\u00ebrisht t\u00eb rinjt\u00eb, \u00ebsht\u00eb p\u00ebr shkak t\u00eb pyetjeve q\u00eb brezi i ri do t\u2019ua b\u00ebj\u00eb n\u00eb t\u00eb ardhmen:<em> &#8220;Ku ishe ti, kur Edi Rama p\u00ebrzuri mij\u00ebra t\u00eb rinj nga Shqip\u00ebria? Ku ishe ti kur Edi Rama shkat\u00ebrroi ekonomin\u00eb komb\u00ebtare?! Ku ishe ti kur e ardhmja jote u mor peng?! Ndaj ne jemi krenar q\u00eb jemi sot k\u00ebtu p\u00ebr nj\u00eb kauz\u00eb t\u00eb drejt\u00eb q\u00eb do t\u00eb shp\u00ebtoj\u00eb nj\u00ebherr\u00eb e mir\u00eb Shqip\u00ebria&#8221;.<\/em><\/span><\/p>\n<p><span style=\"color: #000000;\">Kryedemokrati Lulzim Basha ia ka l\u00ebn\u00eb si detyr\u00eb drejtimin e protest\u00ebs, pik\u00ebrisht Forumit Rinor t\u00eb PD-s\u00eb t\u00eb cil\u00ebt kan\u00eb organizuar dhe pankartat dhe simbolikat e tjera t\u00eb p\u00ebrdorura n\u00eb protest\u00eb.<\/span><\/p>\n<p><span style=\"color: #000000;\"><img loading=\"lazy\" decoding=\"async\" class=\"aligncenter size-full wp-image-287016\" src=\"https:\/\/hashtag.al\/wp-content\/uploads\/2019\/04\/protesta-3-prill-ok-ok-10.jpeg\" alt=\"\" width=\"1280\" height=\"853\" srcset=\"https:\/\/www.hashtag.al\/wp-content\/uploads\/2019\/04\/protesta-3-prill-ok-ok-10.jpeg 1280w, https:\/\/www.hashtag.al\/wp-content\/uploads\/2019\/04\/protesta-3-prill-ok-ok-10-300x200.jpeg 300w, https:\/\/www.hashtag.al\/wp-content\/uploads\/2019\/04\/protesta-3-prill-ok-ok-10-768x512.jpeg 768w, https:\/\/www.hashtag.al\/wp-content\/uploads\/2019\/04\/protesta-3-prill-ok-ok-10-1024x682.jpeg 1024w\" sizes=\"auto, (max-width: 1280px) 100vw, 1280px\" \/> <img loading=\"lazy\" decoding=\"async\" class=\"aligncenter size-full wp-image-287015\" src=\"https:\/\/hashtag.al\/wp-content\/uploads\/2019\/04\/protesta-3-prill-ok-ok-9.jpeg\" alt=\"\" width=\"1280\" height=\"853\" srcset=\"https:\/\/www.hashtag.al\/wp-content\/uploads\/2019\/04\/protesta-3-prill-ok-ok-9.jpeg 1280w, https:\/\/www.hashtag.al\/wp-content\/uploads\/2019\/04\/protesta-3-prill-ok-ok-9-300x200.jpeg 300w, https:\/\/www.hashtag.al\/wp-content\/uploads\/2019\/04\/protesta-3-prill-ok-ok-9-768x512.jpeg 768w, https:\/\/www.hashtag.al\/wp-content\/uploads\/2019\/04\/protesta-3-prill-ok-ok-9-1024x682.jpeg 1024w\" sizes=\"auto, (max-width: 1280px) 100vw, 1280px\" \/> <img loading=\"lazy\" decoding=\"async\" class=\"aligncenter size-full wp-image-287014\" src=\"https:\/\/hashtag.al\/wp-content\/uploads\/2019\/04\/protesta-3-prill-ok-ok-7-1.jpeg\" alt=\"\" width=\"1280\" height=\"853\" srcset=\"https:\/\/www.hashtag.al\/wp-content\/uploads\/2019\/04\/protesta-3-prill-ok-ok-7-1.jpeg 1280w, https:\/\/www.hashtag.al\/wp-content\/uploads\/2019\/04\/protesta-3-prill-ok-ok-7-1-300x200.jpeg 300w, https:\/\/www.hashtag.al\/wp-content\/uploads\/2019\/04\/protesta-3-prill-ok-ok-7-1-768x512.jpeg 768w, https:\/\/www.hashtag.al\/wp-content\/uploads\/2019\/04\/protesta-3-prill-ok-ok-7-1-1024x682.jpeg 1024w\" sizes=\"auto, (max-width: 1280px) 100vw, 1280px\" \/><\/span><\/p>\n","protected":false,"gt_translate_keys":[{"key":"rendered","format":"html"}]},"excerpt":{"rendered":"<p>N\u00eb protest\u00ebn e sotme t\u00eb opozit\u00ebs, nj\u00eb grup t\u00eb rinjsh jan\u00eb paraqitur me uniforma. Bluza t\u00eb zeza mbi t\u00eb cilat shkruhet: &#8220;Liri, Demokraci, Shpres\u00eb&#8221;. Po ashtu, disa prej tyre kan\u00eb n\u00eb duar pranga, t\u00eb cilat i p\u00ebrdorin si simbolik\u00ebn kryesore t\u00eb protest\u00ebs s\u00eb sotme. Kryetari i Forumit Rinor t\u00eb PD Belind K\u00eblli\u00e7i, \u00ebsht\u00eb personi q\u00eb [&hellip;]<\/p>\n","protected":false,"gt_translate_keys":[{"key":"rendered","format":"html"}]},"author":30,"featured_media":287014,"comment_status":"open","ping_status":"open","sticky":false,"template":"","format":"standard","meta":{"footnotes":""},"categories":[53,65],"tags":[],"class_list":["post-287013","post","type-post","status-publish","format-standard","has-post-thumbnail","hentry","category-fast-foodi","category-lajme"],"gt_translate_keys":[{"key":"link","format":"url"}],"_links":{"self":[{"href":"https:\/\/www.hashtag.al\/index.php\/wp-json\/wp\/v2\/posts\/287013","targetHints":{"allow":["GET"]}}],"collection":[{"href":"https:\/\/www.hashtag.al\/index.php\/wp-json\/wp\/v2\/posts"}],"about":[{"href":"https:\/\/www.hashtag.al\/index.php\/wp-json\/wp\/v2\/types\/post"}],"author":[{"embeddable":true,"href":"https:\/\/www.hashtag.al\/index.php\/wp-json\/wp\/v2\/users\/30"}],"replies":[{"embeddable":true,"href":"https:\/\/www.hashtag.al\/index.php\/wp-json\/wp\/v2\/comments?post=287013"}],"version-history":[{"count":0,"href":"https:\/\/www.hashtag.al\/index.php\/wp-json\/wp\/v2\/posts\/287013\/revisions"}],"wp:featuredmedia":[{"embeddable":true,"href":"https:\/\/www.hashtag.al\/index.php\/wp-json\/wp\/v2\/media\/287014"}],"wp:attachment":[{"href":"https:\/\/www.hashtag.al\/index.php\/wp-json\/wp\/v2\/media?parent=287013"}],"wp:term":[{"taxonomy":"category","embeddable":true,"href":"https:\/\/www.hashtag.al\/index.php\/wp-json\/wp\/v2\/categories?post=287013"},{"taxonomy":"post_tag","embeddable":true,"href":"https:\/\/www.hashtag.al\/index.php\/wp-json\/wp\/v2\/tags?post=287013"}],"curies":[{"name":"wp","href":"https:\/\/api.w.org\/{rel}","templated":true}]}}