{"id":287010,"date":"2019-04-03T10:32:24","date_gmt":"2019-04-03T08:32:24","guid":{"rendered":"https:\/\/hashtag.al\/?p=287010"},"modified":"2019-04-03T10:32:24","modified_gmt":"2019-04-03T08:32:24","slug":"mbeti-i-paralizuar-nga-plagosja-me-thike-thirrja-e-13-vjecarit-ta-arrestojne-sulmuesin","status":"publish","type":"post","link":"https:\/\/www.hashtag.al\/index.php\/2019\/04\/03\/mbeti-i-paralizuar-nga-plagosja-me-thike-thirrja-e-13-vjecarit-ta-arrestojne-sulmuesin\/","title":{"rendered":"Mbeti i paralizuar nga plagosja me thik\u00eb, thirrja e 13-vje\u00e7arit: Ta arrestojn\u00eb sulmuesin!","gt_translate_keys":[{"key":"rendered","format":"text"}]},"content":{"rendered":"<p><span style=\"color: #000000;\"><img loading=\"lazy\" decoding=\"async\" class=\"aligncenter size-full wp-image-287011\" src=\"https:\/\/hashtag.al\/wp-content\/uploads\/2019\/04\/klaudio.jpg\" alt=\"\" width=\"1065\" height=\"463\" srcset=\"https:\/\/www.hashtag.al\/wp-content\/uploads\/2019\/04\/klaudio.jpg 1065w, https:\/\/www.hashtag.al\/wp-content\/uploads\/2019\/04\/klaudio-300x130.jpg 300w, https:\/\/www.hashtag.al\/wp-content\/uploads\/2019\/04\/klaudio-768x334.jpg 768w, https:\/\/www.hashtag.al\/wp-content\/uploads\/2019\/04\/klaudio-1024x445.jpg 1024w\" sizes=\"auto, (max-width: 1065px) 100vw, 1065px\" \/><\/span><\/p>\n<p><span style=\"color: #000000;\">M\u00eb 25 shkurt, 13-vje\u00e7ari Klaudian \u00c7upi mbeti i plagosur pas sherrit q\u00eb pati me nj\u00eb 16-vje\u00e7ar n\u00eb qytetin e Durr\u00ebsit. Prej m\u00eb shum\u00eb se nj\u00eb muaj, adoleshenti gjendjet n\u00eb shratin e spitalit p\u00ebr shkak se nuk l\u00ebviz dot. Klaudiani ka mbetur i paralizuar nga plaga q\u00eb ka marr\u00eb.<\/span><\/p>\n<p><span style=\"color: #000000;\">Por p\u00ebrve\u00e7 k\u00ebsaj, familjar\u00ebt e tij ankohen se ndaj 16-vje\u00e7arit S.Kika q\u00eb i plagosi t\u00eb birin nuk \u00ebsht\u00eb marr\u00eb asnj\u00eb mas\u00eb por endet rrug\u00ebve i lir\u00eb. Sipas tyre, as familja e djalit dhunues nuk jan\u00eb interesuar p\u00ebr gjendjen sh\u00ebndet\u00ebsore t\u00eb Klaudianit.<\/span><\/p>\n<p><span style=\"color: #000000;\"><em>&#8220;Djalin e kam t\u00eb paralizuar n\u00eb gjendje t\u00eb r\u00ebnd\u00eb. Gjykata e ka d\u00ebnuar n\u00eb burg. Por e kan\u00eb liruar. Tani un\u00eb k\u00ebrkoj nga shteti drejt\u00ebsi. Djali \u00ebsht\u00eb n\u00eb gjendje t\u00eb paralizuar. E ka par\u00eb djali i madh. Me tha se kan\u00eb nxjerr\u00eb nga burgu. \u00a0Nuk kan\u00eb ardhur familja e tij. S&#8217;kemi b\u00ebr\u00eb asnj\u00eb marr\u00ebveshje, asnj\u00eb gj\u00eb.&#8221;<\/em> tha babi i Klaudianit, Pashk \u00c7upi n\u00eb nj\u00eb prononcim p\u00ebr FaxNe\u00ebs, i cili shtoi se i ka k\u00ebrkuar edhe kryeprokurores Arta Marku, arrestimin e 16-vje\u00e7arit.<\/span><\/p>\n<p><span style=\"color: #000000;\">Vet\u00eb Klaudiani tha se k\u00ebrkon q\u00eb dhunuesi i tij t\u00eb arrestohet. <em>\u00a0\u201cKur mbaruam shkoll\u00ebn ai m\u00eb p\u00ebrplasi dhe m\u00eb shtyu dhe m\u00eb pas nuk mbaj mend m\u00eb gj\u00eb. Kam thirrje q\u00eb ai t\u00eb rikthehet n\u00eb burg, m\u00eb ka th\u00ebn\u00eb v\u00ebllai i madh q\u00eb e ka par\u00eb duke dal\u00eb xhiro\u201d, s<\/em>hprehet Klaudiani.<\/span><\/p>\n<p><span style=\"color: #000000;\"><em>\u00a0\u201cUn\u00eb i lutem shtetit q\u00eb t\u00eb ket\u00eb drejt\u00ebsi, jemi me shpresa q\u00eb do t\u00eb ket\u00eb nj\u00eb p\u00ebrmir\u00ebsim q\u00eb t\u00eb ec\u00eb me k\u00ebmb\u00ebt e veta. Un\u00eb p\u00ebr vete s\u2019kam dal nga sht\u00ebpia q\u00eb prej dit\u00ebs q\u00eb dol\u00ebm nga spitali. Sikur t\u00eb kishin goditur nj\u00eb zog\u00eb pule dhe jo nj\u00eb njeri, nuk na ka ardhur asnj\u00eb njeri q\u00eb ta shohin f\u00ebmin\u00eb me sy\u201d,<\/em> tha mamaja e 13-vje\u00e7arit.<\/span><\/p>\n<p>&nbsp;<\/p>\n","protected":false,"gt_translate_keys":[{"key":"rendered","format":"html"}]},"excerpt":{"rendered":"<p>M\u00eb 25 shkurt, 13-vje\u00e7ari Klaudian \u00c7upi mbeti i plagosur pas sherrit q\u00eb pati me nj\u00eb 16-vje\u00e7ar n\u00eb qytetin e Durr\u00ebsit. Prej m\u00eb shum\u00eb se nj\u00eb muaj, adoleshenti gjendjet n\u00eb shratin e spitalit p\u00ebr shkak se nuk l\u00ebviz dot. Klaudiani ka mbetur i paralizuar nga plaga q\u00eb ka marr\u00eb. Por p\u00ebrve\u00e7 k\u00ebsaj, familjar\u00ebt e tij ankohen [&hellip;]<\/p>\n","protected":false,"gt_translate_keys":[{"key":"rendered","format":"html"}]},"author":30,"featured_media":287011,"comment_status":"open","ping_status":"open","sticky":false,"template":"","format":"standard","meta":{"footnotes":""},"categories":[65,13],"tags":[],"class_list":["post-287010","post","type-post","status-publish","format-standard","has-post-thumbnail","hentry","category-lajme","category-te-fundit"],"gt_translate_keys":[{"key":"link","format":"url"}],"_links":{"self":[{"href":"https:\/\/www.hashtag.al\/index.php\/wp-json\/wp\/v2\/posts\/287010","targetHints":{"allow":["GET"]}}],"collection":[{"href":"https:\/\/www.hashtag.al\/index.php\/wp-json\/wp\/v2\/posts"}],"about":[{"href":"https:\/\/www.hashtag.al\/index.php\/wp-json\/wp\/v2\/types\/post"}],"author":[{"embeddable":true,"href":"https:\/\/www.hashtag.al\/index.php\/wp-json\/wp\/v2\/users\/30"}],"replies":[{"embeddable":true,"href":"https:\/\/www.hashtag.al\/index.php\/wp-json\/wp\/v2\/comments?post=287010"}],"version-history":[{"count":0,"href":"https:\/\/www.hashtag.al\/index.php\/wp-json\/wp\/v2\/posts\/287010\/revisions"}],"wp:featuredmedia":[{"embeddable":true,"href":"https:\/\/www.hashtag.al\/index.php\/wp-json\/wp\/v2\/media\/287011"}],"wp:attachment":[{"href":"https:\/\/www.hashtag.al\/index.php\/wp-json\/wp\/v2\/media?parent=287010"}],"wp:term":[{"taxonomy":"category","embeddable":true,"href":"https:\/\/www.hashtag.al\/index.php\/wp-json\/wp\/v2\/categories?post=287010"},{"taxonomy":"post_tag","embeddable":true,"href":"https:\/\/www.hashtag.al\/index.php\/wp-json\/wp\/v2\/tags?post=287010"}],"curies":[{"name":"wp","href":"https:\/\/api.w.org\/{rel}","templated":true}]}}