{"id":286973,"date":"2019-04-03T09:05:38","date_gmt":"2019-04-03T07:05:38","guid":{"rendered":"https:\/\/hashtag.al\/?p=286973"},"modified":"2019-04-03T09:08:38","modified_gmt":"2019-04-03T07:08:38","slug":"studentja-shqiptare-behet-pjese-e-cern-laboratori-me-i-madh-ne-bote-per-fizike-nukleare","status":"publish","type":"post","link":"https:\/\/www.hashtag.al\/index.php\/2019\/04\/03\/studentja-shqiptare-behet-pjese-e-cern-laboratori-me-i-madh-ne-bote-per-fizike-nukleare\/","title":{"rendered":"Studentja shqiptare b\u00ebhet pjes\u00eb e CERN, laboratori m\u00eb i madh n\u00eb bot\u00eb p\u00ebr fizik\u00eb nukleare","gt_translate_keys":[{"key":"rendered","format":"text"}]},"content":{"rendered":"<p><img loading=\"lazy\" decoding=\"async\" class=\"aligncenter size-full wp-image-286974\" src=\"https:\/\/hashtag.al\/wp-content\/uploads\/2019\/04\/ardiana.jpg\" alt=\"\" width=\"900\" height=\"1200\" srcset=\"https:\/\/www.hashtag.al\/wp-content\/uploads\/2019\/04\/ardiana.jpg 900w, https:\/\/www.hashtag.al\/wp-content\/uploads\/2019\/04\/ardiana-225x300.jpg 225w, https:\/\/www.hashtag.al\/wp-content\/uploads\/2019\/04\/ardiana-768x1024.jpg 768w\" sizes=\"auto, (max-width: 900px) 100vw, 900px\" \/><\/p>\n<p><span style=\"color: #000000;\">Ardiana Bushi, 24-vje\u00e7arja nga Kosova, \u00ebsht\u00eb studentja e par\u00eb shqiptare q\u00eb b\u00ebhet pjes\u00eb e CERN-it, i cili \u00ebsht\u00eb nj\u00eb nga laborator\u00ebt m\u00eb t\u00eb m\u00ebdhenj n\u00eb bot\u00eb p\u00ebr fizik\u00eb nukleare. Sikurse shkruan gazeta <span style=\"color: #0000ff;\"><a style=\"color: #0000ff;\" href=\"https:\/\/zeri.info\/aktuale\/249935\/studentja-kosovare-behet-pjese-e-laboratorit-me-te-madh-ne-bote-per-fizike-nukleare\/\">&#8220;Z\u00ebri.info&#8221;<\/a><\/span>, Ardiana \u00ebsht\u00eb zgjehdur n\u00eb mesin e 1424 personave sa kan\u00eb aplikuar gjithsej nga e gjith\u00eb bota.<\/span><\/p>\n<p><span style=\"color: #000000;\">24-vje\u00e7arja e cila vjen nga Hani i Elezit, studion Fizik\u00eb n\u00eb Universitetin e Prishtin\u00ebs dhe \u00ebsht\u00eb p\u00ebrzgjedhur p\u00ebr t\u00eb marr\u00eb pjes\u00eb n\u00eb \u201cCERN Summer Students Programme\u201d ku do t\u00eb kryej praktik\u00ebn n\u00eb qendr\u00ebn m\u00eb t\u00eb madhe p\u00ebr hulumtime shkencore dhe nj\u00eb nga laborator\u00ebt m\u00eb t\u00eb m\u00ebdhenj n\u00eb bot\u00eb p\u00ebr fizik\u00eb t\u00eb grimcave.<\/span><\/p>\n<p><span style=\"color: #000000;\">K\u00ebt\u00eb studentja e ka konsideruar si realizimin e nj\u00eb \u00ebndrre shum\u00ebvje\u00e7are.<\/span><\/p>\n<p><span style=\"color: #000000;\">\u00a0\u201cP\u00ebr mua t\u00eb jem pjes\u00eb e CERN-it, dhe t\u00eb vler\u00ebsohem nga nj\u00eb laborator me renome bot\u00ebrore ka qen\u00eb \u00ebnd\u00ebrr imja shum\u00ebvje\u00e7are, duke pasur parasysh se un\u00eb vij\u00eb nga nj\u00eb qytet i vog\u00ebl si\u00e7 \u00ebsht\u00eb Hani i Elezit\u201d, ka rr\u00ebfyer 24-vje\u00e7arja p\u00ebr &#8220;Z\u00ebri.info.&#8221;<\/span><\/p>\n<p><span style=\"color: #000000;\">Ardiana tregon se i \u00ebsht\u00eb dashur shum\u00eb p\u00ebrkushtim e pun\u00eb nd\u00ebrsa shton se t\u00eb gjith\u00eb p\u00ebrvoj\u00ebn q\u00eb do t\u00eb marr\u00eb gjat\u00eb q\u00ebndrimit t\u00eb saj n\u00eb Zvic\u00ebr dhe Franc\u00eb, do ta rikthej\u00eb n\u00eb Kosov\u00eb duke kontribuar n\u00eb vendlindjen e saj.<\/span><br \/>\n<span style=\"color: #000000;\">P\u00ebrve\u00e7 studimeve p\u00ebr fizik\u00eb, Ardiana studion nj\u00ebkoh\u00ebsisht edhe shkenca kompjuterike n\u00eb nj\u00eb kolegj privat.<\/span><\/p>\n<p><img loading=\"lazy\" decoding=\"async\" class=\"aligncenter size-full wp-image-286975\" src=\"https:\/\/hashtag.al\/wp-content\/uploads\/2019\/04\/Ardianaa.jpg\" alt=\"\" width=\"442\" height=\"960\" srcset=\"https:\/\/www.hashtag.al\/wp-content\/uploads\/2019\/04\/Ardianaa.jpg 442w, https:\/\/www.hashtag.al\/wp-content\/uploads\/2019\/04\/Ardianaa-138x300.jpg 138w\" sizes=\"auto, (max-width: 442px) 100vw, 442px\" \/><\/p>\n","protected":false,"gt_translate_keys":[{"key":"rendered","format":"html"}]},"excerpt":{"rendered":"<p>Ardiana Bushi, 24-vje\u00e7arja nga Kosova, \u00ebsht\u00eb studentja e par\u00eb shqiptare q\u00eb b\u00ebhet pjes\u00eb e CERN-it, i cili \u00ebsht\u00eb nj\u00eb nga laborator\u00ebt m\u00eb t\u00eb m\u00ebdhenj n\u00eb bot\u00eb p\u00ebr fizik\u00eb nukleare. Sikurse shkruan gazeta &#8220;Z\u00ebri.info&#8221;, Ardiana \u00ebsht\u00eb zgjehdur n\u00eb mesin e 1424 personave sa kan\u00eb aplikuar gjithsej nga e gjith\u00eb bota. 24-vje\u00e7arja e cila vjen nga Hani [&hellip;]<\/p>\n","protected":false,"gt_translate_keys":[{"key":"rendered","format":"html"}]},"author":30,"featured_media":286976,"comment_status":"open","ping_status":"open","sticky":false,"template":"","format":"standard","meta":{"footnotes":""},"categories":[149],"tags":[],"class_list":["post-286973","post","type-post","status-publish","format-standard","has-post-thumbnail","hentry","category-kosoverajon"],"gt_translate_keys":[{"key":"link","format":"url"}],"_links":{"self":[{"href":"https:\/\/www.hashtag.al\/index.php\/wp-json\/wp\/v2\/posts\/286973","targetHints":{"allow":["GET"]}}],"collection":[{"href":"https:\/\/www.hashtag.al\/index.php\/wp-json\/wp\/v2\/posts"}],"about":[{"href":"https:\/\/www.hashtag.al\/index.php\/wp-json\/wp\/v2\/types\/post"}],"author":[{"embeddable":true,"href":"https:\/\/www.hashtag.al\/index.php\/wp-json\/wp\/v2\/users\/30"}],"replies":[{"embeddable":true,"href":"https:\/\/www.hashtag.al\/index.php\/wp-json\/wp\/v2\/comments?post=286973"}],"version-history":[{"count":0,"href":"https:\/\/www.hashtag.al\/index.php\/wp-json\/wp\/v2\/posts\/286973\/revisions"}],"wp:featuredmedia":[{"embeddable":true,"href":"https:\/\/www.hashtag.al\/index.php\/wp-json\/wp\/v2\/media\/286976"}],"wp:attachment":[{"href":"https:\/\/www.hashtag.al\/index.php\/wp-json\/wp\/v2\/media?parent=286973"}],"wp:term":[{"taxonomy":"category","embeddable":true,"href":"https:\/\/www.hashtag.al\/index.php\/wp-json\/wp\/v2\/categories?post=286973"},{"taxonomy":"post_tag","embeddable":true,"href":"https:\/\/www.hashtag.al\/index.php\/wp-json\/wp\/v2\/tags?post=286973"}],"curies":[{"name":"wp","href":"https:\/\/api.w.org\/{rel}","templated":true}]}}