{"id":286963,"date":"2019-04-03T08:41:25","date_gmt":"2019-04-03T06:41:25","guid":{"rendered":"https:\/\/hashtag.al\/?p=286963"},"modified":"2019-04-03T08:43:57","modified_gmt":"2019-04-03T06:43:57","slug":"meghan-markle-dhe-princ-harry-hapin-llogari-ne-instagram-publikojne-fotot-e-para","status":"publish","type":"post","link":"https:\/\/www.hashtag.al\/index.php\/2019\/04\/03\/meghan-markle-dhe-princ-harry-hapin-llogari-ne-instagram-publikojne-fotot-e-para\/","title":{"rendered":"Meghan Markle dhe princ Harry hapin llogari n\u00eb &#8220;Instagram&#8221;, publikojn\u00eb fotot e para","gt_translate_keys":[{"key":"rendered","format":"text"}]},"content":{"rendered":"<p><span style=\"color: #000000;\"><img loading=\"lazy\" decoding=\"async\" class=\"aligncenter size-full wp-image-274172\" src=\"https:\/\/hashtag.al\/wp-content\/uploads\/2019\/02\/harry-MEghan-dasma.jpg\" alt=\"\" width=\"634\" height=\"431\" srcset=\"https:\/\/www.hashtag.al\/wp-content\/uploads\/2019\/02\/harry-MEghan-dasma.jpg 634w, https:\/\/www.hashtag.al\/wp-content\/uploads\/2019\/02\/harry-MEghan-dasma-300x204.jpg 300w\" sizes=\"auto, (max-width: 634px) 100vw, 634px\" \/><\/span><\/p>\n<p><span style=\"color: #000000;\">Pas mbret\u00ebresh\u00ebs Elisabeth II, duket se edhe princi Harry dhe Meghan Markle kan\u00eb vendosur t\u00eb hapin nj\u00eb llogari zyrtare n\u00eb &#8220;Instagram&#8221;.<\/span><\/p>\n<p><span style=\"color: #000000;\">Pasi fshiu adres\u00ebn e saj personale dhe t\u00eb gjitha rrjetet e tjera sociale para martes\u00ebs, dukesha e Sussex \u00ebsht\u00eb rikthyer n\u00eb &#8220;Instagram&#8221;, k\u00ebt\u00eb radh\u00eb n\u00eb nj\u00eb adres\u00eb t\u00eb p\u00ebrbashk\u00ebt me bashk\u00ebshortin.<\/span><\/p>\n<p><span style=\"color: #000000;\"><em>\u201cMir\u00ebseerdh\u00ebt n\u00eb profilin ton\u00eb zyrtar. Mezi presim t\u00eb ndajm\u00eb pun\u00ebt tona, kauzat q\u00eb mb\u00ebshtesim, njoftime t\u00eb r\u00ebnd\u00ebsishme dhe mund\u00ebsin\u00eb p\u00ebr t\u2019i dh\u00ebn\u00eb pak drit\u00eb \u00e7\u00ebshtjeve me r\u00ebnd\u00ebsi. Ju falenderojm\u00eb p\u00ebr suportin dhe ju urojm\u00eb mir\u00ebseardhjen. Meghan dhe Harry\u201d<\/em>&#8211; shkuhet n\u00eb profilin e tyre.<\/span><\/p>\n<p><img loading=\"lazy\" decoding=\"async\" class=\"aligncenter size-full wp-image-286964\" src=\"https:\/\/hashtag.al\/wp-content\/uploads\/2019\/04\/sussex.jpg\" alt=\"\" width=\"896\" height=\"662\" srcset=\"https:\/\/www.hashtag.al\/wp-content\/uploads\/2019\/04\/sussex.jpg 896w, https:\/\/www.hashtag.al\/wp-content\/uploads\/2019\/04\/sussex-300x222.jpg 300w, https:\/\/www.hashtag.al\/wp-content\/uploads\/2019\/04\/sussex-768x567.jpg 768w\" sizes=\"auto, (max-width: 896px) 100vw, 896px\" \/><\/p>\n<p><span style=\"color: #000000;\">Sipas revist\u00ebs &#8220;<span style=\"color: #0000ff;\"><a style=\"color: #0000ff;\" href=\"https:\/\/people.com\/royals\/meghan-markle-prince-harry-launch-instagram-sussex-royal\/\">People<\/a><\/span>&#8220;, Harry and Meghan do ta p\u00ebrdorin &#8220;Instagramin&#8221; edhe p\u00ebr momentet e tyre personale p\u00ebrvessce p\u00ebr punn\u00eb.<\/span><\/p>\n<p><span style=\"color: #000000;\">Harry and Meghan kan\u00eb publikuar sakaq fotot e para, t\u00eb cilat tregojn\u00eb pun\u00ebn e tyre si an\u00ebtar\u00eb t\u00eb familjes mbret\u00ebrore. Ka foto nga turi i tyre n\u00eb Australi, puna e Harry-t me ushtrin\u00eb, me elefant\u00ebt apo Meghan me grat\u00eb e Hubb Community Kitchen.<\/span><\/p>\n<p>&nbsp;<\/p>\n<p><img loading=\"lazy\" decoding=\"async\" class=\"aligncenter size-full wp-image-286965\" src=\"https:\/\/hashtag.al\/wp-content\/uploads\/2019\/04\/m2.jpg\" alt=\"\" width=\"595\" height=\"571\" srcset=\"https:\/\/www.hashtag.al\/wp-content\/uploads\/2019\/04\/m2.jpg 595w, https:\/\/www.hashtag.al\/wp-content\/uploads\/2019\/04\/m2-300x288.jpg 300w\" sizes=\"auto, (max-width: 595px) 100vw, 595px\" \/> <img loading=\"lazy\" decoding=\"async\" class=\"aligncenter size-full wp-image-286966\" src=\"https:\/\/hashtag.al\/wp-content\/uploads\/2019\/04\/m1.jpg\" alt=\"\" width=\"590\" height=\"589\" srcset=\"https:\/\/www.hashtag.al\/wp-content\/uploads\/2019\/04\/m1.jpg 590w, https:\/\/www.hashtag.al\/wp-content\/uploads\/2019\/04\/m1-150x150.jpg 150w, https:\/\/www.hashtag.al\/wp-content\/uploads\/2019\/04\/m1-300x300.jpg 300w, https:\/\/www.hashtag.al\/wp-content\/uploads\/2019\/04\/m1-120x120.jpg 120w\" sizes=\"auto, (max-width: 590px) 100vw, 590px\" \/> <img loading=\"lazy\" decoding=\"async\" class=\"aligncenter size-full wp-image-286967\" src=\"https:\/\/hashtag.al\/wp-content\/uploads\/2019\/04\/h2.jpg\" alt=\"\" width=\"591\" height=\"551\" srcset=\"https:\/\/www.hashtag.al\/wp-content\/uploads\/2019\/04\/h2.jpg 591w, https:\/\/www.hashtag.al\/wp-content\/uploads\/2019\/04\/h2-300x280.jpg 300w\" sizes=\"auto, (max-width: 591px) 100vw, 591px\" \/> <img loading=\"lazy\" decoding=\"async\" class=\"aligncenter size-full wp-image-286968\" src=\"https:\/\/hashtag.al\/wp-content\/uploads\/2019\/04\/h1.jpg\" alt=\"\" width=\"590\" height=\"548\" srcset=\"https:\/\/www.hashtag.al\/wp-content\/uploads\/2019\/04\/h1.jpg 590w, https:\/\/www.hashtag.al\/wp-content\/uploads\/2019\/04\/h1-300x279.jpg 300w\" sizes=\"auto, (max-width: 590px) 100vw, 590px\" \/><\/p>\n","protected":false,"gt_translate_keys":[{"key":"rendered","format":"html"}]},"excerpt":{"rendered":"<p>Pas mbret\u00ebresh\u00ebs Elisabeth II, duket se edhe princi Harry dhe Meghan Markle kan\u00eb vendosur t\u00eb hapin nj\u00eb llogari zyrtare n\u00eb &#8220;Instagram&#8221;. Pasi fshiu adres\u00ebn e saj personale dhe t\u00eb gjitha rrjetet e tjera sociale para martes\u00ebs, dukesha e Sussex \u00ebsht\u00eb rikthyer n\u00eb &#8220;Instagram&#8221;, k\u00ebt\u00eb radh\u00eb n\u00eb nj\u00eb adres\u00eb t\u00eb p\u00ebrbashk\u00ebt me bashk\u00ebshortin. \u201cMir\u00ebseerdh\u00ebt n\u00eb profilin [&hellip;]<\/p>\n","protected":false,"gt_translate_keys":[{"key":"rendered","format":"html"}]},"author":30,"featured_media":249971,"comment_status":"open","ping_status":"open","sticky":false,"template":"","format":"standard","meta":{"footnotes":""},"categories":[53],"tags":[],"class_list":["post-286963","post","type-post","status-publish","format-standard","has-post-thumbnail","hentry","category-fast-foodi"],"gt_translate_keys":[{"key":"link","format":"url"}],"_links":{"self":[{"href":"https:\/\/www.hashtag.al\/index.php\/wp-json\/wp\/v2\/posts\/286963","targetHints":{"allow":["GET"]}}],"collection":[{"href":"https:\/\/www.hashtag.al\/index.php\/wp-json\/wp\/v2\/posts"}],"about":[{"href":"https:\/\/www.hashtag.al\/index.php\/wp-json\/wp\/v2\/types\/post"}],"author":[{"embeddable":true,"href":"https:\/\/www.hashtag.al\/index.php\/wp-json\/wp\/v2\/users\/30"}],"replies":[{"embeddable":true,"href":"https:\/\/www.hashtag.al\/index.php\/wp-json\/wp\/v2\/comments?post=286963"}],"version-history":[{"count":0,"href":"https:\/\/www.hashtag.al\/index.php\/wp-json\/wp\/v2\/posts\/286963\/revisions"}],"wp:featuredmedia":[{"embeddable":true,"href":"https:\/\/www.hashtag.al\/index.php\/wp-json\/wp\/v2\/media\/249971"}],"wp:attachment":[{"href":"https:\/\/www.hashtag.al\/index.php\/wp-json\/wp\/v2\/media?parent=286963"}],"wp:term":[{"taxonomy":"category","embeddable":true,"href":"https:\/\/www.hashtag.al\/index.php\/wp-json\/wp\/v2\/categories?post=286963"},{"taxonomy":"post_tag","embeddable":true,"href":"https:\/\/www.hashtag.al\/index.php\/wp-json\/wp\/v2\/tags?post=286963"}],"curies":[{"name":"wp","href":"https:\/\/api.w.org\/{rel}","templated":true}]}}