{"id":286877,"date":"2019-04-02T18:54:42","date_gmt":"2019-04-02T16:54:42","guid":{"rendered":"https:\/\/hashtag.al\/?p=286877"},"modified":"2019-04-02T18:58:47","modified_gmt":"2019-04-02T16:58:47","slug":"i-bllokoi-rrugen-rames-luciano-boci-shoqerohet-ne-polici-video","status":"publish","type":"post","link":"https:\/\/www.hashtag.al\/index.php\/2019\/04\/02\/i-bllokoi-rrugen-rames-luciano-boci-shoqerohet-ne-polici-video\/","title":{"rendered":"I bllokoi rrug\u00ebn Ram\u00ebs, Lu\u00e7iano Bo\u00e7i shoq\u00ebrohet n\u00eb polici (Video)","gt_translate_keys":[{"key":"rendered","format":"text"}]},"content":{"rendered":"<p><img loading=\"lazy\" decoding=\"async\" class=\"aligncenter size-full wp-image-157281\" src=\"https:\/\/hashtag.al\/wp-content\/uploads\/2018\/02\/lucianoboci-e1518265296710.png\" alt=\"\" width=\"693\" height=\"455\" \/><\/p>\n<p><span style=\"color: #000000;\">Ish-deputeti i Partis\u00eb Demokratike, Lu\u00e7iano Bo\u00e7i \u00ebsht\u00eb shoq\u00ebruar n\u00eb polici, pasi tentoi t\u2019i bllokonte rrug\u00ebn gjat\u00eb dit\u00ebs s\u00eb sotme kryeministrit Rama, i cili ishte n\u00eb nj\u00eb takim n\u00eb fshatin Linas t\u00eb C\u00ebrrikut.<\/span><\/p>\n<p><span style=\"color: #000000;\">N\u00eb nj\u00eb prononcim p\u00ebr \u201cReport Tv\u201d, ish-deputeti u shpreh se \u00ebsht\u00eb k\u00ebrc\u00ebnuar me jet\u00eb nga ish-drejtori i policis\u00eb s\u00eb Fierit, aktualisht zv\/drejtor n\u00eb Elbasan Albert Nushi.<\/span><\/p>\n<p><span style=\"color: #000000;\"><em>\u201cIshte nj\u00eb p\u00ebrplasje fizike me ish-drejtorin e Fierit, at\u00eb q\u00eb paguante Fredi Alizotin, q\u00eb ka dy akuza t\u00eb r\u00ebnd\u00eb n\u00eb kurriz t\u00eb tij dhe na e kan\u00eb sjell\u00eb p\u00ebr t\u00eb pastruar n\u00eb Elbasan. Ishim n\u00eb bordur\u00ebn e ur\u00ebs p\u00ebr protest\u00ebn ton\u00eb. Protesta nuk kishte nisur. <\/em><\/span><\/p>\n<p><span style=\"color: #000000;\"><em>Me at\u00eb brutalitetin e tij, na ka k\u00ebrc\u00ebnuar me jet\u00eb, m\u00eb ka k\u00ebrc\u00ebnuar mua. Nuk \u00ebsht\u00eb gj\u00eb e mir\u00eb q\u00eb e them LIVE, por e v\u00ebrteta \u00ebsht\u00eb e v\u00ebrtet\u00eb.<\/em><\/span><\/p>\n<p><span style=\"color: #000000;\"><em>K\u00ebto jan\u00eb ato ish-drejtor\u00ebt q\u00eb e kap p\u00ebr veshi Fred Alizotin n\u00eb p\u00ebrgjim dhe b\u00ebn cubin me qytetar\u00ebt me ne. K\u00ebta jan\u00eb ata maskarenjt\u00eb q\u00eb tentojn\u00eb q\u00eb t\u00eb mbyllin goj\u00ebn dhe t\u00eb godasin qytetar\u00ebt. Protesta nuk kishte nisur, por prisnin kalimin e \u2018kortezhit\u2019 t\u00eb Ram\u00ebs, se ashtu \u00ebsht\u00eb ai kur vjen n\u00eb zonat tona. K\u00ebta nuk kursejn\u00eb asgj\u00eb. <\/em><\/span><\/p>\n<p><span style=\"color: #000000;\"><em>Policia merr urdhra politik\u00eb, paguhet nga krimi. Kjo ishte shprehje proteste sipas t\u00eb gjitha standardeve. 13 Prilli po vjen, protesta do t\u00eb jet\u00eb m\u00eb e fort\u00eb, dhe p\u00ebrgjigjen do ta marr\u00eb Rama, Fred Nushi dhe t\u00eb tjer\u00ebt<\/em>\u201d-tha ai.<\/span><br \/>\n<iframe loading=\"lazy\" src=\"https:\/\/www.youtube.com\/embed\/g2Ob2I8sMNU\" width=\"523\" height=\"392\" frameborder=\"0\" allowfullscreen=\"allowfullscreen\"><\/iframe><\/p>\n","protected":false,"gt_translate_keys":[{"key":"rendered","format":"html"}]},"excerpt":{"rendered":"<p>Ish-deputeti i Partis\u00eb Demokratike, Lu\u00e7iano Bo\u00e7i \u00ebsht\u00eb shoq\u00ebruar n\u00eb polici, pasi tentoi t\u2019i bllokonte rrug\u00ebn gjat\u00eb dit\u00ebs s\u00eb sotme kryeministrit Rama, i cili ishte n\u00eb nj\u00eb takim n\u00eb fshatin Linas t\u00eb C\u00ebrrikut. N\u00eb nj\u00eb prononcim p\u00ebr \u201cReport Tv\u201d, ish-deputeti u shpreh se \u00ebsht\u00eb k\u00ebrc\u00ebnuar me jet\u00eb nga ish-drejtori i policis\u00eb s\u00eb Fierit, aktualisht zv\/drejtor n\u00eb [&hellip;]<\/p>\n","protected":false,"gt_translate_keys":[{"key":"rendered","format":"html"}]},"author":32,"featured_media":110173,"comment_status":"open","ping_status":"open","sticky":false,"template":"","format":"standard","meta":{"footnotes":""},"categories":[65,13],"tags":[],"class_list":["post-286877","post","type-post","status-publish","format-standard","has-post-thumbnail","hentry","category-lajme","category-te-fundit"],"gt_translate_keys":[{"key":"link","format":"url"}],"_links":{"self":[{"href":"https:\/\/www.hashtag.al\/index.php\/wp-json\/wp\/v2\/posts\/286877","targetHints":{"allow":["GET"]}}],"collection":[{"href":"https:\/\/www.hashtag.al\/index.php\/wp-json\/wp\/v2\/posts"}],"about":[{"href":"https:\/\/www.hashtag.al\/index.php\/wp-json\/wp\/v2\/types\/post"}],"author":[{"embeddable":true,"href":"https:\/\/www.hashtag.al\/index.php\/wp-json\/wp\/v2\/users\/32"}],"replies":[{"embeddable":true,"href":"https:\/\/www.hashtag.al\/index.php\/wp-json\/wp\/v2\/comments?post=286877"}],"version-history":[{"count":0,"href":"https:\/\/www.hashtag.al\/index.php\/wp-json\/wp\/v2\/posts\/286877\/revisions"}],"wp:featuredmedia":[{"embeddable":true,"href":"https:\/\/www.hashtag.al\/index.php\/wp-json\/"}],"wp:attachment":[{"href":"https:\/\/www.hashtag.al\/index.php\/wp-json\/wp\/v2\/media?parent=286877"}],"wp:term":[{"taxonomy":"category","embeddable":true,"href":"https:\/\/www.hashtag.al\/index.php\/wp-json\/wp\/v2\/categories?post=286877"},{"taxonomy":"post_tag","embeddable":true,"href":"https:\/\/www.hashtag.al\/index.php\/wp-json\/wp\/v2\/tags?post=286877"}],"curies":[{"name":"wp","href":"https:\/\/api.w.org\/{rel}","templated":true}]}}