{"id":286641,"date":"2019-04-01T17:03:44","date_gmt":"2019-04-01T15:03:44","guid":{"rendered":"https:\/\/hashtag.al\/?p=286641"},"modified":"2019-04-01T17:04:51","modified_gmt":"2019-04-01T15:04:51","slug":"basha-ne-malesine-e-madhe-qytetaret-ankohen-jemi-ne-krize-shpirterore-spo-ik-vec-rinia-por-dhe-familjaret","status":"publish","type":"post","link":"https:\/\/www.hashtag.al\/index.php\/2019\/04\/01\/basha-ne-malesine-e-madhe-qytetaret-ankohen-jemi-ne-krize-shpirterore-spo-ik-vec-rinia-por-dhe-familjaret\/","title":{"rendered":"Basha n\u00eb Mal\u00ebsin\u00eb e Madhe, qytetar\u00ebt ankohen: Jemi n\u00eb kriz\u00eb shpirt\u00ebrore, s&#8217;po ik ve\u00e7 rinia, por dhe familjar\u00ebt!","gt_translate_keys":[{"key":"rendered","format":"text"}]},"content":{"rendered":"<p><span style=\"color: #000000;\"><img loading=\"lazy\" decoding=\"async\" class=\"aligncenter size-full wp-image-286642\" src=\"https:\/\/hashtag.al\/wp-content\/uploads\/2019\/04\/55779014_364763131034089_7704113371204812800_n.jpg\" alt=\"\" width=\"1280\" height=\"720\" srcset=\"https:\/\/www.hashtag.al\/wp-content\/uploads\/2019\/04\/55779014_364763131034089_7704113371204812800_n.jpg 1280w, https:\/\/www.hashtag.al\/wp-content\/uploads\/2019\/04\/55779014_364763131034089_7704113371204812800_n-300x169.jpg 300w, https:\/\/www.hashtag.al\/wp-content\/uploads\/2019\/04\/55779014_364763131034089_7704113371204812800_n-768x432.jpg 768w, https:\/\/www.hashtag.al\/wp-content\/uploads\/2019\/04\/55779014_364763131034089_7704113371204812800_n-1024x576.jpg 1024w\" sizes=\"auto, (max-width: 1280px) 100vw, 1280px\" \/><\/span><\/p>\n<p><span style=\"color: #000000;\">Kryetari i opozit\u00ebs Lulzim Basha, ndodhet sot n\u00eb Mal\u00ebsin\u00eb e Madhe. Qytetar\u00ebt kan\u00eb ndar\u00eb me Bash\u00ebn shqet\u00ebsimin e tyre p\u00ebr largimin e t\u00eb af\u00ebrmve jasht\u00eb vendit, pasi n\u00eb Shqip\u00ebri nuk kan\u00eb kushtet p\u00ebr t\u00eb punuar.<\/span><\/p>\n<p><span style=\"color: #000000;\"><strong>Lulzim Basha:<\/strong> <em>Hera e par\u00eb q\u00eb vij k\u00ebtu tek ti. Sa koh\u00eb ke q\u00eb e ke hapur k\u00ebt\u00eb dyqan?<\/em><\/span><\/p>\n<p><span style=\"color: #000000;\"><strong>Tregtari Gazmend Fili:<\/strong> <em>Q\u00eb n\u00eb 2010. T\u00eb pun\u00ebsum kam pas\u00eb para 3 viteve, por tani i largova, se s\u2019kam me i pagu rrogat e sigurimet. Jena n\u00eb nj\u00eb situat\u00eb q\u00eb para 3 viteve, gjimnazi ka pas\u00eb 700 nx\u00ebn\u00ebs, sot 350. P\u00ebrve\u00e7 kriz\u00ebs s\u00eb nx\u00ebn\u00ebsve, \u00ebsht\u00eb edhe kriza shpirt\u00ebrore. Jan\u00eb duke ikur edhe familjar\u00ebt, jo vet\u00ebm t\u00eb rinjt\u00eb. Jam 30 vje\u00e7, me diplom\u00eb e nuk shoh asnj\u00eb perspektiv\u00eb. Situat\u00eb \u00ebsht\u00eb e v\u00ebshtir\u00eb, por me ndihm\u00ebn e Zotit, shpresoj t\u00eb b\u00ebhet m\u00eb e mira.<\/em><\/span><\/p>\n<p><span style=\"color: #000000;\"><strong>Basha<\/strong>: <em>Me ndihm\u00ebn e Zotit, por edhe me pun\u00ebn e njer\u00ebzve t\u00eb ndersh\u00ebm. Por \u00ebsht\u00eb e v\u00ebshtir\u00eb, sepse tani nga 1 apo 2 taksa, paguani 5-6 taksa e tarifa. Edhe niveli i taksave \u00ebsht\u00eb shtu. Kemi represion shtet\u00ebror mbi biznesin. E dyta, gjith\u00e7ka q\u00eb mund t\u00eb shesim, e kan\u00eb uzurpu vet\u00ebm 2 njer\u00ebz. Gjith\u00e7ka shkon n\u00eb duart e k\u00ebtyre dy njer\u00ebzve. me k\u00ebto goditje, do ishte shkat\u00ebrruar ekonomia gjermane, jo ekonomia jon\u00eb. Kjo situat\u00eb p\u00ebrcillet tek e gjith\u00eb ekonomia. Familjet zhyten n\u00eb borxh e detyrohen t\u00eb emigrojn\u00eb. Prandaj duhet \u00e7lirim, ndryshim i madh dhe ta p\u00ebrqafojm\u00eb t\u00eb gjith\u00eb k\u00ebt\u00eb ndryshim. Jo vet\u00ebm PD, por edhe biznesi i vog\u00ebl, t\u00eb gjith\u00eb. Ky sistem duhet shembur. Duhet shembur sistemi, pasi Rama \u00ebsht\u00eb i r\u00ebn\u00eb, ai i pari e di k\u00ebt\u00eb.<\/em><\/span><\/p>\n<p><span style=\"color: #000000;\">Basha premtoi se taksa e vetme q\u00eb bizneset e vogl do paguajn\u00eb do jet\u00eb vet\u00ebm 0.5% e xhiros, \u00a0taks\u00eb e p\u00ebrbashk\u00ebt vendore dhe qendrore.<\/span><\/p>\n<p><span style=\"color: #000000;\"><strong>Nj\u00eb buk\u00ebpjek\u00ebs<\/strong>: Po ec\u00ebn shum\u00eb keq. Shum\u00eb njer\u00ebz kan\u00eb ikur nga Mal\u00ebsia e Madhe. Gjith\u00e7ka ndikon tek konsumi. Plus q\u00eb taksat e reja na detyrojn\u00eb q\u00eb \u00e7do dit\u00eb t\u00eb largojm\u00eb pun\u00ebtor\u00ebt q\u00eb kemi pasur. N\u00eb Koplik jan\u00eb 3 buk\u00ebpjek\u00ebs dhe t\u00eb gjith\u00eb jan\u00eb n\u00eb t\u00eb nj\u00ebjt\u00ebn situat\u00eb.<\/span><\/p>\n<p><span style=\"color: #000000;\"><strong>Lulzim<\/strong> <strong>Basha<\/strong>:<em> Ne duhet t\u00eb ndalim hemorragjin\u00eb e largimeve. Para nj\u00eb muaji e gjys\u00ebm ishim n\u00eb Hot dhe atje ishte mbyllur shkolla krejt. Prind\u00ebrit qanin. Dhe nuk b\u00ebhet fjal\u00eb p\u00ebr nj\u00eb vend t\u00eb varf\u00ebr. Vendi yn\u00eb i ka t\u00eb gjitha mund\u00ebsit\u00eb t\u00eb mbaj\u00eb popullsin\u00eb aktuale por edhe ta dyfishoj\u00eb, prandaj prioritet \u00ebsht\u00eb kthimi i rritjes ekonomike, i cili hap edhe vende pune. Kjo do t\u00eb jet\u00eb nj\u00eb nga sfidat tona kryesore. Do keni mb\u00ebshtetjen ton\u00eb totale. Taksa e vetme q\u00eb do paguani me qeverin\u00eb e Partis\u00eb Demokratike do t\u00eb jet\u00eb 0,5 % e xhiros, taks\u00eb e p\u00ebrbashk\u00ebt vendore dhe qendrore. K\u00ebshtu q\u00eb ju sdo ta keni mendjen tek rryshfeti q\u00eb k\u00ebrkon shteti, por do ta keni mendjen vet\u00ebm t\u00eb punoni e t\u00eb prosperoni.<\/em><\/span><\/p>\n<p><img loading=\"lazy\" decoding=\"async\" class=\"aligncenter size-full wp-image-286643\" src=\"https:\/\/hashtag.al\/wp-content\/uploads\/2019\/04\/56119874_2148559748592755_2787963413291073536_n.jpg\" alt=\"\" width=\"1280\" height=\"720\" srcset=\"https:\/\/www.hashtag.al\/wp-content\/uploads\/2019\/04\/56119874_2148559748592755_2787963413291073536_n.jpg 1280w, https:\/\/www.hashtag.al\/wp-content\/uploads\/2019\/04\/56119874_2148559748592755_2787963413291073536_n-300x169.jpg 300w, https:\/\/www.hashtag.al\/wp-content\/uploads\/2019\/04\/56119874_2148559748592755_2787963413291073536_n-768x432.jpg 768w, https:\/\/www.hashtag.al\/wp-content\/uploads\/2019\/04\/56119874_2148559748592755_2787963413291073536_n-1024x576.jpg 1024w\" sizes=\"auto, (max-width: 1280px) 100vw, 1280px\" \/><\/p>\n","protected":false,"gt_translate_keys":[{"key":"rendered","format":"html"}]},"excerpt":{"rendered":"<p>Kryetari i opozit\u00ebs Lulzim Basha, ndodhet sot n\u00eb Mal\u00ebsin\u00eb e Madhe. Qytetar\u00ebt kan\u00eb ndar\u00eb me Bash\u00ebn shqet\u00ebsimin e tyre p\u00ebr largimin e t\u00eb af\u00ebrmve jasht\u00eb vendit, pasi n\u00eb Shqip\u00ebri nuk kan\u00eb kushtet p\u00ebr t\u00eb punuar. Lulzim Basha: Hera e par\u00eb q\u00eb vij k\u00ebtu tek ti. Sa koh\u00eb ke q\u00eb e ke hapur k\u00ebt\u00eb dyqan? Tregtari [&hellip;]<\/p>\n","protected":false,"gt_translate_keys":[{"key":"rendered","format":"html"}]},"author":30,"featured_media":286643,"comment_status":"open","ping_status":"open","sticky":false,"template":"","format":"standard","meta":{"footnotes":""},"categories":[65,13],"tags":[],"class_list":["post-286641","post","type-post","status-publish","format-standard","has-post-thumbnail","hentry","category-lajme","category-te-fundit"],"gt_translate_keys":[{"key":"link","format":"url"}],"_links":{"self":[{"href":"https:\/\/www.hashtag.al\/index.php\/wp-json\/wp\/v2\/posts\/286641","targetHints":{"allow":["GET"]}}],"collection":[{"href":"https:\/\/www.hashtag.al\/index.php\/wp-json\/wp\/v2\/posts"}],"about":[{"href":"https:\/\/www.hashtag.al\/index.php\/wp-json\/wp\/v2\/types\/post"}],"author":[{"embeddable":true,"href":"https:\/\/www.hashtag.al\/index.php\/wp-json\/wp\/v2\/users\/30"}],"replies":[{"embeddable":true,"href":"https:\/\/www.hashtag.al\/index.php\/wp-json\/wp\/v2\/comments?post=286641"}],"version-history":[{"count":0,"href":"https:\/\/www.hashtag.al\/index.php\/wp-json\/wp\/v2\/posts\/286641\/revisions"}],"wp:featuredmedia":[{"embeddable":true,"href":"https:\/\/www.hashtag.al\/index.php\/wp-json\/wp\/v2\/media\/286643"}],"wp:attachment":[{"href":"https:\/\/www.hashtag.al\/index.php\/wp-json\/wp\/v2\/media?parent=286641"}],"wp:term":[{"taxonomy":"category","embeddable":true,"href":"https:\/\/www.hashtag.al\/index.php\/wp-json\/wp\/v2\/categories?post=286641"},{"taxonomy":"post_tag","embeddable":true,"href":"https:\/\/www.hashtag.al\/index.php\/wp-json\/wp\/v2\/tags?post=286641"}],"curies":[{"name":"wp","href":"https:\/\/api.w.org\/{rel}","templated":true}]}}