{"id":285829,"date":"2019-03-28T19:49:22","date_gmt":"2019-03-28T18:49:22","guid":{"rendered":"https:\/\/hashtag.al\/?p=285829"},"modified":"2019-03-28T19:49:22","modified_gmt":"2019-03-28T18:49:22","slug":"23-te-ndaluar-nga-policia-protestuesit-mblidhen-para-drejtorise-video","status":"publish","type":"post","link":"https:\/\/www.hashtag.al\/index.php\/2019\/03\/28\/23-te-ndaluar-nga-policia-protestuesit-mblidhen-para-drejtorise-video\/","title":{"rendered":"23 t\u00eb ndaluar nga policia, protestuesit mblidhen para drejtoris\u00eb (Video)","gt_translate_keys":[{"key":"rendered","format":"text"}]},"content":{"rendered":"<p><img loading=\"lazy\" decoding=\"async\" class=\"aligncenter size-full wp-image-285830\" src=\"https:\/\/hashtag.al\/wp-content\/uploads\/2019\/03\/drejtoria-mbeshtetes.png\" alt=\"\" width=\"657\" height=\"421\" srcset=\"https:\/\/www.hashtag.al\/wp-content\/uploads\/2019\/03\/drejtoria-mbeshtetes.png 657w, https:\/\/www.hashtag.al\/wp-content\/uploads\/2019\/03\/drejtoria-mbeshtetes-300x192.png 300w\" sizes=\"auto, (max-width: 657px) 100vw, 657px\" \/><\/p>\n<p><span style=\"color: #000000;\">Dhjetra protestues jan\u00eb mbledhur para drejtoris\u00eb s\u00eb policis\u00eb Tiran\u00eb n\u00eb mb\u00ebshtetje t\u00eb 23 personave t\u00eb shoq\u00ebruar pas pjes\u00ebmarrjes n\u00eb tubimin e opozit\u00ebs dit\u00ebn e sotme.<\/span><\/p>\n<p><span style=\"color: #000000;\">Protestuesit kan\u00eb k\u00ebrkuar lirimin e 23 t\u00eb ndaluarve. N\u00eb mb\u00ebshtetje t\u00eb tyre kan\u00eb shkuar edhe ish-deputet\u00ebt e opozit\u00ebs.<\/span><\/p>\n<p><span style=\"color: #000000;\">Deri m\u00eb tani nuk raportohen p\u00ebr p\u00ebrplasje, nd\u00ebrsa p\u00ebrfaq\u00ebsues t\u00eb opozit\u00ebs po marrin informacion p\u00ebr t\u00eb arrestuarit n\u00eb ambientet e brendshme t\u00eb Drejtoris\u00eb s\u00eb Policis\u00eb.<\/span><br \/>\n<iframe loading=\"lazy\" style=\"border: none; overflow: hidden;\" src=\"https:\/\/www.facebook.com\/plugins\/video.php?href=https%3A%2F%2Fwww.facebook.com%2Fpartiademokratike%2Fvideos%2F1626018450875344%2F&amp;show_text=0&amp;width=560\" width=\"560\" height=\"315\" frameborder=\"0\" scrolling=\"no\" allowfullscreen=\"allowfullscreen\"><\/iframe><\/p>\n","protected":false,"gt_translate_keys":[{"key":"rendered","format":"html"}]},"excerpt":{"rendered":"<p>Dhjetra protestues jan\u00eb mbledhur para drejtoris\u00eb s\u00eb policis\u00eb Tiran\u00eb n\u00eb mb\u00ebshtetje t\u00eb 23 personave t\u00eb shoq\u00ebruar pas pjes\u00ebmarrjes n\u00eb tubimin e opozit\u00ebs dit\u00ebn e sotme. Protestuesit kan\u00eb k\u00ebrkuar lirimin e 23 t\u00eb ndaluarve. N\u00eb mb\u00ebshtetje t\u00eb tyre kan\u00eb shkuar edhe ish-deputet\u00ebt e opozit\u00ebs. Deri m\u00eb tani nuk raportohen p\u00ebr p\u00ebrplasje, nd\u00ebrsa p\u00ebrfaq\u00ebsues t\u00eb opozit\u00ebs po [&hellip;]<\/p>\n","protected":false,"gt_translate_keys":[{"key":"rendered","format":"html"}]},"author":32,"featured_media":285830,"comment_status":"open","ping_status":"open","sticky":false,"template":"","format":"standard","meta":{"footnotes":""},"categories":[65,13],"tags":[],"class_list":["post-285829","post","type-post","status-publish","format-standard","has-post-thumbnail","hentry","category-lajme","category-te-fundit"],"gt_translate_keys":[{"key":"link","format":"url"}],"_links":{"self":[{"href":"https:\/\/www.hashtag.al\/index.php\/wp-json\/wp\/v2\/posts\/285829","targetHints":{"allow":["GET"]}}],"collection":[{"href":"https:\/\/www.hashtag.al\/index.php\/wp-json\/wp\/v2\/posts"}],"about":[{"href":"https:\/\/www.hashtag.al\/index.php\/wp-json\/wp\/v2\/types\/post"}],"author":[{"embeddable":true,"href":"https:\/\/www.hashtag.al\/index.php\/wp-json\/wp\/v2\/users\/32"}],"replies":[{"embeddable":true,"href":"https:\/\/www.hashtag.al\/index.php\/wp-json\/wp\/v2\/comments?post=285829"}],"version-history":[{"count":0,"href":"https:\/\/www.hashtag.al\/index.php\/wp-json\/wp\/v2\/posts\/285829\/revisions"}],"wp:featuredmedia":[{"embeddable":true,"href":"https:\/\/www.hashtag.al\/index.php\/wp-json\/wp\/v2\/media\/285830"}],"wp:attachment":[{"href":"https:\/\/www.hashtag.al\/index.php\/wp-json\/wp\/v2\/media?parent=285829"}],"wp:term":[{"taxonomy":"category","embeddable":true,"href":"https:\/\/www.hashtag.al\/index.php\/wp-json\/wp\/v2\/categories?post=285829"},{"taxonomy":"post_tag","embeddable":true,"href":"https:\/\/www.hashtag.al\/index.php\/wp-json\/wp\/v2\/tags?post=285829"}],"curies":[{"name":"wp","href":"https:\/\/api.w.org\/{rel}","templated":true}]}}