{"id":285698,"date":"2019-03-28T12:20:25","date_gmt":"2019-03-28T11:20:25","guid":{"rendered":"https:\/\/hashtag.al\/?p=285698"},"modified":"2019-03-28T12:23:56","modified_gmt":"2019-03-28T11:23:56","slug":"kryemadhi-rama-deshtoi-ne-gjithcka-asnj-hap-pas-deri-ne-largimin-e-tij","status":"publish","type":"post","link":"https:\/\/www.hashtag.al\/index.php\/2019\/03\/28\/kryemadhi-rama-deshtoi-ne-gjithcka-asnj-hap-pas-deri-ne-largimin-e-tij\/","title":{"rendered":"Kryemadhi: Rama d\u00ebshtoi n\u00eb gjith\u00e7ka, asnj hap pas deri n\u00eb largimin e tij","gt_translate_keys":[{"key":"rendered","format":"text"}]},"content":{"rendered":"<p><img loading=\"lazy\" decoding=\"async\" class=\"aligncenter size-full wp-image-285699\" src=\"https:\/\/hashtag.al\/wp-content\/uploads\/2019\/03\/mona28mars-1.jpg\" alt=\"\" width=\"1280\" height=\"960\" srcset=\"https:\/\/www.hashtag.al\/wp-content\/uploads\/2019\/03\/mona28mars-1.jpg 1280w, https:\/\/www.hashtag.al\/wp-content\/uploads\/2019\/03\/mona28mars-1-300x225.jpg 300w, https:\/\/www.hashtag.al\/wp-content\/uploads\/2019\/03\/mona28mars-1-768x576.jpg 768w, https:\/\/www.hashtag.al\/wp-content\/uploads\/2019\/03\/mona28mars-1-1024x768.jpg 1024w\" sizes=\"auto, (max-width: 1280px) 100vw, 1280px\" \/><\/p>\n<p><span style=\"color: #000000;\">Kryetarja e LSI-s\u00eb, Kryemadhi, \u00ebsht\u00eb ndalur n\u00eb gjendjen e v\u00ebshtir\u00eb ekonomike q\u00eb po kalojn\u00eb shqiptar\u00ebt.<\/span><\/p>\n<p><span style=\"color: #000000;\">Kryemadhi tha se sot nd\u00ebrkomb\u00ebtar\u00ebt flasin p\u00ebr kullat e larta dhe luksoze n\u00eb Tiran\u00eb, kulla t\u00eb cila jan\u00eb nd\u00ebrtuar me parat\u00eb e drog\u00ebs dhe krimit nga Edi Rama. <\/span><\/p>\n<p><span style=\"color: #000000;\">Kryemadhi tha se kjo \u00ebsht\u00eb politik\u00eb, por ajo theksoi se politika m\u00eb e madhe \u00ebsht\u00eb pamund\u00ebsia e shqiptar\u00ebve p\u00ebr t\u00eb p\u00ebrballuar \u00e7mimet e larta p\u00ebr familjet e tyre.<\/span><\/p>\n<p><span style=\"color: #000000;\"><em>\u201cD\u00ebgjojm\u00eb nd\u00ebrkomb\u00ebtar\u00ebt se si flasin p\u00ebr kulla t\u00eb larta, t\u00eb shtrenjt\u00eb t\u00eb cilat nuk jan\u00eb b\u00ebr\u00eb me taksat e bizneseve shqiptare, por jan\u00eb b\u00ebr\u00eb me parat\u00eb e drog\u00eb dhe me parat\u00eb e krimit. Themelet e k\u00ebtyre kullave t\u00eb shumta, q\u00eb ka ngritur Edi Rama n\u00eb Tiran\u00eb jan\u00eb parat\u00eb e drog\u00ebs q\u00eb mbolli n\u00eb 2015-\u00ebn dhe i shiti n\u00eb 2016. <\/em><\/span><\/p>\n<p><span style=\"color: #000000;\"><em>Jan\u00eb parat\u00eb e drog\u00ebs q\u00eb p\u00ebrdori p\u00ebr t\u00eb bler\u00eb votat me krimin e organizuar n\u00eb 2017. Politika m\u00eb e madhe sot \u00ebsht\u00eb ajo q\u00eb duhet t\u00eb b\u00ebjm\u00eb t\u00eb gjith\u00eb s\u00eb bashku p\u00ebr t\u00eb krijuar vende t\u00eb reja pune, p\u00ebr tu dh\u00ebn\u00eb mund\u00ebsi shqiptar\u00ebve q\u00eb t\u00eb ken\u00eb mund\u00ebsi p\u00ebr t\u00eb punuar dhe p\u00ebr t\u00eb jetuar n\u00eb Shqip\u00ebri\u201d,<\/em> tha Kryemadhi.<\/span><\/p>\n<p><span style=\"color: #000000;\">Ajo theksoi m\u00eb tej se \u00e7do fjal\u00eb e ish-deputet\u00ebve t\u00eb opozit\u00ebs \u00ebsht\u00eb e tep\u00ebrt p\u00ebrball\u00eb varf\u00ebris\u00eb dhe munges\u00ebs s\u00eb drejt\u00ebsis\u00eb q\u00eb ka instaluar kapja e shtetit.<\/span><\/p>\n<p><span style=\"color: #000000;\"><em>\u201c\u00c7do fjal\u00eb e jon\u00eb sot k\u00ebtu \u00ebsht\u00eb e tep\u00ebrt. \u00cbsht\u00eb e tep\u00ebrt p\u00ebrball\u00eb gjith\u00eb asaj varf\u00ebrie q\u00eb ka instaluar kapja e shtetit, \u00ebsht\u00eb e tep\u00ebrt p\u00ebrball\u00eb torturave t\u00eb tmerrshme q\u00eb po vuajn\u00eb shqiptar\u00ebt p\u00ebrball\u00eb taksave t\u00eb larta q\u00eb ka vendosur Rilindja. <\/em><\/span><\/p>\n<p><span style=\"color: #000000;\"><em>Fjal\u00ebt tona jan\u00eb t\u00eb tep\u00ebrta p\u00ebrball\u00eb \u00e7do problemi q\u00eb secili nga ju q\u00eb \u00ebsht\u00eb sot n\u00eb shesh ka n\u00eb familjen e tij. Sot jam e bindur q\u00eb asnj\u00ebri prej jush k\u00ebtu nuk ka pasur asnj\u00ebher\u00eb t\u00eb vetme q\u00eb ju keni dhe q\u00eb keni trokitur n\u00eb dyert e shtetit t\u00eb kapur t\u00eb Edi Ram\u00ebs.\u201d<\/em> \u2013 shtoi Krymadhi.<\/span><\/p>\n<p><span style=\"color: #000000;\">N\u00eb fund kryetarja e LSI-s\u00eb, tha se Rama ka d\u00ebshtuar me qeverin\u00eb e tij duke rritur taksat e \u00e7mimet e duke detyruar shqiptar\u00ebt q\u00eb t\u00eb marrin valixhet e t\u00eb largohen nga vendi.<\/span><\/p>\n<p><span style=\"color: #000000;\"><em>\u201cKy ka krijuar probleme pafund\u00ebsisht, sepse d\u00ebshtoi si qeveri, d\u00ebshtoi me 300 mij\u00eb vendet e reja t\u00eb pun\u00ebs. T\u00eb gjith\u00eb e kemi d\u00ebgjuar q\u00eb premtonte 300 mij\u00eb vende pune, nuk hapi 300 mij\u00eb vende pune, por largoi 400 mij\u00eb shqiptar\u00eb nga Shqip\u00ebria. <\/em><\/span><\/p>\n<p><span style=\"color: #000000;\"><em>Sot ne mbajm\u00eb vendin e par\u00eb p\u00ebr azilk\u00ebrkues, sepse t\u00eb gjith\u00eb duan t\u00eb ngrejn\u00eb pla\u00e7kat dhe t\u00eb largohen nga Shqip\u00ebria. Ajo q\u00eb duhet t\u00eb b\u00ebjm\u00eb ne sot t\u00eb gjith\u00eb s\u00eb bashku \u00ebsht\u00eb mund\u00ebsit\u00eb q\u00eb sot duhet tu japim t\u00eb gjith\u00ebve p\u00ebr t\u00eb pasur sht\u00ebpit\u00eb e tyre, p\u00ebr t\u00eb pasur pun\u00ebn e tyre, p\u00ebr t\u00eb pasur arsim t\u00eb garantuar p\u00ebr f\u00ebmij\u00ebt, p\u00ebr t\u00eb pasur sh\u00ebndet\u00ebsi t\u00eb barabart\u00eb p\u00ebr t\u00eb gjith\u00eb, p\u00ebr t\u00eb pasur drejt\u00ebsi t\u00eb barabart\u00eb p\u00ebr shqiptar\u00ebt, sepse n\u00eb fund t\u00eb fundit 30 vjet m\u00eb par\u00eb kur student\u00ebt e dhjetorit u ngrit\u00ebn, u ngrit\u00ebn p\u00ebr t\u00eb pasur nj\u00eb shtet t\u00eb barabart\u00eb, p\u00ebr t\u00eb pasur demokraci, p\u00ebr t\u00eb pasur barazi dhe ekonomi dhe p\u00ebr t\u00eb pasur dhe l\u00ebvizjen e lir\u00eb.\u201d<\/em> &#8211; mbylli Kryemadhi.<\/span><\/p>\n<p><img loading=\"lazy\" decoding=\"async\" class=\"aligncenter size-full wp-image-285700\" src=\"https:\/\/hashtag.al\/wp-content\/uploads\/2019\/03\/monika-28mars.jpg22.jpg\" alt=\"\" width=\"1024\" height=\"761\" srcset=\"https:\/\/www.hashtag.al\/wp-content\/uploads\/2019\/03\/monika-28mars.jpg22.jpg 1024w, https:\/\/www.hashtag.al\/wp-content\/uploads\/2019\/03\/monika-28mars.jpg22-300x223.jpg 300w, https:\/\/www.hashtag.al\/wp-content\/uploads\/2019\/03\/monika-28mars.jpg22-768x571.jpg 768w\" sizes=\"auto, (max-width: 1024px) 100vw, 1024px\" \/><\/p>\n","protected":false,"gt_translate_keys":[{"key":"rendered","format":"html"}]},"excerpt":{"rendered":"<p>Kryetarja e LSI-s\u00eb, Kryemadhi, \u00ebsht\u00eb ndalur n\u00eb gjendjen e v\u00ebshtir\u00eb ekonomike q\u00eb po kalojn\u00eb shqiptar\u00ebt. Kryemadhi tha se sot nd\u00ebrkomb\u00ebtar\u00ebt flasin p\u00ebr kullat e larta dhe luksoze n\u00eb Tiran\u00eb, kulla t\u00eb cila jan\u00eb nd\u00ebrtuar me parat\u00eb e drog\u00ebs dhe krimit nga Edi Rama. Kryemadhi tha se kjo \u00ebsht\u00eb politik\u00eb, por ajo theksoi se politika m\u00eb [&hellip;]<\/p>\n","protected":false,"gt_translate_keys":[{"key":"rendered","format":"html"}]},"author":51,"featured_media":285701,"comment_status":"open","ping_status":"open","sticky":false,"template":"","format":"standard","meta":{"footnotes":""},"categories":[65,13],"tags":[],"class_list":["post-285698","post","type-post","status-publish","format-standard","has-post-thumbnail","hentry","category-lajme","category-te-fundit"],"gt_translate_keys":[{"key":"link","format":"url"}],"_links":{"self":[{"href":"https:\/\/www.hashtag.al\/index.php\/wp-json\/wp\/v2\/posts\/285698","targetHints":{"allow":["GET"]}}],"collection":[{"href":"https:\/\/www.hashtag.al\/index.php\/wp-json\/wp\/v2\/posts"}],"about":[{"href":"https:\/\/www.hashtag.al\/index.php\/wp-json\/wp\/v2\/types\/post"}],"author":[{"embeddable":true,"href":"https:\/\/www.hashtag.al\/index.php\/wp-json\/wp\/v2\/users\/51"}],"replies":[{"embeddable":true,"href":"https:\/\/www.hashtag.al\/index.php\/wp-json\/wp\/v2\/comments?post=285698"}],"version-history":[{"count":0,"href":"https:\/\/www.hashtag.al\/index.php\/wp-json\/wp\/v2\/posts\/285698\/revisions"}],"wp:featuredmedia":[{"embeddable":true,"href":"https:\/\/www.hashtag.al\/index.php\/wp-json\/wp\/v2\/media\/285701"}],"wp:attachment":[{"href":"https:\/\/www.hashtag.al\/index.php\/wp-json\/wp\/v2\/media?parent=285698"}],"wp:term":[{"taxonomy":"category","embeddable":true,"href":"https:\/\/www.hashtag.al\/index.php\/wp-json\/wp\/v2\/categories?post=285698"},{"taxonomy":"post_tag","embeddable":true,"href":"https:\/\/www.hashtag.al\/index.php\/wp-json\/wp\/v2\/tags?post=285698"}],"curies":[{"name":"wp","href":"https:\/\/api.w.org\/{rel}","templated":true}]}}