{"id":285579,"date":"2019-03-27T22:03:45","date_gmt":"2019-03-27T21:03:45","guid":{"rendered":"https:\/\/hashtag.al\/?p=285579"},"modified":"2019-03-27T22:03:45","modified_gmt":"2019-03-27T21:03:45","slug":"ministria-largon-dy-diplomate-nga-ambasada-ne-athine","status":"publish","type":"post","link":"https:\/\/www.hashtag.al\/index.php\/2019\/03\/27\/ministria-largon-dy-diplomate-nga-ambasada-ne-athine\/","title":{"rendered":"Ministria largon dy diplomat\u00eb nga Ambasada n\u00eb Athin\u00eb","gt_translate_keys":[{"key":"rendered","format":"text"}]},"content":{"rendered":"<p><img loading=\"lazy\" decoding=\"async\" class=\"aligncenter size-full wp-image-282593\" src=\"https:\/\/hashtag.al\/wp-content\/uploads\/2019\/03\/cakaj-1-1024x682.jpg\" alt=\"\" width=\"1024\" height=\"682\" srcset=\"https:\/\/www.hashtag.al\/wp-content\/uploads\/2019\/03\/cakaj-1-1024x682.jpg 1024w, https:\/\/www.hashtag.al\/wp-content\/uploads\/2019\/03\/cakaj-1-1024x682-300x200.jpg 300w, https:\/\/www.hashtag.al\/wp-content\/uploads\/2019\/03\/cakaj-1-1024x682-768x512.jpg 768w\" sizes=\"auto, (max-width: 1024px) 100vw, 1024px\" \/><\/p>\n<p><span style=\"color: #000000;\">Pas vendimit t\u00eb ministrit t\u00eb Jasht\u00ebm, Genc Cakajt p\u00ebr t\u00eb shkarkuar nga detyra nj\u00eb s\u00ebr\u00eb diplomat\u00ebsh, jan\u00eb publikuar emrat e t\u00eb shkarkuarve n\u00eb ambasad\u00ebn shqiptare n\u00eb Athin\u00eb.<\/span><\/p>\n<p><span style=\"color: #000000;\">Sipas News24, kan\u00eb filluar l\u00ebvizjet e diplomat\u00ebve n\u00eb Greqi., nd\u00ebrsa jan\u00eb l\u00ebvizur nga detyra Florjan Nova dhe Enkelejda Riza.<\/span><\/p>\n<p><span style=\"color: #000000;\">Florian Nova do t\u00eb kthehet n\u00eb Tiran\u00eb ku do t\u00eb sh\u00ebrbejn\u00eb n\u00eb ministri sipas nevojave.<\/span><\/p>\n","protected":false,"gt_translate_keys":[{"key":"rendered","format":"html"}]},"excerpt":{"rendered":"<p>Pas vendimit t\u00eb ministrit t\u00eb Jasht\u00ebm, Genc Cakajt p\u00ebr t\u00eb shkarkuar nga detyra nj\u00eb s\u00ebr\u00eb diplomat\u00ebsh, jan\u00eb publikuar emrat e t\u00eb shkarkuarve n\u00eb ambasad\u00ebn shqiptare n\u00eb Athin\u00eb. Sipas News24, kan\u00eb filluar l\u00ebvizjet e diplomat\u00ebve n\u00eb Greqi., nd\u00ebrsa jan\u00eb l\u00ebvizur nga detyra Florjan Nova dhe Enkelejda Riza. Florian Nova do t\u00eb kthehet n\u00eb Tiran\u00eb ku do [&hellip;]<\/p>\n","protected":false,"gt_translate_keys":[{"key":"rendered","format":"html"}]},"author":32,"featured_media":282594,"comment_status":"open","ping_status":"open","sticky":false,"template":"","format":"standard","meta":{"footnotes":""},"categories":[65,13],"tags":[],"class_list":["post-285579","post","type-post","status-publish","format-standard","has-post-thumbnail","hentry","category-lajme","category-te-fundit"],"gt_translate_keys":[{"key":"link","format":"url"}],"_links":{"self":[{"href":"https:\/\/www.hashtag.al\/index.php\/wp-json\/wp\/v2\/posts\/285579","targetHints":{"allow":["GET"]}}],"collection":[{"href":"https:\/\/www.hashtag.al\/index.php\/wp-json\/wp\/v2\/posts"}],"about":[{"href":"https:\/\/www.hashtag.al\/index.php\/wp-json\/wp\/v2\/types\/post"}],"author":[{"embeddable":true,"href":"https:\/\/www.hashtag.al\/index.php\/wp-json\/wp\/v2\/users\/32"}],"replies":[{"embeddable":true,"href":"https:\/\/www.hashtag.al\/index.php\/wp-json\/wp\/v2\/comments?post=285579"}],"version-history":[{"count":0,"href":"https:\/\/www.hashtag.al\/index.php\/wp-json\/wp\/v2\/posts\/285579\/revisions"}],"wp:featuredmedia":[{"embeddable":true,"href":"https:\/\/www.hashtag.al\/index.php\/wp-json\/wp\/v2\/media\/282594"}],"wp:attachment":[{"href":"https:\/\/www.hashtag.al\/index.php\/wp-json\/wp\/v2\/media?parent=285579"}],"wp:term":[{"taxonomy":"category","embeddable":true,"href":"https:\/\/www.hashtag.al\/index.php\/wp-json\/wp\/v2\/categories?post=285579"},{"taxonomy":"post_tag","embeddable":true,"href":"https:\/\/www.hashtag.al\/index.php\/wp-json\/wp\/v2\/tags?post=285579"}],"curies":[{"name":"wp","href":"https:\/\/api.w.org\/{rel}","templated":true}]}}