{"id":285549,"date":"2019-03-27T19:15:17","date_gmt":"2019-03-27T18:15:17","guid":{"rendered":"https:\/\/hashtag.al\/?p=285549"},"modified":"2019-03-27T19:13:19","modified_gmt":"2019-03-27T18:13:19","slug":"bayern-fillon-revolucionin-ben-blerjen-me-te-shtrenjte-ne-historine-e-klubit","status":"publish","type":"post","link":"https:\/\/www.hashtag.al\/index.php\/2019\/03\/27\/bayern-fillon-revolucionin-ben-blerjen-me-te-shtrenjte-ne-historine-e-klubit\/","title":{"rendered":"Bayern fillon revolucionin, b\u00ebn blerjen m\u00eb t\u00eb shtrenjt\u00eb n\u00eb historin\u00eb e klubit","gt_translate_keys":[{"key":"rendered","format":"text"}]},"content":{"rendered":"<p><img loading=\"lazy\" decoding=\"async\" class=\"aligncenter size-full wp-image-285550\" src=\"https:\/\/hashtag.al\/wp-content\/uploads\/2019\/03\/Bayern-Uli-H\u00ebnes.jpeg\" alt=\"\" width=\"579\" height=\"495\" srcset=\"https:\/\/www.hashtag.al\/wp-content\/uploads\/2019\/03\/Bayern-Uli-H\u00ebnes.jpeg 579w, https:\/\/www.hashtag.al\/wp-content\/uploads\/2019\/03\/Bayern-Uli-H\u00ebnes-300x256.jpeg 300w\" sizes=\"auto, (max-width: 579px) 100vw, 579px\" \/><\/p>\n<p><span style=\"color: #000000;\">Revolucioni i Bajernit t\u00eb Mynihut ka nisur dhe me nj\u00eb bum t\u00eb jasht\u00ebzakonsh\u00ebm q\u00eb b\u00ebn tifoz\u00ebt t\u00eb besojn\u00eb te ringritja e shpejt\u00eb e makin\u00ebs perfekte bavareze<\/span><\/p>\n<p><span style=\"color: #000000;\">Sepse tanim\u00eb \u00ebsht\u00eb zyrtare, Lukas Hernandez \u00ebsht\u00eb bavarez. Kontrat\u00eb 5 vje\u00e7are p\u00ebr francezin q\u00eb do filloj\u00eb nga 1 korriku 2019. Kostoja e transferimit \u00ebsht\u00eb 80 milion\u00eb euro duke u b\u00ebr\u00eb transferimi m\u00eb i shtrenjt\u00eb n\u00eb historin\u00eb e Bayernit dhe Bundeslig\u00ebs.<\/span><\/p>\n<p><span style=\"color: #000000;\">Lajmin e ka b\u00ebr\u00eb t\u00eb ditur vet\u00eb klubi bavarez, nd\u00ebrsa Hernandez \u00ebsht\u00eb shprehur i lumtur p\u00ebr k\u00ebt\u00eb transferim. \u201cSot \u00ebsht\u00eb nj\u00eb nga dit\u00ebt m\u00eb t\u00eb r\u00ebndishme n\u00eb karrier\u00ebn time futbollistike. Bajerni i Mynihut \u00ebsht\u00eb nj\u00eb nga klubet m\u00eb t\u00eb m\u00ebdha n\u00eb Europ\u00eb. Jam i lumtur q\u00eb do t\u00eb luftoj bashk\u00eb me Bajernin p\u00ebr sa m\u00eb shum\u00eb tituj\u201d<\/span><\/p>\n","protected":false,"gt_translate_keys":[{"key":"rendered","format":"html"}]},"excerpt":{"rendered":"<p>Revolucioni i Bajernit t\u00eb Mynihut ka nisur dhe me nj\u00eb bum t\u00eb jasht\u00ebzakonsh\u00ebm q\u00eb b\u00ebn tifoz\u00ebt t\u00eb besojn\u00eb te ringritja e shpejt\u00eb e makin\u00ebs perfekte bavareze Sepse tanim\u00eb \u00ebsht\u00eb zyrtare, Lukas Hernandez \u00ebsht\u00eb bavarez. Kontrat\u00eb 5 vje\u00e7are p\u00ebr francezin q\u00eb do filloj\u00eb nga 1 korriku 2019. Kostoja e transferimit \u00ebsht\u00eb 80 milion\u00eb euro duke u [&hellip;]<\/p>\n","protected":false,"gt_translate_keys":[{"key":"rendered","format":"html"}]},"author":32,"featured_media":285551,"comment_status":"open","ping_status":"open","sticky":false,"template":"","format":"standard","meta":{"footnotes":""},"categories":[134,13],"tags":[],"class_list":["post-285549","post","type-post","status-publish","format-standard","has-post-thumbnail","hentry","category-sport","category-te-fundit"],"gt_translate_keys":[{"key":"link","format":"url"}],"_links":{"self":[{"href":"https:\/\/www.hashtag.al\/index.php\/wp-json\/wp\/v2\/posts\/285549","targetHints":{"allow":["GET"]}}],"collection":[{"href":"https:\/\/www.hashtag.al\/index.php\/wp-json\/wp\/v2\/posts"}],"about":[{"href":"https:\/\/www.hashtag.al\/index.php\/wp-json\/wp\/v2\/types\/post"}],"author":[{"embeddable":true,"href":"https:\/\/www.hashtag.al\/index.php\/wp-json\/wp\/v2\/users\/32"}],"replies":[{"embeddable":true,"href":"https:\/\/www.hashtag.al\/index.php\/wp-json\/wp\/v2\/comments?post=285549"}],"version-history":[{"count":0,"href":"https:\/\/www.hashtag.al\/index.php\/wp-json\/wp\/v2\/posts\/285549\/revisions"}],"wp:featuredmedia":[{"embeddable":true,"href":"https:\/\/www.hashtag.al\/index.php\/wp-json\/wp\/v2\/media\/285551"}],"wp:attachment":[{"href":"https:\/\/www.hashtag.al\/index.php\/wp-json\/wp\/v2\/media?parent=285549"}],"wp:term":[{"taxonomy":"category","embeddable":true,"href":"https:\/\/www.hashtag.al\/index.php\/wp-json\/wp\/v2\/categories?post=285549"},{"taxonomy":"post_tag","embeddable":true,"href":"https:\/\/www.hashtag.al\/index.php\/wp-json\/wp\/v2\/tags?post=285549"}],"curies":[{"name":"wp","href":"https:\/\/api.w.org\/{rel}","templated":true}]}}