{"id":285543,"date":"2019-03-27T18:30:32","date_gmt":"2019-03-27T17:30:32","guid":{"rendered":"https:\/\/hashtag.al\/?p=285543"},"modified":"2019-03-27T18:30:32","modified_gmt":"2019-03-27T17:30:32","slug":"vasili-ndermjetesimi-i-krizes-nga-meta-lajm-i-prodhuar-nga-rama-dhe-fuga","status":"publish","type":"post","link":"https:\/\/www.hashtag.al\/index.php\/2019\/03\/27\/vasili-ndermjetesimi-i-krizes-nga-meta-lajm-i-prodhuar-nga-rama-dhe-fuga\/","title":{"rendered":"Vasili: Nd\u00ebrmjet\u00ebsimi i kriz\u00ebs nga Meta lajm i prodhuar nga Rama dhe Fuga","gt_translate_keys":[{"key":"rendered","format":"text"}]},"content":{"rendered":"<p><img loading=\"lazy\" decoding=\"async\" class=\"aligncenter size-full wp-image-271023\" src=\"https:\/\/hashtag.al\/wp-content\/uploads\/2019\/02\/vasili.jpg\" alt=\"\" width=\"2048\" height=\"1365\" srcset=\"https:\/\/www.hashtag.al\/wp-content\/uploads\/2019\/02\/vasili.jpg 2048w, https:\/\/www.hashtag.al\/wp-content\/uploads\/2019\/02\/vasili-300x200.jpg 300w, https:\/\/www.hashtag.al\/wp-content\/uploads\/2019\/02\/vasili-768x512.jpg 768w, https:\/\/www.hashtag.al\/wp-content\/uploads\/2019\/02\/vasili-1024x683.jpg 1024w\" sizes=\"auto, (max-width: 2048px) 100vw, 2048px\" \/><\/p>\n<p><span style=\"color: #000000;\">N\u00ebnkryetari i LSI-s\u00eb Petrit Vasili ka mohuar kategorikisht nj\u00eb nd\u00ebrmjet\u00ebsim t\u00eb kriz\u00ebs politike mes Edi Ram\u00ebn dhe opozit\u00ebs s\u00eb bashkuar nga Presidenti Ilir Meta , duke i cil\u00ebsuar k\u00ebto lajme si loj\u00eb t\u00eb zyr\u00ebs s\u00eb shtypit t\u00eb kryeministrit dhe Endri Fug\u00ebs.<\/span><\/p>\n<p><span style=\"color: #000000;\">\u201c<em>K\u00ebto jan\u00eb lajme q\u00eb prodhohen nga portalet e kapura nga Fuga, \u00a0q\u00eb han\u00eb buk\u00ebn e pis\u00ebt t\u00eb Ram\u00ebs.Ne nuk kemi th\u00ebn\u00eb asnj\u00eb gj\u00eb t\u00eb till\u00eb. Ka vet\u00ebm nj\u00eb objektiv madhor q\u00eb \u00ebsht\u00eb largimi i Edi Ram\u00ebs, si kryeministri i Shqip\u00ebris\u00eb q\u00eb ka krijuar trek\u00ebnd\u00ebshin e tmerrsh\u00ebm ku \u00ebsht\u00eb futur Shqip\u00ebria; trafik droge- krim i organizuar- para t\u00eb pista; q\u00eb po rr\u00ebnon gjithmon\u00eb e m\u00eb shum\u00eb Shqip\u00ebrin\u00eb. <\/em><\/span><\/p>\n<p><span style=\"color: #000000;\"><em>Ky kryeminist\u00ebr jo vet\u00ebm\u00a0 i ka inkurajuar, por edhe i ka p\u00ebrdorur. Jo m\u00eb larg n\u00eb nj\u00eb studio tjet\u00ebr televizive u denoncuan zyrtar\u00eb t\u00eb inkriminuar n\u00eb audiop\u00ebrgjime t\u00eb reja me zyrtar\u00eb t\u00eb lart\u00eb t\u00eb policis\u00eb, q\u00eb i mban Edi Rama. Nuk mund t\u00eb jet\u00eb ky q\u00eb t\u00eb negocioj\u00eb n\u00eb em\u00ebr t\u00eb askujt. Detyra jon\u00eb \u00ebsht\u00eb zgjedhje t\u00eb lira dhe t\u00eb \u00e7lirojm\u00eb shtetin nga kapja<\/em>\u201d-tha Vasili n\u00eb Top Talk.<\/span><\/p>\n","protected":false,"gt_translate_keys":[{"key":"rendered","format":"html"}]},"excerpt":{"rendered":"<p>N\u00ebnkryetari i LSI-s\u00eb Petrit Vasili ka mohuar kategorikisht nj\u00eb nd\u00ebrmjet\u00ebsim t\u00eb kriz\u00ebs politike mes Edi Ram\u00ebn dhe opozit\u00ebs s\u00eb bashkuar nga Presidenti Ilir Meta , duke i cil\u00ebsuar k\u00ebto lajme si loj\u00eb t\u00eb zyr\u00ebs s\u00eb shtypit t\u00eb kryeministrit dhe Endri Fug\u00ebs. \u201cK\u00ebto jan\u00eb lajme q\u00eb prodhohen nga portalet e kapura nga Fuga, \u00a0q\u00eb han\u00eb buk\u00ebn [&hellip;]<\/p>\n","protected":false,"gt_translate_keys":[{"key":"rendered","format":"html"}]},"author":32,"featured_media":271024,"comment_status":"open","ping_status":"open","sticky":false,"template":"","format":"standard","meta":{"footnotes":""},"categories":[65,13],"tags":[],"class_list":["post-285543","post","type-post","status-publish","format-standard","has-post-thumbnail","hentry","category-lajme","category-te-fundit"],"gt_translate_keys":[{"key":"link","format":"url"}],"_links":{"self":[{"href":"https:\/\/www.hashtag.al\/index.php\/wp-json\/wp\/v2\/posts\/285543","targetHints":{"allow":["GET"]}}],"collection":[{"href":"https:\/\/www.hashtag.al\/index.php\/wp-json\/wp\/v2\/posts"}],"about":[{"href":"https:\/\/www.hashtag.al\/index.php\/wp-json\/wp\/v2\/types\/post"}],"author":[{"embeddable":true,"href":"https:\/\/www.hashtag.al\/index.php\/wp-json\/wp\/v2\/users\/32"}],"replies":[{"embeddable":true,"href":"https:\/\/www.hashtag.al\/index.php\/wp-json\/wp\/v2\/comments?post=285543"}],"version-history":[{"count":0,"href":"https:\/\/www.hashtag.al\/index.php\/wp-json\/wp\/v2\/posts\/285543\/revisions"}],"wp:featuredmedia":[{"embeddable":true,"href":"https:\/\/www.hashtag.al\/index.php\/wp-json\/wp\/v2\/media\/271024"}],"wp:attachment":[{"href":"https:\/\/www.hashtag.al\/index.php\/wp-json\/wp\/v2\/media?parent=285543"}],"wp:term":[{"taxonomy":"category","embeddable":true,"href":"https:\/\/www.hashtag.al\/index.php\/wp-json\/wp\/v2\/categories?post=285543"},{"taxonomy":"post_tag","embeddable":true,"href":"https:\/\/www.hashtag.al\/index.php\/wp-json\/wp\/v2\/tags?post=285543"}],"curies":[{"name":"wp","href":"https:\/\/api.w.org\/{rel}","templated":true}]}}