{"id":285492,"date":"2019-03-27T15:00:22","date_gmt":"2019-03-27T14:00:22","guid":{"rendered":"https:\/\/hashtag.al\/?p=285492"},"modified":"2019-03-27T15:02:29","modified_gmt":"2019-03-27T14:02:29","slug":"shefi-i-madh-eshte-jashte-vjen-neser-salianji-ai-eshte-fatmir-xhafaj","status":"publish","type":"post","link":"https:\/\/www.hashtag.al\/index.php\/2019\/03\/27\/shefi-i-madh-eshte-jashte-vjen-neser-salianji-ai-eshte-fatmir-xhafaj\/","title":{"rendered":"&#8220;Shefi i madh \u00ebsht\u00eb jasht\u00eb, vjen nes\u00ebr&#8221; &#8211; Salianji: Ai \u00ebsht\u00eb Fatmir Xhafaj","gt_translate_keys":[{"key":"rendered","format":"text"}]},"content":{"rendered":"<p><img loading=\"lazy\" decoding=\"async\" class=\"aligncenter size-full wp-image-285493\" src=\"https:\/\/hashtag.al\/wp-content\/uploads\/2019\/03\/rama-xhafaj.jpg\" alt=\"\" width=\"1024\" height=\"575\" srcset=\"https:\/\/www.hashtag.al\/wp-content\/uploads\/2019\/03\/rama-xhafaj.jpg 1024w, https:\/\/www.hashtag.al\/wp-content\/uploads\/2019\/03\/rama-xhafaj-300x168.jpg 300w, https:\/\/www.hashtag.al\/wp-content\/uploads\/2019\/03\/rama-xhafaj-768x431.jpg 768w\" sizes=\"auto, (max-width: 1024px) 100vw, 1024px\" \/><\/p>\n<p><span style=\"color: #000000;\">Ish-deputeti i Partis\u00eb Demokratike ka publikuar nj\u00eb tjet\u00ebr audio-p\u00ebrgjim ku d\u00ebgjohet biseda e ish-drejtorit t\u00eb policis\u00eb s\u00eb Fierit, Albert Nushi, me d\u00ebshmitarin Fredi Alizoti.<\/span><\/p>\n<p><span style=\"color: #000000;\">N\u00eb audio-p\u00ebrgjim d\u00ebgjohet Nushi q\u00eb i thot\u00eb Alizotit se \u201cshefi i madh\u201d \u00ebsht\u00eb jasht\u00eb vendit dhe mund t\u00eb vij\u00eb nes\u00ebr. <\/span><\/p>\n<p><span style=\"color: #000000;\">Salianji deklaroi n\u00eb konferenc\u00ebn p\u00ebr mediat se n\u00eb koh\u00ebn kur Nushi i thot\u00eb Alizotit se \u201cshefi i madh\u201d \u00ebsht\u00eb jasht\u00eb,. Xhafaj, ka qen\u00eb n\u00eb nj\u00eb vizit\u00eb zyrtare n\u00eb Kroaci.<\/span><\/p>\n<p><span style=\"color: #000000;\">\u201c<em>Shefi \u00ebsht\u00eb jasht\u00eb. Ka deleguar kompetencat. Ka mund\u00ebsi q\u00eb nes\u00ebr pasdite t\u00eb jet\u00eb k\u00ebtu.\u201d<\/em> \u2013 d\u00ebgjohet Nushi q\u00eb i thot\u00eb Alizotit n\u00eb audio-p\u00ebrgjimin e publikuar nga Salianji.<\/span><\/p>\n<p><span style=\"color: #000000;\">Ish-deputeti deklaroi se Partia Demokratike do kall\u00ebzoj\u00eb penalisht ish-drejtuesit dhe drejtuesit e lart\u00eb t\u00eb Policis\u00eb s\u00eb Shtetit dhe prokuror\u00ebt e \u201cDosjes Xhafaj\u201d.<\/span><\/p>\n","protected":false,"gt_translate_keys":[{"key":"rendered","format":"html"}]},"excerpt":{"rendered":"<p>Ish-deputeti i Partis\u00eb Demokratike ka publikuar nj\u00eb tjet\u00ebr audio-p\u00ebrgjim ku d\u00ebgjohet biseda e ish-drejtorit t\u00eb policis\u00eb s\u00eb Fierit, Albert Nushi, me d\u00ebshmitarin Fredi Alizoti. N\u00eb audio-p\u00ebrgjim d\u00ebgjohet Nushi q\u00eb i thot\u00eb Alizotit se \u201cshefi i madh\u201d \u00ebsht\u00eb jasht\u00eb vendit dhe mund t\u00eb vij\u00eb nes\u00ebr. Salianji deklaroi n\u00eb konferenc\u00ebn p\u00ebr mediat se n\u00eb koh\u00ebn kur Nushi [&hellip;]<\/p>\n","protected":false,"gt_translate_keys":[{"key":"rendered","format":"html"}]},"author":51,"featured_media":285494,"comment_status":"open","ping_status":"open","sticky":false,"template":"","format":"standard","meta":{"footnotes":""},"categories":[65,13],"tags":[],"class_list":["post-285492","post","type-post","status-publish","format-standard","has-post-thumbnail","hentry","category-lajme","category-te-fundit"],"gt_translate_keys":[{"key":"link","format":"url"}],"_links":{"self":[{"href":"https:\/\/www.hashtag.al\/index.php\/wp-json\/wp\/v2\/posts\/285492","targetHints":{"allow":["GET"]}}],"collection":[{"href":"https:\/\/www.hashtag.al\/index.php\/wp-json\/wp\/v2\/posts"}],"about":[{"href":"https:\/\/www.hashtag.al\/index.php\/wp-json\/wp\/v2\/types\/post"}],"author":[{"embeddable":true,"href":"https:\/\/www.hashtag.al\/index.php\/wp-json\/wp\/v2\/users\/51"}],"replies":[{"embeddable":true,"href":"https:\/\/www.hashtag.al\/index.php\/wp-json\/wp\/v2\/comments?post=285492"}],"version-history":[{"count":0,"href":"https:\/\/www.hashtag.al\/index.php\/wp-json\/wp\/v2\/posts\/285492\/revisions"}],"wp:featuredmedia":[{"embeddable":true,"href":"https:\/\/www.hashtag.al\/index.php\/wp-json\/wp\/v2\/media\/285494"}],"wp:attachment":[{"href":"https:\/\/www.hashtag.al\/index.php\/wp-json\/wp\/v2\/media?parent=285492"}],"wp:term":[{"taxonomy":"category","embeddable":true,"href":"https:\/\/www.hashtag.al\/index.php\/wp-json\/wp\/v2\/categories?post=285492"},{"taxonomy":"post_tag","embeddable":true,"href":"https:\/\/www.hashtag.al\/index.php\/wp-json\/wp\/v2\/tags?post=285492"}],"curies":[{"name":"wp","href":"https:\/\/api.w.org\/{rel}","templated":true}]}}