{"id":285455,"date":"2019-03-27T12:38:59","date_gmt":"2019-03-27T11:38:59","guid":{"rendered":"https:\/\/hashtag.al\/?p=285455"},"modified":"2019-03-27T12:43:08","modified_gmt":"2019-03-27T11:43:08","slug":"pergjimet-e-reja-deshmojne-qarte-kapjen-e-shtetit-protesta-pa-u-ndalur-deri-ne-largimin-e-rames-vasili","status":"publish","type":"post","link":"https:\/\/www.hashtag.al\/index.php\/2019\/03\/27\/pergjimet-e-reja-deshmojne-qarte-kapjen-e-shtetit-protesta-pa-u-ndalur-deri-ne-largimin-e-rames-vasili\/","title":{"rendered":"&#8220;P\u00ebrgjimet e reja d\u00ebshmojn\u00eb qart\u00eb kapjen e shtetit, protesta pa u ndalur deri n\u00eb largimin e Ram\u00ebs&#8221; &#8211; Vasili","gt_translate_keys":[{"key":"rendered","format":"text"}]},"content":{"rendered":"<p><img loading=\"lazy\" decoding=\"async\" class=\"aligncenter size-full wp-image-285457\" src=\"https:\/\/hashtag.al\/wp-content\/uploads\/2019\/03\/vasili2.png\" alt=\"\" width=\"1200\" height=\"600\" srcset=\"https:\/\/www.hashtag.al\/wp-content\/uploads\/2019\/03\/vasili2.png 1200w, https:\/\/www.hashtag.al\/wp-content\/uploads\/2019\/03\/vasili2-300x150.png 300w, https:\/\/www.hashtag.al\/wp-content\/uploads\/2019\/03\/vasili2-768x384.png 768w, https:\/\/www.hashtag.al\/wp-content\/uploads\/2019\/03\/vasili2-1024x512.png 1024w\" sizes=\"auto, (max-width: 1200px) 100vw, 1200px\" \/><\/p>\n<p><span style=\"color: #000000;\">Ish-deputeti i LSI-s\u00eb, Vasili, ka deklaruar se pas publikimit t\u00eb audio-p\u00ebrgjimeve t\u00eb reja \u00ebsht\u00eb e qart\u00eb se Policia e Shtetit dhe shteti i Ram\u00ebs \u00ebsht\u00eb n\u00eb dor\u00eb t\u00eb kriminel\u00ebve, funksionon p\u00ebr ta dhe u bindet atyre. <\/span><\/p>\n<p><span style=\"color: #000000;\">N\u00eb nj\u00eb deklarat\u00eb p\u00ebr mediat nga selia e partis\u00eb, Vasili tha se policia dhe prokuroria arrestojn\u00eb qytetar\u00ebt q\u00eb jan\u00eb viktima t\u00eb vjedhjes dhe dhun\u00ebs s\u00eb pushtetit dhe l\u00ebn\u00eb t\u00eb lir\u00eb zyrtar\u00ebt e lart\u00eb t\u00eb p\u00ebrfshir\u00eb n\u00eb afera korruptive dhe n\u00eb bashk\u00ebpunim me krimin e organizuar. <\/span><\/p>\n<p><span style=\"color: #000000;\">Ai theksoi se qytetar\u00ebt nuk duhet t\u2019i tremben m\u00eb k\u00ebsaj qeverisjeje kriminale por do protestojn\u00eb pa u lodhur deri n\u00eb rr\u00ebzimin e qeveris\u00eb dhe \u00e7lirimin e vendit nga kapja dhe kriminalizimi.<\/span><\/p>\n<p><span style=\"color: #000000;\"><strong>Deklarata e Vasilit<\/strong><\/span><\/p>\n<p><span style=\"color: #000000;\">T\u00eb nderuar qytetar\u00eb dhe qytetare t\u00eb Tiran\u00ebs dhe gjith\u00eb Shqip\u00ebris\u00eb. I gjith\u00eb opinioni publik \u00ebsht\u00eb sot shum\u00eb m\u00eb i tronditur se dje, \u00ebsht\u00eb sot shum\u00eb m\u00eb i shqet\u00ebsuar se dje, \u00ebsht\u00eb sot shum\u00eb m\u00eb i revoltuar se dje pasi \u00ebsht\u00eb njohur me audio-p\u00ebrgjimet trondit\u00ebse, t\u00eb cilat d\u00ebshmojn\u00eb qart\u00eb q\u00eb Policia e Shtetit, shteti i nd\u00ebrtuar dhe qeverisja e nd\u00ebrtuar nga Edi Rama me shok\u00eb \u00ebsht\u00eb e gjitha n\u00eb dor\u00eb t\u00eb kriminel\u00ebve, funksionon p\u00ebr ta, u bindet atyre dhe i paguan ata.<\/span><\/p>\n<p><span style=\"color: #000000;\">T\u00eb t\u00ebr\u00eb qytetar\u00ebt nuk mund t\u00eb shpresojn\u00eb m\u00eb q\u00eb ky shtet \u00ebsht\u00eb n\u00eb krahun e tyre ndaj dhe jan\u00eb t\u00eb gjith\u00eb t\u00eb vendosur nj\u00ebsh dhe n\u00eb bllok n\u00eb nj\u00eb protest\u00eb mbar\u00eb popullore, e cila ndodhet sot an\u00eb e mban\u00eb vendit dhe prej jav\u00ebsh t\u00eb t\u00ebra \u00ebsht\u00eb ajo q\u00eb ka marr fjal\u00ebn n\u00eb em\u00ebr t\u00eb t\u00eb gjith\u00eb qytetar\u00ebve p\u00ebr t\u00eb zgjidhur nj\u00eb her\u00eb e p\u00ebrgjithmon\u00eb dhe p\u00ebr tu \u00e7liruar nga nj\u00eb shtet q\u00eb n\u00eb vend se t\u2019i mbroj\u00eb qytetar\u00ebt, \u00ebsht\u00eb armiku i tyre.<\/span><\/p>\n<p><span style=\"color: #000000;\">Kjo polici, kjo qeverisje, kjo drejt\u00ebsi dhe kjo Prokurori t\u00eb zellshme pafund p\u00ebr t\u00eb arrestuar dhe n\u00eb mes t\u00eb nat\u00ebs banor\u00eb t\u00eb thjesht\u00eb deri n\u00eb 6 apo 7 an\u00ebtar\u00eb t\u00eb nj\u00eb familje tek Unaza e Re, t\u00eb cil\u00ebt mbrojn\u00eb pronat e tyre nga grabitja e papar\u00eb n\u00eb historin\u00eb e Shqip\u00ebris\u00eb, n\u00eb historit\u00eb korruptive dhe t\u00eb frikshme, t\u00eb cilat Shqip\u00ebria nuk i kishte par\u00eb kurr\u00eb. <\/span><\/p>\n<p><span style=\"color: #000000;\">N\u00eb m\u00ebnyr\u00eb t\u00eb pam\u00ebshirshme rr\u00ebmbehen nga Policia, arrestohen dhe trajtohen n\u00eb m\u00ebnyr\u00eb \u00e7njer\u00ebzore, nd\u00ebrkoh\u00eb q\u00eb hajdut\u00ebt e deklaruar me em\u00ebr e mbiem\u00ebr, t\u00eb cil\u00ebve emrat dhe mbiemrat ia njeh e gjith\u00eb Shqip\u00ebria q\u00eb nga nivelet m\u00eb t\u00eb larta t\u00eb qeveris\u00eb deri n\u00eb nivelet m\u00eb t\u00eb ul\u00ebta jan\u00eb rrug\u00ebve t\u00eb qet\u00eb dhe shikojn\u00eb n\u00eb televizor se si arrestohen viktimat e tyre.<\/span><\/p>\n<p><span style=\"color: #000000;\">Pra qytetar\u00eb, viktima t\u00eb vjedhurit arrestohen, nd\u00ebrsa kusar\u00ebt, hajdut\u00ebt nuk arrestohen. P\u00ebrfundimisht asnj\u00eb shqiptar sot nuk ka as m\u00eb t\u00eb voglin dyshim se cila \u00ebsht\u00eb qeverisja e vendit, se si \u00ebsht\u00eb kapur prej fyti qeverisja e vendit, se si telekomandohet qeverisja e vendit nga krimi i organizuar dhe nga trafikant\u00ebt dhe se si nuk ka asnj\u00eb mund\u00ebsi q\u00eb kjo qeverisje t\u00eb shp\u00ebtoj\u00eb nga kjo lidhje, nga kjo kapje pa kthim. <\/span><\/p>\n<p><span style=\"color: #000000;\">Ka vet\u00ebm nj\u00eb zgjidhje, ka vet\u00ebm nj\u00eb sh\u00ebrim shoq\u00ebria shqiptare, ka vet\u00ebm nj\u00eb drit\u00eb shum\u00eb t\u00eb fort\u00eb n\u00eb fund t\u00eb tunelit dhe kjo \u00ebsht\u00eb pik\u00ebrisht protesta mbar\u00eb popullore n\u00eb t\u00eb cil\u00ebn ne s\u00ebrish do t\u00eb jemi p\u00ebrpara Kuvendit t\u00eb Shqip\u00ebris\u00eb, i cili n\u00eb vend q\u00eb t\u00eb jet\u00eb Kuvendi i popullit \u00ebsht\u00eb kthyer n\u00eb Kuvendin e kuisling\u00ebve dhe kusar\u00ebve, p\u00ebr t\u00eb treguar edhe nj\u00eb her\u00eb q\u00eb shqiptar\u00ebt refuzojn\u00eb n\u00eb m\u00ebnyr\u00eb t\u00eb prer\u00eb dhe nuk do pranojn\u00eb kurr\u00eb p\u00ebr veten e tyre, p\u00ebr f\u00ebmij\u00ebt e tyre, p\u00ebr familjar\u00ebt e tyre, pra nuk do t\u00eb pranojn\u00eb kurr\u00eb t\u00eb qeverisen nga nj\u00eb qeverisje e kapur e cila i ka tradhtuar plot\u00ebsisht dhe t\u00ebr\u00ebsisht qytetar\u00ebt, duke i grabitur, duke i pla\u00e7kitur, duke dashur dhe ti dhunoj\u00eb ata.<\/span><\/p>\n<p><span style=\"color: #000000;\">Asnj\u00eb qytetar nuk trembet nga kjo qeveri dhe pik\u00ebrisht \u00ebsht\u00eb dhe do t\u00eb jet\u00eb n\u00eb sheshe sepse do t\u00eb \u00e7lirohet nj\u00eb her\u00eb e p\u00ebrgjithmon\u00eb prej tyre. <\/span><\/p>\n<p><span style=\"color: #000000;\">Edhe nj\u00eb her\u00eb faktet trondit\u00ebse t\u00eb cilat jan\u00eb n\u00eb duart e qytetar\u00ebve, audiot e p\u00ebrgjimeve, ku policia t\u00ebrhiqet p\u00ebr veshi, p\u00ebr gryke nga kriminel\u00ebt t\u00eb cil\u00ebt e keqtrajtojn\u00eb, i dhunojn\u00eb dhe nj\u00ebkoh\u00ebsisht paguhen prej saj, jan\u00eb fakte t\u00eb cilat do t\u00eb mbeten t\u00eb pashlyera n\u00eb memorien e shqiptar\u00ebve, ato do t\u00eb marrin shpagimin vet\u00ebm me protest\u00ebn\u00a0 e madhe mbar\u00eb popullore, e cila \u00e7liron nj\u00ebher\u00eb e p\u00ebrgjithmon\u00eb Shqip\u00ebrin\u00eb\u00a0 dhe vendos nj\u00eb standard t\u00eb ri shum\u00eb t\u00eb lart\u00eb qeveris\u00ebs, t\u00eb qeverisjes s\u00eb pa kapur dhe drejt\u00ebsis\u00eb s\u00eb pa kapur, t\u00eb asaj drejt\u00ebsie q\u00eb nuk fle para dosjeve, t\u00eb asaj drejt\u00ebsie q\u00eb mbyll \u00e7\u00e7\u00ebshtjet e tmerrshme q\u00eb jan\u00eb n\u00eb ngarkim t\u00eb kryeministrit shqiptar dhe \u00ebsht\u00eb e gatshme t\u00eb d\u00ebnoj\u00eb qytetarin e thjesht\u00eb, pra drejt\u00ebsi dyfishe, mbrojtje p\u00ebr kusar\u00ebt e qeveris\u00eb dhe nd\u00ebshkim p\u00ebr qytetar\u00ebt e thjesht\u00eb, pik\u00ebrisht p\u00ebr t\u00eb mos lejuar nj\u00eb standard t\u00eb till\u00eb, t\u00eb lig, t\u00eb posht\u00ebr, apolitik, antishoq\u00ebror.<\/span><\/p>\n<p><span style=\"color: #000000;\">Shqiptar\u00ebt vazhdojn\u00eb dhe do t\u00eb jen\u00eb pa u lodhur n\u00eb protest\u00eb, deri n\u00eb \u00e7lirimin e vendit nga kapja dhe kriminalizimi, pra t\u00eb gjith\u00eb s\u00eb bashku ta ndryshojm\u00eb Shqip\u00ebrin\u00eb dhe ta shp\u00ebtojm\u00eb Shqip\u00ebrin\u00eb sot p\u00ebr ta kthyer p\u00ebrfundimisht Shqip\u00ebrin\u00eb n\u00eb sht\u00ebpin\u00eb e shqiptar\u00ebve. Faleminderit.<\/span><\/p>\n<p><img loading=\"lazy\" decoding=\"async\" class=\"aligncenter size-full wp-image-285456\" src=\"https:\/\/hashtag.al\/wp-content\/uploads\/2019\/03\/nushi-alizoti-1.jpg\" alt=\"\" width=\"1000\" height=\"500\" srcset=\"https:\/\/www.hashtag.al\/wp-content\/uploads\/2019\/03\/nushi-alizoti-1.jpg 1000w, https:\/\/www.hashtag.al\/wp-content\/uploads\/2019\/03\/nushi-alizoti-1-300x150.jpg 300w, https:\/\/www.hashtag.al\/wp-content\/uploads\/2019\/03\/nushi-alizoti-1-768x384.jpg 768w\" sizes=\"auto, (max-width: 1000px) 100vw, 1000px\" \/><\/p>\n","protected":false,"gt_translate_keys":[{"key":"rendered","format":"html"}]},"excerpt":{"rendered":"<p>Ish-deputeti i LSI-s\u00eb, Vasili, ka deklaruar se pas publikimit t\u00eb audio-p\u00ebrgjimeve t\u00eb reja \u00ebsht\u00eb e qart\u00eb se Policia e Shtetit dhe shteti i Ram\u00ebs \u00ebsht\u00eb n\u00eb dor\u00eb t\u00eb kriminel\u00ebve, funksionon p\u00ebr ta dhe u bindet atyre. N\u00eb nj\u00eb deklarat\u00eb p\u00ebr mediat nga selia e partis\u00eb, Vasili tha se policia dhe prokuroria arrestojn\u00eb qytetar\u00ebt q\u00eb jan\u00eb [&hellip;]<\/p>\n","protected":false,"gt_translate_keys":[{"key":"rendered","format":"html"}]},"author":51,"featured_media":285458,"comment_status":"open","ping_status":"open","sticky":false,"template":"","format":"standard","meta":{"footnotes":""},"categories":[65,13],"tags":[],"class_list":["post-285455","post","type-post","status-publish","format-standard","has-post-thumbnail","hentry","category-lajme","category-te-fundit"],"gt_translate_keys":[{"key":"link","format":"url"}],"_links":{"self":[{"href":"https:\/\/www.hashtag.al\/index.php\/wp-json\/wp\/v2\/posts\/285455","targetHints":{"allow":["GET"]}}],"collection":[{"href":"https:\/\/www.hashtag.al\/index.php\/wp-json\/wp\/v2\/posts"}],"about":[{"href":"https:\/\/www.hashtag.al\/index.php\/wp-json\/wp\/v2\/types\/post"}],"author":[{"embeddable":true,"href":"https:\/\/www.hashtag.al\/index.php\/wp-json\/wp\/v2\/users\/51"}],"replies":[{"embeddable":true,"href":"https:\/\/www.hashtag.al\/index.php\/wp-json\/wp\/v2\/comments?post=285455"}],"version-history":[{"count":0,"href":"https:\/\/www.hashtag.al\/index.php\/wp-json\/wp\/v2\/posts\/285455\/revisions"}],"wp:featuredmedia":[{"embeddable":true,"href":"https:\/\/www.hashtag.al\/index.php\/wp-json\/wp\/v2\/media\/285458"}],"wp:attachment":[{"href":"https:\/\/www.hashtag.al\/index.php\/wp-json\/wp\/v2\/media?parent=285455"}],"wp:term":[{"taxonomy":"category","embeddable":true,"href":"https:\/\/www.hashtag.al\/index.php\/wp-json\/wp\/v2\/categories?post=285455"},{"taxonomy":"post_tag","embeddable":true,"href":"https:\/\/www.hashtag.al\/index.php\/wp-json\/wp\/v2\/tags?post=285455"}],"curies":[{"name":"wp","href":"https:\/\/api.w.org\/{rel}","templated":true}]}}