{"id":285310,"date":"2019-03-26T19:45:50","date_gmt":"2019-03-26T18:45:50","guid":{"rendered":"https:\/\/hashtag.al\/?p=285310"},"modified":"2019-03-26T19:32:27","modified_gmt":"2019-03-26T18:32:27","slug":"bylykbashi-rama-e-ka-fundin-e-keq-dhe-jo-vetem-politikisht","status":"publish","type":"post","link":"https:\/\/www.hashtag.al\/index.php\/2019\/03\/26\/bylykbashi-rama-e-ka-fundin-e-keq-dhe-jo-vetem-politikisht\/","title":{"rendered":"Bylykbashi: Rama e ka fundin e keq dhe jo vet\u00ebm politikisht","gt_translate_keys":[{"key":"rendered","format":"text"}]},"content":{"rendered":"<p><img loading=\"lazy\" decoding=\"async\" class=\"aligncenter size-full wp-image-130666\" src=\"https:\/\/hashtag.al\/wp-content\/uploads\/2017\/05\/bylykbashi.jpg\" alt=\"\" width=\"1200\" height=\"600\" \/><\/p>\n<p><span style=\"color: #000000;\">\u201cEdi Rama, n\u00ebse vazhdon k\u00ebshtu, fundin e ka t\u00eb keq. Ka modele n\u00eb histori q\u00eb tregojn\u00eb q\u00eb personazhe t\u00eb tilla p\u00ebrfundojn\u00eb keq, jo vet\u00ebm politikisht\u201d-deklaroi Bylykbashi p\u00ebr A2 News<\/span><\/p>\n<p><span style=\"color: #000000;\">Ish-deputeti i Partis\u00eb Demokratike, \u00a0komentoi \u00a0situat\u00ebn brenda Partis\u00eb Demokratike, \u00e7\u00ebshtjen e financimit q\u00eb ka shkuar n\u00eb Prokurori si dhe zhvillimet q\u00eb mund t\u00eb \u00e7ojn\u00eb ne nj\u00eb zgjidhje t\u00eb ng\u00ebr\u00e7it politik.<\/span><\/p>\n<p><span style=\"color: #000000;\">Tonet e forta sipas Bylykbashit justifikohen nga rrethanat q\u00eb po shohin kryeministrin shqiptar n\u00eb trajtat gjithmon\u00eb m\u00eb shum\u00eb t\u00eb spikatura t\u00eb nj\u00eb \u201chiperautokrati, q\u00eb e ndjen veten t\u00eb fuqish\u00ebm sepse ka gjith\u00eb institucionet, si\u00e7 u pa n\u00eb shesh\u201d. \u00a0<\/span><\/p>\n<p><span style=\"color: #000000;\">Bylykbashi cil\u00ebson se n\u00eb \u00e7\u00ebshtjen e financimit t\u00eb PD-s\u00eb, prokuroria po p\u00ebrdoret politikisht si instrument i Qeveris\u00eb\u201d, dhe kjo nuk\u00a0 e habit aspak.<\/span><\/p>\n<p><span style=\"color: #000000;\">Alarmante, sipas tij, situata e sistemit t\u00eb drejt\u00ebsis\u00eb, sidomos pas \u201cr\u00ebnies t\u00eb Gjykat\u00ebs Kushtetuese\u201d me nj\u00eb \u201dprokurore t\u00eb p\u00ebrgjithshme t\u00eb p\u00ebrkohshme q\u00eb q\u00ebndron aty n\u00eb m\u00ebnyr\u00eb antikushtetuese, 1vit e 3 muaj dhe q\u00eb fle mbi dosje q\u00eb p\u00ebrbejn\u00eb korrupsion zgjedhor\u201d, dhe p\u00ebrmend k\u00ebtu dosjet e famshme 339 dhe 184.<\/span><\/p>\n<p><span style=\"color: #000000;\">Sipas tij, \u201cpo t\u00eb ishin goditur k\u00ebta q\u00eb b\u00ebjn\u00eb krime zgjedhore sipas kodit penal t\u00eb 2017, q\u00eb miratuam me konsensus, ne sot do t\u00eb kishim histori tjet\u00ebr\u201d.<\/span><\/p>\n<p><span style=\"color: #000000;\">Skeptik tregohet edhe p\u00ebr reform\u00ebn n\u00eb drejt\u00ebsi, ku shpreson \u201cse SPAK t\u00eb ngrihet, sepse korrupsioni zgjedhor do te ishte l\u00ebnd\u00eb p\u00ebr SPAK\u201d, nd\u00ebrkoh\u00eb q\u00eb KLGJ dhe KLP jan\u00eb institucione t\u00eb \u201ckapura\u201d, dhe ku Vettingu aplikon standarde t\u00eb dyfishta ku \u201clargojn\u00eb k\u00ebdo nuk plot\u00ebson kushtet e Vettingut, por ama mbajn\u00eb t\u00eb gjith\u00eb ata q\u00eb i duhen p\u00ebr organet e r\u00ebnd\u00ebsishme, gj\u00eb q\u00eb tregon kapjen politike\u201d.<\/span><\/p>\n<p><span style=\"color: #000000;\">Kriza politika, sipas tij, mund t\u00eb njoh\u00eb vet\u00ebm p\u00ebrshkall\u00ebzim, q\u00eb njeh si zgjidhje vet\u00ebm zgjedhjet e parakohshme, \u201cpor pa Edi Ram\u00ebn\u201d.<\/span><\/p>\n<p><span style=\"color: #000000;\">Sistemi zgjedhor nuk ka rend\u00ebsi, sipas tij sepse \u201ct\u00eb gjith\u00eb sistemet jan\u00eb p\u00ebrfaq\u00ebsuese. \u00a0Shqip\u00ebria i ka provuar t\u00eb gjitha, mazhoritarin, gjermanin, paralelin, proporcionalin rajonal. Si ka mund\u00ebsi q\u00eb gjith\u00eb k\u00ebto sisteme kaq t\u00eb mira jan\u00eb kontestuar me radh\u00eb?\u201d, pyet Bylykbashi, q\u00eb mendon se \u201ckemi nevoje p\u00ebr nj\u00eb ndryshim t\u00eb sistemit t\u00eb partive politike. P\u00ebr sa kohe partit\u00eb do te ken\u00eb reti\u00e7enca demokratike, k\u00ebto parti do t\u00eb d\u00ebshtojn\u00eb\u201d.<\/span><\/p>\n<p>&nbsp;<\/p>\n<p>&nbsp;<\/p>\n","protected":false,"gt_translate_keys":[{"key":"rendered","format":"html"}]},"excerpt":{"rendered":"<p>\u201cEdi Rama, n\u00ebse vazhdon k\u00ebshtu, fundin e ka t\u00eb keq. Ka modele n\u00eb histori q\u00eb tregojn\u00eb q\u00eb personazhe t\u00eb tilla p\u00ebrfundojn\u00eb keq, jo vet\u00ebm politikisht\u201d-deklaroi Bylykbashi p\u00ebr A2 News Ish-deputeti i Partis\u00eb Demokratike, \u00a0komentoi \u00a0situat\u00ebn brenda Partis\u00eb Demokratike, \u00e7\u00ebshtjen e financimit q\u00eb ka shkuar n\u00eb Prokurori si dhe zhvillimet q\u00eb mund t\u00eb \u00e7ojn\u00eb ne nj\u00eb [&hellip;]<\/p>\n","protected":false,"gt_translate_keys":[{"key":"rendered","format":"html"}]},"author":32,"featured_media":112286,"comment_status":"open","ping_status":"open","sticky":false,"template":"","format":"standard","meta":{"footnotes":""},"categories":[65,13],"tags":[],"class_list":["post-285310","post","type-post","status-publish","format-standard","has-post-thumbnail","hentry","category-lajme","category-te-fundit"],"gt_translate_keys":[{"key":"link","format":"url"}],"_links":{"self":[{"href":"https:\/\/www.hashtag.al\/index.php\/wp-json\/wp\/v2\/posts\/285310","targetHints":{"allow":["GET"]}}],"collection":[{"href":"https:\/\/www.hashtag.al\/index.php\/wp-json\/wp\/v2\/posts"}],"about":[{"href":"https:\/\/www.hashtag.al\/index.php\/wp-json\/wp\/v2\/types\/post"}],"author":[{"embeddable":true,"href":"https:\/\/www.hashtag.al\/index.php\/wp-json\/wp\/v2\/users\/32"}],"replies":[{"embeddable":true,"href":"https:\/\/www.hashtag.al\/index.php\/wp-json\/wp\/v2\/comments?post=285310"}],"version-history":[{"count":0,"href":"https:\/\/www.hashtag.al\/index.php\/wp-json\/wp\/v2\/posts\/285310\/revisions"}],"wp:featuredmedia":[{"embeddable":true,"href":"https:\/\/www.hashtag.al\/index.php\/wp-json\/"}],"wp:attachment":[{"href":"https:\/\/www.hashtag.al\/index.php\/wp-json\/wp\/v2\/media?parent=285310"}],"wp:term":[{"taxonomy":"category","embeddable":true,"href":"https:\/\/www.hashtag.al\/index.php\/wp-json\/wp\/v2\/categories?post=285310"},{"taxonomy":"post_tag","embeddable":true,"href":"https:\/\/www.hashtag.al\/index.php\/wp-json\/wp\/v2\/tags?post=285310"}],"curies":[{"name":"wp","href":"https:\/\/api.w.org\/{rel}","templated":true}]}}