{"id":285169,"date":"2019-03-26T11:35:38","date_gmt":"2019-03-26T10:35:38","guid":{"rendered":"https:\/\/hashtag.al\/?p=285169"},"modified":"2019-03-26T11:35:38","modified_gmt":"2019-03-26T10:35:38","slug":"tre-te-arrestuar-per-vrasjen-e-jurgen-kurtit","status":"publish","type":"post","link":"https:\/\/www.hashtag.al\/index.php\/2019\/03\/26\/tre-te-arrestuar-per-vrasjen-e-jurgen-kurtit\/","title":{"rendered":"Tre t\u00eb arrestuar p\u00ebr vrasjen e Jurgen Kurtit","gt_translate_keys":[{"key":"rendered","format":"text"}]},"content":{"rendered":"<p>&nbsp;<\/p>\n<p><span style=\"color: #000000;\"><img loading=\"lazy\" decoding=\"async\" class=\"aligncenter size-full wp-image-283370\" src=\"https:\/\/hashtag.al\/wp-content\/uploads\/2019\/03\/jurgen-kurti-2.jpg\" alt=\"\" width=\"960\" height=\"960\" srcset=\"https:\/\/www.hashtag.al\/wp-content\/uploads\/2019\/03\/jurgen-kurti-2.jpg 960w, https:\/\/www.hashtag.al\/wp-content\/uploads\/2019\/03\/jurgen-kurti-2-150x150.jpg 150w, https:\/\/www.hashtag.al\/wp-content\/uploads\/2019\/03\/jurgen-kurti-2-300x300.jpg 300w, https:\/\/www.hashtag.al\/wp-content\/uploads\/2019\/03\/jurgen-kurti-2-768x768.jpg 768w, https:\/\/www.hashtag.al\/wp-content\/uploads\/2019\/03\/jurgen-kurti-2-120x120.jpg 120w\" sizes=\"auto, (max-width: 960px) 100vw, 960px\" \/>Tre t\u00eb rinj jan\u00eb arrestuar lidhur me vrasjen e Jurgen Kurtit m\u00eb 18 mars n\u00eb Tiran\u00eb, 26-vje\u00e7arin e njohur si menaxher i disa personave t\u00eb famsh\u00ebm n\u00eb Tiran\u00eb.<\/span><\/p>\n<p><span style=\"color: #000000;\">Tre t\u00eb arrestuarit jan\u00eb identifikuar si Elsi Levendi, Olsi Qalliaj dhe Alesio Berberi.<\/span><\/p>\n<p><strong><span style=\"color: #000000;\">Detajet e policis\u00eb<\/span><\/strong><\/p>\n<p><span style=\"color: #000000;\">Zbardhet ngjarja e ndodhur m\u00eb dat\u00eb 18 mars 2019, n\u00eb rrug\u00ebn \u201cZef Jubani\u201d, ku u vra me arm\u00eb zjarri 26 vje\u00e7ari J. K. Arrestohen tre shtetas si bashk\u00ebpuntor\u00eb n\u00eb vrasje, si dhe u shpall n\u00eb k\u00ebrkim nj\u00eb tjet\u00ebr.Sekuestrohen nj\u00eb arm\u00eb zjarri \u201cPistolet\u00eb TT\u201d, fishek\u00eb luftarak, nj\u00eb automjet q\u00eb u ka sh\u00ebrbyer autor\u00ebve p\u00ebr tu larguar pas kryerjes s\u00eb ngjarjes, nj\u00eb sasi e vog\u00ebl l\u00ebnde narkotike, 2470 Euro e lek\u00eb shqiptare, si dhe dy makina luksoze.<\/span><\/p>\n<p><span style=\"color: #000000;\">Pas nj\u00eb pune t\u00eb mir\u00eb organizuar nga Sektori i Hetimit t\u00eb Krimeve Ndaj Jet\u00ebs dhe Pron\u00ebs, n\u00eb D.V.P.Tiran\u00eb, n\u00eb bashk\u00ebpunim me Prokurorin\u00eb e Rrethit Gjyq\u00ebsor Tiran\u00eb, n\u00eb lidhje me ngjarjen e ndodhur n\u00eb dat\u00eb 18 mars 2019, rreth or\u00ebs 22:30, n\u00eb rrug\u00ebn \u201cZef Jubani\u201d, ku u vra me arm\u00eb zjarri shtetasi, J.K., 26 vje\u00e7, \u00ebsht\u00eb arritur t\u00eb b\u00ebhet dokumentimi ligjor i k\u00ebsaj ngjarje ku jan\u00eb ndaluar\/arrestuar shtetasit:<\/span><\/p>\n<p><span style=\"color: #000000;\">\u2013 E. L., 21 vje\u00e7, lindur n\u00eb Athin\u00eb\/Greqi dhe banues n\u00eb Tiran\u00eb;<\/span><\/p>\n<p><span style=\"color: #000000;\">\u2013 A. B., 33 vje\u00e7, lindur n\u00eb Patos dhe baunes n\u00eb Patos, Fier;<\/span><\/p>\n<p><span style=\"color: #000000;\">-O. Q., 22 vje\u00e7, lindur n\u00eb Fier dhe banues n\u00eb Patos.<\/span><\/p>\n<p><span style=\"color: #000000;\">Si dhe u b\u00eb shpallja n\u00eb k\u00ebrkim e nj\u00eb shtetasi tjet\u00ebr. Nga informacionet e grumbulluara, provat e administruara dhe t\u00eb sekuestruara, si dhe t\u00ebr\u00ebsia e\u00a0 veprimeve hetimore t\u00eb kryera,\u00a0 dyshohet se autor\u00ebt e k\u00ebsaj ngjarje jan\u00eb shtetasit e m\u00ebsip\u00ebrm s\u00eb bashku me nj\u00eb shtetas tjet\u00ebr t\u00eb shpallur n\u00eb k\u00ebrkim. Policia gjat\u00eb kontrollit fizik dhe n\u00eb basnesat e k\u00ebtyre shtetasve gjeti dhe sekuestroi nj\u00eb automjet q\u00eb u ka sh\u00ebrbyer autor\u00ebve p\u00ebr tu larguar nga vendi i ngjarjes, si dhe dy makina t\u00eb tjera luksoze.<\/span><\/p>\n<p><span style=\"color: #000000;\">Gjithshtu u gjet dhe nj\u00eb arm\u00eb zjarri \u201cPistolet\u00eb TT\u201d, fishek\u00eb luftarak, nj\u00eb sasi prej 2470 Euro e lek\u00eb shqiptare, 13 aparate celular, si dhe nj\u00eb sasi e vog\u00ebl l\u00ebnde narkotike.<\/span><\/p>\n<p><span style=\"color: #000000;\">Veprimet hetimore jan\u00eb n\u00eb vazhdim e sip\u00ebr p\u00ebr t\u00eb b\u00ebr\u00eb t\u00eb mundur dokumentimin e plot\u00eb me prova ligjore t\u00eb personave t\u00eb tjer\u00eb t\u00eb p\u00ebrfshir\u00eb n\u00eb k\u00ebt\u00eb ngjarje, si dhe p\u00ebr dokumentimin e motiveve t\u00eb k\u00ebsaj ngjarje. P\u00ebr arsye hetimore nuk b\u00ebjm\u00eb me dije t\u00eb dh\u00ebna t\u00eb tjera pasi c\u00ebnojn\u00eb hetimin.<\/span><\/p>\n<p><span style=\"color: #000000;\">Materialet\u00a0 ju d\u00ebrguan Prokuroris\u00eb Rrethit Gjyq\u00ebsor Tiran\u00eb, p\u00ebr veprat penale penale \u201cVrasje me paramendim e kryer n\u00eb bashk\u00ebpunim\u201d,\u00a0 \u201cProdhim dhe mbajtje pa leje t\u00eb arm\u00ebve luftarake\u201d, \u201cProdhim dhe shitje t\u00eb l\u00ebnd\u00ebve narkotike\u201d<\/span><\/p>\n<p>&nbsp;<\/p>\n","protected":false,"gt_translate_keys":[{"key":"rendered","format":"html"}]},"excerpt":{"rendered":"<p>&nbsp; Tre t\u00eb rinj jan\u00eb arrestuar lidhur me vrasjen e Jurgen Kurtit m\u00eb 18 mars n\u00eb Tiran\u00eb, 26-vje\u00e7arin e njohur si menaxher i disa personave t\u00eb famsh\u00ebm n\u00eb Tiran\u00eb. Tre t\u00eb arrestuarit jan\u00eb identifikuar si Elsi Levendi, Olsi Qalliaj dhe Alesio Berberi. Detajet e policis\u00eb Zbardhet ngjarja e ndodhur m\u00eb dat\u00eb 18 mars 2019, n\u00eb [&hellip;]<\/p>\n","protected":false,"gt_translate_keys":[{"key":"rendered","format":"html"}]},"author":30,"featured_media":283370,"comment_status":"open","ping_status":"open","sticky":false,"template":"","format":"standard","meta":{"footnotes":""},"categories":[65,13],"tags":[],"class_list":["post-285169","post","type-post","status-publish","format-standard","has-post-thumbnail","hentry","category-lajme","category-te-fundit"],"gt_translate_keys":[{"key":"link","format":"url"}],"_links":{"self":[{"href":"https:\/\/www.hashtag.al\/index.php\/wp-json\/wp\/v2\/posts\/285169","targetHints":{"allow":["GET"]}}],"collection":[{"href":"https:\/\/www.hashtag.al\/index.php\/wp-json\/wp\/v2\/posts"}],"about":[{"href":"https:\/\/www.hashtag.al\/index.php\/wp-json\/wp\/v2\/types\/post"}],"author":[{"embeddable":true,"href":"https:\/\/www.hashtag.al\/index.php\/wp-json\/wp\/v2\/users\/30"}],"replies":[{"embeddable":true,"href":"https:\/\/www.hashtag.al\/index.php\/wp-json\/wp\/v2\/comments?post=285169"}],"version-history":[{"count":0,"href":"https:\/\/www.hashtag.al\/index.php\/wp-json\/wp\/v2\/posts\/285169\/revisions"}],"wp:featuredmedia":[{"embeddable":true,"href":"https:\/\/www.hashtag.al\/index.php\/wp-json\/wp\/v2\/media\/283370"}],"wp:attachment":[{"href":"https:\/\/www.hashtag.al\/index.php\/wp-json\/wp\/v2\/media?parent=285169"}],"wp:term":[{"taxonomy":"category","embeddable":true,"href":"https:\/\/www.hashtag.al\/index.php\/wp-json\/wp\/v2\/categories?post=285169"},{"taxonomy":"post_tag","embeddable":true,"href":"https:\/\/www.hashtag.al\/index.php\/wp-json\/wp\/v2\/tags?post=285169"}],"curies":[{"name":"wp","href":"https:\/\/api.w.org\/{rel}","templated":true}]}}