{"id":285081,"date":"2019-03-25T22:49:58","date_gmt":"2019-03-25T21:49:58","guid":{"rendered":"https:\/\/hashtag.al\/?p=285081"},"modified":"2019-03-25T22:49:58","modified_gmt":"2019-03-25T21:49:58","slug":"shqiperia-fiton-me-tre-golesh-ndaj-andorres","status":"publish","type":"post","link":"https:\/\/www.hashtag.al\/index.php\/2019\/03\/25\/shqiperia-fiton-me-tre-golesh-ndaj-andorres\/","title":{"rendered":"Shqip\u00ebria fiton me tre gol\u00ebsh ndaj Andorr\u00ebs","gt_translate_keys":[{"key":"rendered","format":"text"}]},"content":{"rendered":"<p><img loading=\"lazy\" decoding=\"async\" class=\"aligncenter size-full wp-image-285082\" src=\"https:\/\/hashtag.al\/wp-content\/uploads\/2019\/03\/bandicam-2019-03-25-21-06-37-663.jpg\" alt=\"\" width=\"713\" height=\"394\" srcset=\"https:\/\/www.hashtag.al\/wp-content\/uploads\/2019\/03\/bandicam-2019-03-25-21-06-37-663.jpg 713w, https:\/\/www.hashtag.al\/wp-content\/uploads\/2019\/03\/bandicam-2019-03-25-21-06-37-663-300x166.jpg 300w\" sizes=\"auto, (max-width: 713px) 100vw, 713px\" \/><\/p>\n<p><span style=\"color: #000000;\">Shqip\u00ebria ka marr\u00eb nj\u00eb fitore t\u00eb leht\u00eb ndaj Andorr\u00ebs n\u00eb transfert\u00eb p\u00ebr eleminatoret Europ 2020.<\/span><\/p>\n<p><span style=\"color: #000000;\">M\u00eb nj\u00eb gol n\u00eb pjes\u00ebn e par\u00eb dhe dy n\u00eb pjes\u00ebn e dyt\u00eb, kuq e zinjt\u00eb mor\u00ebn tre pik\u00eb t\u00eb vlefshme n\u00eb gar\u00ebn p\u00ebr kualifikim.<\/span><\/p>\n<p><span style=\"color: #000000;\">Golat u sh\u00ebnuan nga Sadiku n\u00eb pjes\u00ebn e par\u00eb dhe m\u00eb pas Balaj dhe n\u00eb p\u00ebrfundim sh\u00ebnoi Abrashi.<\/span><\/p>\n","protected":false,"gt_translate_keys":[{"key":"rendered","format":"html"}]},"excerpt":{"rendered":"<p>Shqip\u00ebria ka marr\u00eb nj\u00eb fitore t\u00eb leht\u00eb ndaj Andorr\u00ebs n\u00eb transfert\u00eb p\u00ebr eleminatoret Europ 2020. M\u00eb nj\u00eb gol n\u00eb pjes\u00ebn e par\u00eb dhe dy n\u00eb pjes\u00ebn e dyt\u00eb, kuq e zinjt\u00eb mor\u00ebn tre pik\u00eb t\u00eb vlefshme n\u00eb gar\u00ebn p\u00ebr kualifikim. Golat u sh\u00ebnuan nga Sadiku n\u00eb pjes\u00ebn e par\u00eb dhe m\u00eb pas Balaj dhe n\u00eb [&hellip;]<\/p>\n","protected":false,"gt_translate_keys":[{"key":"rendered","format":"html"}]},"author":32,"featured_media":285082,"comment_status":"open","ping_status":"open","sticky":false,"template":"","format":"standard","meta":{"footnotes":""},"categories":[134,13],"tags":[],"class_list":["post-285081","post","type-post","status-publish","format-standard","has-post-thumbnail","hentry","category-sport","category-te-fundit"],"gt_translate_keys":[{"key":"link","format":"url"}],"_links":{"self":[{"href":"https:\/\/www.hashtag.al\/index.php\/wp-json\/wp\/v2\/posts\/285081","targetHints":{"allow":["GET"]}}],"collection":[{"href":"https:\/\/www.hashtag.al\/index.php\/wp-json\/wp\/v2\/posts"}],"about":[{"href":"https:\/\/www.hashtag.al\/index.php\/wp-json\/wp\/v2\/types\/post"}],"author":[{"embeddable":true,"href":"https:\/\/www.hashtag.al\/index.php\/wp-json\/wp\/v2\/users\/32"}],"replies":[{"embeddable":true,"href":"https:\/\/www.hashtag.al\/index.php\/wp-json\/wp\/v2\/comments?post=285081"}],"version-history":[{"count":0,"href":"https:\/\/www.hashtag.al\/index.php\/wp-json\/wp\/v2\/posts\/285081\/revisions"}],"wp:featuredmedia":[{"embeddable":true,"href":"https:\/\/www.hashtag.al\/index.php\/wp-json\/wp\/v2\/media\/285082"}],"wp:attachment":[{"href":"https:\/\/www.hashtag.al\/index.php\/wp-json\/wp\/v2\/media?parent=285081"}],"wp:term":[{"taxonomy":"category","embeddable":true,"href":"https:\/\/www.hashtag.al\/index.php\/wp-json\/wp\/v2\/categories?post=285081"},{"taxonomy":"post_tag","embeddable":true,"href":"https:\/\/www.hashtag.al\/index.php\/wp-json\/wp\/v2\/tags?post=285081"}],"curies":[{"name":"wp","href":"https:\/\/api.w.org\/{rel}","templated":true}]}}