{"id":285020,"date":"2019-03-25T17:54:33","date_gmt":"2019-03-25T16:54:33","guid":{"rendered":"https:\/\/hashtag.al\/?p=285020"},"modified":"2019-03-25T18:00:29","modified_gmt":"2019-03-25T17:00:29","slug":"edi-reja-kerkon-24-ore-per-te-vendosur-per-stolin-e-shqiperise","status":"publish","type":"post","link":"https:\/\/www.hashtag.al\/index.php\/2019\/03\/25\/edi-reja-kerkon-24-ore-per-te-vendosur-per-stolin-e-shqiperise\/","title":{"rendered":"Edi Reja k\u00ebrkon 24 or\u00eb p\u00ebr t\u00eb vendosur p\u00ebr stolin e Shqip\u00ebris\u00eb","gt_translate_keys":[{"key":"rendered","format":"text"}]},"content":{"rendered":"<p><img loading=\"lazy\" decoding=\"async\" class=\"aligncenter size-full wp-image-285021\" src=\"https:\/\/hashtag.al\/wp-content\/uploads\/2019\/03\/edi-reja.jpeg\" alt=\"\" width=\"1000\" height=\"666\" srcset=\"https:\/\/www.hashtag.al\/wp-content\/uploads\/2019\/03\/edi-reja.jpeg 1000w, https:\/\/www.hashtag.al\/wp-content\/uploads\/2019\/03\/edi-reja-300x200.jpeg 300w, https:\/\/www.hashtag.al\/wp-content\/uploads\/2019\/03\/edi-reja-768x511.jpeg 768w\" sizes=\"auto, (max-width: 1000px) 100vw, 1000px\" \/><\/p>\n<p><span style=\"color: #000000;\">Edhe pse kreu i Federat\u00ebs Shqiptare t\u00eb Futbollit, Duka, tha se takimi me trajnerin italian Reja kishte qen\u00eb i rast\u00ebsish\u00ebm, duket se kjo nuk \u00ebsht\u00eb krejt\u00ebsisht e v\u00ebrtet\u00eb. <\/span><\/p>\n<p><span style=\"color: #000000;\">Emri i Edi Rej\u00ebs, ish-trajnerit t\u00eb Napolit dhe Lacios, \u00ebsht\u00eb kthyer s\u00ebrish n\u00eb sken\u00eb p\u00ebr t\u00eb marr\u00eb n\u00eb dor\u00eb drejtimin e komb\u00ebtares shqiptare.<\/span><\/p>\n<p><span style=\"color: #000000;\"> Tekniku italian ka deklaruar se i duhen 24 or\u00eb p\u00ebr t\u00eb vendosur n\u00ebse do e marr\u00eb p\u00ebrsip\u00ebr drejtimin e Shqip\u00ebris\u00eb. Ai ka deklaruar se shum\u00eb r\u00ebnd\u00ebsi n\u00eb vendimin e tij do t\u00eb ket\u00eb paraqitja e ekipit n\u00eb takimin e sot\u00ebm ndaj Andorr\u00ebs.<\/span><\/p>\n<p><span style=\"color: #000000;\">Humbja me Turqin\u00eb ka l\u00ebn\u00eb n\u00eb shije t\u00eb hidhur tek ekipi, stafi drejtues dhe tifoz\u00ebt e ekipit komb\u00ebtar, q\u00eb kan\u00eb pritshm\u00ebri. Komb\u00ebtarja Shqiptare synon nj\u00eb nga 3 vendet e para pasi Franca dhe Islanda jan\u00eb duksh\u00ebm m\u00eb lart kurse Turqia \u00ebsht\u00eb komb\u00ebtarja e vetme me t\u00eb cil\u00ebn rivalizojm\u00eb teorikisht.<\/span><\/p>\n<p><span style=\"color: #000000;\">P\u00ebr takimin e sot\u00ebm pritet q\u00eb trajneri Mema dhe ndihm\u00ebsi i tij, Bulku, t\u00eb b\u00ebjn\u00eb disa ndryshime n\u00eb formacion por nuk e kan\u00eb zbuluar ende list\u00ebn e lojtar\u00ebve.<\/span><\/p>\n<p><img loading=\"lazy\" decoding=\"async\" class=\"aligncenter size-full wp-image-284972\" src=\"https:\/\/hashtag.al\/wp-content\/uploads\/2019\/03\/bulkumema.jpg\" alt=\"\" width=\"960\" height=\"675\" srcset=\"https:\/\/www.hashtag.al\/wp-content\/uploads\/2019\/03\/bulkumema.jpg 960w, https:\/\/www.hashtag.al\/wp-content\/uploads\/2019\/03\/bulkumema-300x211.jpg 300w, https:\/\/www.hashtag.al\/wp-content\/uploads\/2019\/03\/bulkumema-768x540.jpg 768w\" sizes=\"auto, (max-width: 960px) 100vw, 960px\" \/><\/p>\n","protected":false,"gt_translate_keys":[{"key":"rendered","format":"html"}]},"excerpt":{"rendered":"<p>Edhe pse kreu i Federat\u00ebs Shqiptare t\u00eb Futbollit, Duka, tha se takimi me trajnerin italian Reja kishte qen\u00eb i rast\u00ebsish\u00ebm, duket se kjo nuk \u00ebsht\u00eb krejt\u00ebsisht e v\u00ebrtet\u00eb. Emri i Edi Rej\u00ebs, ish-trajnerit t\u00eb Napolit dhe Lacios, \u00ebsht\u00eb kthyer s\u00ebrish n\u00eb sken\u00eb p\u00ebr t\u00eb marr\u00eb n\u00eb dor\u00eb drejtimin e komb\u00ebtares shqiptare. Tekniku italian ka deklaruar [&hellip;]<\/p>\n","protected":false,"gt_translate_keys":[{"key":"rendered","format":"html"}]},"author":51,"featured_media":285022,"comment_status":"open","ping_status":"open","sticky":false,"template":"","format":"standard","meta":{"footnotes":""},"categories":[134],"tags":[],"class_list":["post-285020","post","type-post","status-publish","format-standard","has-post-thumbnail","hentry","category-sport"],"gt_translate_keys":[{"key":"link","format":"url"}],"_links":{"self":[{"href":"https:\/\/www.hashtag.al\/index.php\/wp-json\/wp\/v2\/posts\/285020","targetHints":{"allow":["GET"]}}],"collection":[{"href":"https:\/\/www.hashtag.al\/index.php\/wp-json\/wp\/v2\/posts"}],"about":[{"href":"https:\/\/www.hashtag.al\/index.php\/wp-json\/wp\/v2\/types\/post"}],"author":[{"embeddable":true,"href":"https:\/\/www.hashtag.al\/index.php\/wp-json\/wp\/v2\/users\/51"}],"replies":[{"embeddable":true,"href":"https:\/\/www.hashtag.al\/index.php\/wp-json\/wp\/v2\/comments?post=285020"}],"version-history":[{"count":0,"href":"https:\/\/www.hashtag.al\/index.php\/wp-json\/wp\/v2\/posts\/285020\/revisions"}],"wp:featuredmedia":[{"embeddable":true,"href":"https:\/\/www.hashtag.al\/index.php\/wp-json\/wp\/v2\/media\/285022"}],"wp:attachment":[{"href":"https:\/\/www.hashtag.al\/index.php\/wp-json\/wp\/v2\/media?parent=285020"}],"wp:term":[{"taxonomy":"category","embeddable":true,"href":"https:\/\/www.hashtag.al\/index.php\/wp-json\/wp\/v2\/categories?post=285020"},{"taxonomy":"post_tag","embeddable":true,"href":"https:\/\/www.hashtag.al\/index.php\/wp-json\/wp\/v2\/tags?post=285020"}],"curies":[{"name":"wp","href":"https:\/\/api.w.org\/{rel}","templated":true}]}}