{"id":284800,"date":"2019-03-24T17:45:57","date_gmt":"2019-03-24T16:45:57","guid":{"rendered":"https:\/\/hashtag.al\/?p=284800"},"modified":"2019-03-24T17:45:57","modified_gmt":"2019-03-24T16:45:57","slug":"may-probleme-brenda-kabinetit-i-dalin-kunder-6-ministra","status":"publish","type":"post","link":"https:\/\/www.hashtag.al\/index.php\/2019\/03\/24\/may-probleme-brenda-kabinetit-i-dalin-kunder-6-ministra\/","title":{"rendered":"May probleme brenda kabinetit, i dalin kund\u00ebr 6 ministra","gt_translate_keys":[{"key":"rendered","format":"text"}]},"content":{"rendered":"<p><img loading=\"lazy\" decoding=\"async\" class=\"aligncenter size-full wp-image-284033\" src=\"https:\/\/hashtag.al\/wp-content\/uploads\/2019\/03\/MAYY.jpg\" alt=\"\" width=\"700\" height=\"394\" srcset=\"https:\/\/www.hashtag.al\/wp-content\/uploads\/2019\/03\/MAYY.jpg 700w, https:\/\/www.hashtag.al\/wp-content\/uploads\/2019\/03\/MAYY-300x169.jpg 300w\" sizes=\"auto, (max-width: 700px) 100vw, 700px\" \/><\/p>\n<p><span style=\"color: #000000;\">Theresa May po p\u00ebrballet me probleme reale n\u00eb vendin e saj.<\/span><\/p>\n<p><span style=\"color: #000000;\">S\u00eb fundmi, gjasht\u00eb ministra t\u00eb kabinetit kan\u00eb dal\u00eb kund\u00ebr lideres s\u00eb tyre dhe k\u00ebrkojn\u00eb q\u00eb dikush tjet\u00ebr t\u00eb merret me procesin e shk\u00ebputjes nga BE.<\/span><\/p>\n<p><span style=\"color: #000000;\">Kandidati m\u00eb i mundsh\u00ebm \u00ebsht\u00eb z\u00ebvend\u00ebsi i saj David Lidington. Kjo l\u00ebvizje pritet t\u00eb forcohet m\u00eb shum\u00eb n\u00eb mbledhjen e nes\u00ebrme t\u00eb qeveris\u00eb.<\/span><\/p>\n<p><span style=\"color: #000000;\">May \u00ebsht\u00eb izoluar mjaft me aleat\u00ebt e saj, por edhe n\u00eb marr\u00ebdh\u00ebniet me Brukselin.<\/span><\/p>\n","protected":false,"gt_translate_keys":[{"key":"rendered","format":"html"}]},"excerpt":{"rendered":"<p>Theresa May po p\u00ebrballet me probleme reale n\u00eb vendin e saj. S\u00eb fundmi, gjasht\u00eb ministra t\u00eb kabinetit kan\u00eb dal\u00eb kund\u00ebr lideres s\u00eb tyre dhe k\u00ebrkojn\u00eb q\u00eb dikush tjet\u00ebr t\u00eb merret me procesin e shk\u00ebputjes nga BE. Kandidati m\u00eb i mundsh\u00ebm \u00ebsht\u00eb z\u00ebvend\u00ebsi i saj David Lidington. Kjo l\u00ebvizje pritet t\u00eb forcohet m\u00eb shum\u00eb n\u00eb mbledhjen [&hellip;]<\/p>\n","protected":false,"gt_translate_keys":[{"key":"rendered","format":"html"}]},"author":32,"featured_media":284033,"comment_status":"open","ping_status":"open","sticky":false,"template":"","format":"standard","meta":{"footnotes":""},"categories":[6,13],"tags":[],"class_list":["post-284800","post","type-post","status-publish","format-standard","has-post-thumbnail","hentry","category-nderkombetare","category-te-fundit"],"gt_translate_keys":[{"key":"link","format":"url"}],"_links":{"self":[{"href":"https:\/\/www.hashtag.al\/index.php\/wp-json\/wp\/v2\/posts\/284800","targetHints":{"allow":["GET"]}}],"collection":[{"href":"https:\/\/www.hashtag.al\/index.php\/wp-json\/wp\/v2\/posts"}],"about":[{"href":"https:\/\/www.hashtag.al\/index.php\/wp-json\/wp\/v2\/types\/post"}],"author":[{"embeddable":true,"href":"https:\/\/www.hashtag.al\/index.php\/wp-json\/wp\/v2\/users\/32"}],"replies":[{"embeddable":true,"href":"https:\/\/www.hashtag.al\/index.php\/wp-json\/wp\/v2\/comments?post=284800"}],"version-history":[{"count":0,"href":"https:\/\/www.hashtag.al\/index.php\/wp-json\/wp\/v2\/posts\/284800\/revisions"}],"wp:featuredmedia":[{"embeddable":true,"href":"https:\/\/www.hashtag.al\/index.php\/wp-json\/wp\/v2\/media\/284033"}],"wp:attachment":[{"href":"https:\/\/www.hashtag.al\/index.php\/wp-json\/wp\/v2\/media?parent=284800"}],"wp:term":[{"taxonomy":"category","embeddable":true,"href":"https:\/\/www.hashtag.al\/index.php\/wp-json\/wp\/v2\/categories?post=284800"},{"taxonomy":"post_tag","embeddable":true,"href":"https:\/\/www.hashtag.al\/index.php\/wp-json\/wp\/v2\/tags?post=284800"}],"curies":[{"name":"wp","href":"https:\/\/api.w.org\/{rel}","templated":true}]}}