{"id":284767,"date":"2019-03-24T15:35:25","date_gmt":"2019-03-24T14:35:25","guid":{"rendered":"https:\/\/hashtag.al\/?p=284767"},"modified":"2019-03-24T15:36:08","modified_gmt":"2019-03-24T14:36:08","slug":"ishte-gjyq-politik-ish-deputetet-e-opozites-kunder-gjykates-qe-la-ne-burg-tre-protestuesit","status":"publish","type":"post","link":"https:\/\/www.hashtag.al\/index.php\/2019\/03\/24\/ishte-gjyq-politik-ish-deputetet-e-opozites-kunder-gjykates-qe-la-ne-burg-tre-protestuesit\/","title":{"rendered":"&#8220;Ishte gjyq politik!&#8221; &#8211; Ish-deputet\u00ebt e opozit\u00ebs kund\u00ebr gjykat\u00ebs q\u00eb la n\u00eb burg tre protestuesit","gt_translate_keys":[{"key":"rendered","format":"text"}]},"content":{"rendered":"<p><img loading=\"lazy\" decoding=\"async\" class=\"aligncenter size-full wp-image-284768\" src=\"https:\/\/hashtag.al\/wp-content\/uploads\/2019\/03\/opozita.jpg\" alt=\"\" width=\"2000\" height=\"1021\" srcset=\"https:\/\/www.hashtag.al\/wp-content\/uploads\/2019\/03\/opozita.jpg 2000w, https:\/\/www.hashtag.al\/wp-content\/uploads\/2019\/03\/opozita-300x153.jpg 300w, https:\/\/www.hashtag.al\/wp-content\/uploads\/2019\/03\/opozita-768x392.jpg 768w, https:\/\/www.hashtag.al\/wp-content\/uploads\/2019\/03\/opozita-1024x523.jpg 1024w\" sizes=\"auto, (max-width: 2000px) 100vw, 2000px\" \/><\/p>\n<p><span style=\"color: #000000;\">Ish-deputet\u00ebt e opozit\u00ebs, Edmond Spaho, Klevis Balliu t\u00eb PD-s\u00eb si dhe Endrit Braimllari i LSI-s\u00eb, kan\u00eb kund\u00ebrshtuar vendimin e sot\u00ebm t\u00eb gjykat\u00ebs s\u00eb tiran\u00ebs, q\u00eb la n\u00eb burg tre protestues, pasi kishin marr\u00eb pjes\u00eb n\u00eb protest\u00ebn e 21 marsit.<\/span><\/p>\n<p><span style=\"color: #000000;\">Ish-deputet\u00ebt t\u00eb cil\u00ebt kan\u00eb qen\u00eb t\u00eb pranish\u00ebm n\u00eb seanc\u00ebn gjyq\u00ebsore, e kan\u00eb cil\u00ebsuar k\u00ebt\u00eb si nj\u00eb &#8220;gjyq politik&#8221; dhe si nj\u00eb p\u00ebrpjekje t\u00eb kryeministrit Edi Rama p\u00ebr t\u00eb frik\u00ebsuar qytetar\u00ebt q\u00eb t\u00eb mos protestojn\u00eb m\u00eb kund\u00ebr tij.<\/span><\/p>\n<p><span style=\"color: #000000;\"><strong>Edmond Spaho:<\/strong> <em>P\u00ebr tre t\u00eb ndaluar u vendos &#8220;arrest me burg&#8221; pa fakte dhe prova. Shqip\u00ebria \u00ebsht\u00eb ndoshta i vetmi vend n\u00eb Europ\u00eb q\u00eb burgos kur proteston p\u00ebr t\u00eb drejtat e tua. Q\u00ebllimi i prokuroris\u00eb dhe gjykat\u00ebs \u00ebsht\u00eb t\u00eb dal\u00eb n\u00eb mbrojtje t\u00eb mazhoranc\u00ebs me synim se do t\u00eb tremb\u00eb protestuesit n\u00eb protestat e ardhshme q\u00eb do t\u00eb organizohen kund\u00ebr k\u00ebsaj qeverie dhe Edi Ram\u00ebs. Por jan\u00eb t\u00eb pashpres\u00eb n\u00eb k\u00ebto p\u00ebrpjekje q\u00eb b\u00ebjn\u00eb sepse kur qytetar\u00ebt p\u00ebrplasen me qeverin\u00eb fituesit jan\u00eb qytetar\u00ebt. K\u00ebshtu do t\u00eb ndodh\u00eb edhe me k\u00ebt\u00eb mazhoranc\u00eb dhe Edi Ram\u00ebn, i cili shpejt do ta l\u00ebr\u00eb karrigen e pushtetit.<\/em><\/span><\/p>\n<p><span style=\"color: #000000;\"><strong>Klevis Balliu:<\/strong>\u00a0<em>P\u00ebr Dorian Protoduarin ju them me bindje t\u00eb plot\u00eb q\u00eb as nuk ka qen\u00eb gjat\u00eb protest\u00ebs, ka qen\u00eb me nj\u00eb nga kameraman\u00ebt. Nuk ka qen\u00eb fare te pjesa ku pati shtyrje me policin\u00eb. Akt i turpsh\u00ebm politik q\u00eb i kthen k\u00ebto gjykata n\u00eb ambjente t\u00eb PS, nuk mund t\u00eb quhen gjykata. Edi Rama i shpalli sot &#8220;luft\u00eb&#8221; Unaz\u00ebs s\u00eb Re me k\u00ebt\u00eb vendim t\u00eb turpsh\u00ebm ndaj Dorian Protoduarit dhe ne ashtu do t\u00eb p\u00ebrgjigjemi. Do t\u00eb t\u00eb ndjekim se je n\u00eb kafe, se je n\u00eb restorant, se je n\u00eb takime dhe protestojm\u00eb ndaj teje. Po deshe na fut n\u00eb burg t\u00eb gjith\u00ebve se edhe po na fute n\u00eb burg, protesta do t\u00eb vazhdoj\u00eb dhe nga burgu. Nuk do t\u00eb na ndal\u00ebsh dot.<\/em><\/span><\/p>\n<p><span style=\"color: #000000;\"><strong>Endrit Braimllari:<\/strong> <em>\u00cbsht\u00eb e qart\u00eb se \u00ebsht\u00eb nj\u00eb ndalim, por dhe gjykim politik. Tanim\u00eb kjo \u00ebsht\u00eb e dukshme jo vet\u00ebm p\u00ebr masat e marra sot, por p\u00ebr\u00a0 t\u00eb gjith\u00eb protestuesit. Jetojm\u00eb n\u00eb nj\u00eb vend ku kemi b\u00ebjm\u00eb me nj\u00eb qeveri, e cila \u00ebsht\u00eb e kapur totalisht nga krimi i organizuar. \u00cbsht\u00eb e kapur totalisht duke vjedhur hapur tek Unaza e Re dhe ndalohen dhe arrestohen protestues, t\u00eb cil\u00ebt protestojn\u00eb p\u00ebr sht\u00ebpit\u00eb e tyre, pron\u00ebn e tyre, dhe sot jan\u00eb t\u00eb lir\u00eb Edi Rama, Damian Gjiknuri, Afrim Qendro q\u00eb k\u00ebrkonin t\u2019i prishnin sht\u00ebpin\u00eb Dorjanit dhe banor\u00ebve t\u00eb tjer\u00eb t\u00eb Unaz\u00ebs s\u00eb Re p\u00ebr t\u00eb gllab\u00ebruar 40 milion euro.<\/em><\/span><\/p>\n<p><em><span style=\"color: #000000;\">Keni par\u00eb vet\u00ebm 2 dit\u00eb m\u00eb par\u00eb nj\u00eb p\u00ebrgjim zyrtar t\u00eb Prokuroris\u00eb shqiptare, ku drejtori i policis\u00eb s\u00eb Qarkut t\u00eb Fierit komunikon me kriminel\u00eb ordiner n\u00eb telefon dhe i thot\u00eb se do t\u00eb sjell\u00eb dhe para. Ai \u00ebsht\u00eb ende i lir\u00eb, Dorjani sot \u00ebsht\u00eb n\u00eb burg. Pra ky \u00ebsht\u00eb morali i k\u00ebsaj qeverie dhe ky \u00ebsht\u00eb morali q\u00eb sot Edi Rama ka p\u00ebrpara shqiptar\u00ebve. Ka totalisht nj\u00eb sistem drejt\u00ebsie t\u00eb kapur nga Edi Rama. Ka totalisht nj\u00eb presion q\u00eb ushtrohet nga kjo qeveri, por nuk do t\u00eb ndal\u00eb Edi Rama me gjith\u00eb band\u00ebn e tij protestat popullore.<\/span><\/em><\/p>\n<p><em><span style=\"color: #000000;\">Tanim\u00eb fati i shqiptar\u00ebve varet nga vet\u00eb shqiptar\u00ebt, dhe Edi Rama nuk mund t\u00eb mbaj\u00eb m\u00eb peng shqiptar\u00ebt. Edi Rama sot b\u00ebn nj\u00eb gjyq politik p\u00ebr t\u00eb trembur banor\u00ebt e Unaz\u00ebs s\u00eb Re, p\u00ebr t\u00eb trembur protestuesit, por t\u00eb jeni t\u00eb bindur q\u00eb dit\u00ebn e enjte, por dhe n\u00eb protestat e tjera shum\u00eb her\u00eb m\u00eb shum\u00eb protestues do t\u00eb jen\u00eb n\u00eb shesh sepse jan\u00eb t\u00eb bindur n\u00eb rrug\u00ebn e tyre. Tanim\u00eb p\u00ebr Shqip\u00ebrin\u00eb nuk ka m\u00eb kthim pas, duhet t\u00eb largohet Edi Rama dhe kjo qeveri mafioze q\u00eb t\u00eb \u00e7lirohen shqiptar\u00ebt. Kjo \u00ebsht\u00eb e qart\u00eb p\u00ebr t\u00eb gjith\u00eb.<\/span><\/em><\/p>\n<p><span style=\"color: #000000;\">Gjykata e Tiran\u00ebs la sot n\u00eb burg tre nga gjasht\u00eb t\u00eb arrestuarit n\u00eb protest\u00ebn e fundit t\u00eb opozit\u00ebs t\u00eb organizuar para Kuvendit t\u00eb Shqip\u00ebris\u00eb, konkretisht Mariglen Do\u00e7in, Dorian Protoduarin dhe Emiljan Mustafa.<\/span><\/p>\n<p><span style=\"color: #000000;\">Tre t\u00eb tjer\u00ebt, Jurgen Gjikola, Bledar Dollia dhe Arb\u00ebr Kola u lan\u00eb n\u00eb &#8220;arrest sht\u00ebpie&#8221;.<\/span><\/p>\n<p><span style=\"color: #000000;\">Ata akuzohen p\u00ebr konsumimin e element\u00ebve t\u00eb veprave penale \u201cKund\u00ebrshtimi i punonj\u00ebsit t\u00eb policis\u00eb s\u00eb rendit publik\u201d, \u201cGoditje p\u00ebr shkak t\u00eb detyr\u00ebs\u201d dhe \u201cPrishja e qet\u00ebsis\u00eb publike\u201d.<\/span><\/p>\n<p>&nbsp;<\/p>\n","protected":false,"gt_translate_keys":[{"key":"rendered","format":"html"}]},"excerpt":{"rendered":"<p>Ish-deputet\u00ebt e opozit\u00ebs, Edmond Spaho, Klevis Balliu t\u00eb PD-s\u00eb si dhe Endrit Braimllari i LSI-s\u00eb, kan\u00eb kund\u00ebrshtuar vendimin e sot\u00ebm t\u00eb gjykat\u00ebs s\u00eb tiran\u00ebs, q\u00eb la n\u00eb burg tre protestues, pasi kishin marr\u00eb pjes\u00eb n\u00eb protest\u00ebn e 21 marsit. Ish-deputet\u00ebt t\u00eb cil\u00ebt kan\u00eb qen\u00eb t\u00eb pranish\u00ebm n\u00eb seanc\u00ebn gjyq\u00ebsore, e kan\u00eb cil\u00ebsuar k\u00ebt\u00eb si nj\u00eb [&hellip;]<\/p>\n","protected":false,"gt_translate_keys":[{"key":"rendered","format":"html"}]},"author":30,"featured_media":284768,"comment_status":"open","ping_status":"open","sticky":false,"template":"","format":"standard","meta":{"footnotes":""},"categories":[65,13],"tags":[],"class_list":["post-284767","post","type-post","status-publish","format-standard","has-post-thumbnail","hentry","category-lajme","category-te-fundit"],"gt_translate_keys":[{"key":"link","format":"url"}],"_links":{"self":[{"href":"https:\/\/www.hashtag.al\/index.php\/wp-json\/wp\/v2\/posts\/284767","targetHints":{"allow":["GET"]}}],"collection":[{"href":"https:\/\/www.hashtag.al\/index.php\/wp-json\/wp\/v2\/posts"}],"about":[{"href":"https:\/\/www.hashtag.al\/index.php\/wp-json\/wp\/v2\/types\/post"}],"author":[{"embeddable":true,"href":"https:\/\/www.hashtag.al\/index.php\/wp-json\/wp\/v2\/users\/30"}],"replies":[{"embeddable":true,"href":"https:\/\/www.hashtag.al\/index.php\/wp-json\/wp\/v2\/comments?post=284767"}],"version-history":[{"count":0,"href":"https:\/\/www.hashtag.al\/index.php\/wp-json\/wp\/v2\/posts\/284767\/revisions"}],"wp:featuredmedia":[{"embeddable":true,"href":"https:\/\/www.hashtag.al\/index.php\/wp-json\/wp\/v2\/media\/284768"}],"wp:attachment":[{"href":"https:\/\/www.hashtag.al\/index.php\/wp-json\/wp\/v2\/media?parent=284767"}],"wp:term":[{"taxonomy":"category","embeddable":true,"href":"https:\/\/www.hashtag.al\/index.php\/wp-json\/wp\/v2\/categories?post=284767"},{"taxonomy":"post_tag","embeddable":true,"href":"https:\/\/www.hashtag.al\/index.php\/wp-json\/wp\/v2\/tags?post=284767"}],"curies":[{"name":"wp","href":"https:\/\/api.w.org\/{rel}","templated":true}]}}