{"id":284728,"date":"2019-03-24T13:54:05","date_gmt":"2019-03-24T12:54:05","guid":{"rendered":"https:\/\/hashtag.al\/?p=284728"},"modified":"2019-03-24T13:54:46","modified_gmt":"2019-03-24T12:54:46","slug":"grabitja-ne-mallaster-pronari-i-baneses-parate-mi-dha-vellai-per-nenen-e-semure","status":"publish","type":"post","link":"https:\/\/www.hashtag.al\/index.php\/2019\/03\/24\/grabitja-ne-mallaster-pronari-i-baneses-parate-mi-dha-vellai-per-nenen-e-semure\/","title":{"rendered":"Grabitja n\u00eb Mallast\u00ebr, pronari i banes\u00ebs: Parat\u00eb mi dha v\u00ebllai p\u00ebr n\u00ebn\u00ebn e s\u00ebmur\u00eb","gt_translate_keys":[{"key":"rendered","format":"text"}]},"content":{"rendered":"<p><span style=\"color: #000000;\"><img loading=\"lazy\" decoding=\"async\" class=\"aligncenter size-full wp-image-284730\" src=\"https:\/\/hashtag.al\/wp-content\/uploads\/2019\/03\/Merdani.jpg\" alt=\"\" width=\"770\" height=\"436\" srcset=\"https:\/\/www.hashtag.al\/wp-content\/uploads\/2019\/03\/Merdani.jpg 770w, https:\/\/www.hashtag.al\/wp-content\/uploads\/2019\/03\/Merdani-300x170.jpg 300w, https:\/\/www.hashtag.al\/wp-content\/uploads\/2019\/03\/Merdani-768x435.jpg 768w\" sizes=\"auto, (max-width: 770px) 100vw, 770px\" \/><\/span><\/p>\n<p><span style=\"color: #000000;\">Pronari i banes\u00ebs s\u00eb grabitur me dhun\u00eb n\u00eb Mallakast\u00ebr P\u00ebrparim Merdani, ka rr\u00ebfyer momentet kur tre personat e maskuar\u00a0 i hyn\u00eb n\u00eb sht\u00ebpi dhe e dhunuan p\u00ebr t\u00eb marr\u00eb parat\u00eb.<\/span><\/p>\n<p><span style=\"color: #000000;\">Merdani tha n\u00eb nj\u00eb prononcim p\u00ebr &#8220;News 24&#8221; se personat mbanin n\u00eb duar shkopinj gome e thika.<\/span><\/p>\n<p><em><span style=\"color: #000000;\">\u00a0\u201cDy \u00e7unat i kisha n\u00eb sport, un\u00eb isha lart me n\u00ebn\u00ebn, mbesa shikonte telenovela. N\u00eb nj\u00eb moment na z\u00eb gjumi, ata at\u00ebher\u00eb erdh\u00ebn. D\u00ebgjova ul\u00ebrim\u00ebn e mbes\u00ebs dhe u ngrita. Ata erdh\u00ebn me thika tek koka na than\u00eb mos l\u00ebvizni.<\/span><\/em><\/p>\n<p><span style=\"color: #000000;\"><em>Mua m\u00eb q\u00eblluan, m\u00eb goditi tek hunda, m\u00eb iku gjak, m\u00eb \u00ebsht\u00eb \u00ebnjtur dhe syri. Pasi kontrolluan ishte nj\u00eb dhom\u00eb me \u00e7el\u00ebs, e shqyen der\u00ebn e hyn\u00eb tek dhoma ku kishim lek\u00ebt, 1 milion e 700 mij\u00eb lek\u00eb.&#8221;<\/em>, tha Merdani.<\/span><\/p>\n<p><span style=\"color: #000000;\">Ai tregon se grabit\u00ebsit kishin k\u00ebrc\u00ebnuar me thik\u00eb edhe n\u00ebn e tij t\u00eb s\u00ebmur\u00eb.<\/span><\/p>\n<p><span style=\"color: #000000;\"><em>&#8220;Plak\u00ebs i \u00e7uan nja dy tre her\u00eb thik\u00ebn, n\u00eb ato momente un\u00eb u ngrita ai m\u00eb q\u00eblloi.&#8221;<\/em>, tregoi pronari i banes\u00ebs.<\/span><\/p>\n<p><span style=\"color: #000000;\">P\u00ebrparim Merdani tregon se asnj\u00ebher\u00eb nuk \u00ebsht\u00eb ndier i k\u00ebrc\u00ebnuar e madje edhe der\u00ebn m\u00eb p\u00ebrpara e linte t\u00eb hapur.<\/span><\/p>\n<p><span style=\"color: #000000;\">Parat\u00eb e grabitura, Merdani tregon se ishin p\u00ebr n\u00ebn\u00ebn e s\u00ebmur\u00eb: <em>&#8220;Po para ca dit\u00ebsh erdhi v\u00ebllai nga Anglia dhe m\u00eb la disa para p\u00ebr kurimin e n\u00ebn\u00ebs. Mund ta ken\u00eb d\u00ebgjuar.&#8221;<\/em><\/span><\/p>\n<p><iframe loading=\"lazy\" title=\"Grabitja n\u00eb Mallakast\u00ebr, pronari tregon minutat e tmerrit: M\u00eb vun\u00eb thik\u00ebn n\u00eb kok\u00eb\" width=\"1170\" height=\"658\" src=\"https:\/\/www.youtube.com\/embed\/z5O3Qjghpqk?start=9&#038;feature=oembed\" frameborder=\"0\" allow=\"accelerometer; autoplay; clipboard-write; encrypted-media; gyroscope; picture-in-picture\" allowfullscreen><\/iframe><\/p>\n","protected":false,"gt_translate_keys":[{"key":"rendered","format":"html"}]},"excerpt":{"rendered":"<p>Pronari i banes\u00ebs s\u00eb grabitur me dhun\u00eb n\u00eb Mallakast\u00ebr P\u00ebrparim Merdani, ka rr\u00ebfyer momentet kur tre personat e maskuar\u00a0 i hyn\u00eb n\u00eb sht\u00ebpi dhe e dhunuan p\u00ebr t\u00eb marr\u00eb parat\u00eb. Merdani tha n\u00eb nj\u00eb prononcim p\u00ebr &#8220;News 24&#8221; se personat mbanin n\u00eb duar shkopinj gome e thika. \u00a0\u201cDy \u00e7unat i kisha n\u00eb sport, un\u00eb isha [&hellip;]<\/p>\n","protected":false,"gt_translate_keys":[{"key":"rendered","format":"html"}]},"author":30,"featured_media":284730,"comment_status":"open","ping_status":"open","sticky":false,"template":"","format":"standard","meta":{"footnotes":""},"categories":[65,13],"tags":[],"class_list":["post-284728","post","type-post","status-publish","format-standard","has-post-thumbnail","hentry","category-lajme","category-te-fundit"],"gt_translate_keys":[{"key":"link","format":"url"}],"_links":{"self":[{"href":"https:\/\/www.hashtag.al\/index.php\/wp-json\/wp\/v2\/posts\/284728","targetHints":{"allow":["GET"]}}],"collection":[{"href":"https:\/\/www.hashtag.al\/index.php\/wp-json\/wp\/v2\/posts"}],"about":[{"href":"https:\/\/www.hashtag.al\/index.php\/wp-json\/wp\/v2\/types\/post"}],"author":[{"embeddable":true,"href":"https:\/\/www.hashtag.al\/index.php\/wp-json\/wp\/v2\/users\/30"}],"replies":[{"embeddable":true,"href":"https:\/\/www.hashtag.al\/index.php\/wp-json\/wp\/v2\/comments?post=284728"}],"version-history":[{"count":0,"href":"https:\/\/www.hashtag.al\/index.php\/wp-json\/wp\/v2\/posts\/284728\/revisions"}],"wp:featuredmedia":[{"embeddable":true,"href":"https:\/\/www.hashtag.al\/index.php\/wp-json\/wp\/v2\/media\/284730"}],"wp:attachment":[{"href":"https:\/\/www.hashtag.al\/index.php\/wp-json\/wp\/v2\/media?parent=284728"}],"wp:term":[{"taxonomy":"category","embeddable":true,"href":"https:\/\/www.hashtag.al\/index.php\/wp-json\/wp\/v2\/categories?post=284728"},{"taxonomy":"post_tag","embeddable":true,"href":"https:\/\/www.hashtag.al\/index.php\/wp-json\/wp\/v2\/tags?post=284728"}],"curies":[{"name":"wp","href":"https:\/\/api.w.org\/{rel}","templated":true}]}}