{"id":284563,"date":"2019-03-23T18:48:55","date_gmt":"2019-03-23T17:48:55","guid":{"rendered":"https:\/\/hashtag.al\/?p=284563"},"modified":"2019-03-23T19:22:55","modified_gmt":"2019-03-23T18:22:55","slug":"aleanca-per-mbrojtjen-e-teatrit-thirrje-qytetareve-dhe-nje-mesazh-opozites-ta-ndalim-ramen-para-se-te-shkaterroje-gjithcka","status":"publish","type":"post","link":"https:\/\/www.hashtag.al\/index.php\/2019\/03\/23\/aleanca-per-mbrojtjen-e-teatrit-thirrje-qytetareve-dhe-nje-mesazh-opozites-ta-ndalim-ramen-para-se-te-shkaterroje-gjithcka\/","title":{"rendered":"Aleanca p\u00ebr Mbrojtjen e Teatrit thirrje qytetar\u00ebve dhe nj\u00eb mesazh opozit\u00ebs: Ta ndalim Ram\u00ebn para se t\u00eb shkat\u00ebrroj\u00eb gjith\u00e7ka","gt_translate_keys":[{"key":"rendered","format":"text"}]},"content":{"rendered":"<p><img loading=\"lazy\" decoding=\"async\" class=\"aligncenter size-full wp-image-284564\" src=\"https:\/\/hashtag.al\/wp-content\/uploads\/2019\/03\/teatri-2.jpg\" alt=\"\" width=\"1068\" height=\"712\" srcset=\"https:\/\/www.hashtag.al\/wp-content\/uploads\/2019\/03\/teatri-2.jpg 1068w, https:\/\/www.hashtag.al\/wp-content\/uploads\/2019\/03\/teatri-2-300x200.jpg 300w, https:\/\/www.hashtag.al\/wp-content\/uploads\/2019\/03\/teatri-2-768x512.jpg 768w, https:\/\/www.hashtag.al\/wp-content\/uploads\/2019\/03\/teatri-2-1024x683.jpg 1024w\" sizes=\"auto, (max-width: 1068px) 100vw, 1068px\" \/><\/p>\n<p><span style=\"color: #000000;\">Aleanca p\u00ebr Mbrojtjen e Teatrit ka denoncuar planin e Ram\u00ebs p\u00ebr shkat\u00ebrrimin e Teatrit Komb\u00ebtar dhe t\u00eb disa godinave t\u00eb tjera n\u00eb kryeqytet. <\/span><\/p>\n<p><span style=\"color: #000000;\">Aleanca thekson se n\u00ebn petkun e modernizimit t\u00eb qqytetit, Rama k\u00ebrkon t\u00eb shkat\u00ebrroj\u00eb gjith\u00e7ka p\u00ebr t\u00eb p\u00ebrfituar sa m\u00eb shum\u00eb truall t\u00eb vlefsh\u00ebm p\u00ebr nd\u00ebrtuesit pran\u00eb tij. <\/span><\/p>\n<p><span style=\"color: #000000;\">Aleanca thekson n\u00eb deklarat\u00ebn e saj se Rama\u00a0 nuk do guxoj\u00eb ta prek\u00eb Teatrin Komb\u00ebtar nd\u00ebrsa u b\u00ebn thirrje qytetar\u00ebve q\u00eb t\u00eb ngrihen dhe t\u00eb ndalojn\u00eb genocidin urban q\u00eb po rrezikon t\u00eb ardhmen e qytetit.<\/span><\/p>\n<p><span style=\"color: #000000;\"><strong>Deklarata e plot\u00eb<\/strong><\/span><\/p>\n<p><span style=\"color: #000000;\">Sot Kryeministri Edi Rama arriti nj\u00eb nivel t\u00eb ri urrejtje ndaj trash\u00ebgimis\u00eb, artit dhe kultur\u00ebs s\u00eb Tiran\u00ebs dhe Shqip\u00ebris\u00eb. N\u00eb fjalimin e mitingut, nj\u00eb spektak\u00ebl q\u00eb shqiptar\u00ebve u ka kushtuar m\u00eb shum\u00eb se gjysm\u00eb milion euro, ai k\u00ebrc\u00ebnoi se do t\u00eb shembte jo vet\u00ebm Teatrin Komb\u00ebtar, por edhe Bibliotek\u00ebn Komb\u00ebtare, Muzeun Komb\u00ebtar, si dhe Teatrin e Kukullave e njohur edhe si godina e parlamentit t\u00eb par\u00eb shqiptar.<\/span><\/p>\n<p><span style=\"color: #000000;\">Si gjithmon\u00eb, k\u00ebto plane ishin t\u00eb veshura me g\u00ebnjeshtr\u00ebn e p\u00ebrhershme p\u00ebr \u201cmodernizimin\u201d e qytetit, por kjo nuk \u00ebsht\u00eb e v\u00ebrtet\u00eb. <\/span><\/p>\n<p><span style=\"color: #000000;\">Zotit Rama nuk i intereson aspak \u201cmodernizimi\u201d i qytetit \u2013 ka mbi 20 vjet q\u00eb vonon e pengon zgjerimin normal t\u00eb Tiran\u00ebs n\u00eb pjes\u00ebn veriore, ku mund dhe duhet t\u00eb ishin nd\u00ebrtuar me koh\u00eb godina t\u00eb reja publike! Ka mbi 20 vjet q\u00eb flet p\u00ebr nj\u00eb qytet t\u00eb ri policentrik, e nd\u00ebrkoh\u00eb vazhdon t\u00eb betonizoj\u00eb \u00e7do skut\u00eb t\u00eb mbetur t\u00eb qytetit ekzistues.<\/span><\/p>\n<p><span style=\"color: #000000;\">Si\u00e7 e dim\u00eb mir\u00eb nga rasti i Teatrit Komb\u00ebtar, zoti Rama thjesht k\u00ebrkon t\u00eb p\u00ebrfitoj\u00eb sa m\u00eb shum\u00eb truall t\u00eb vlefsh\u00ebm p\u00ebr nd\u00ebrtuesit pran\u00eb tij, mund\u00ebsisht n\u00eb zonat qendrore t\u00eb qytetit. <\/span><\/p>\n<p><span style=\"color: #000000;\">P\u00ebr pasurimin e tyre, e p\u00ebr rrjedhoj\u00eb t\u00eb vetes, ai nuk ndalet p\u00ebrball\u00eb asgj\u00ebje. Nuk e ka problem t\u00eb shkat\u00ebrroj\u00eb \u00e7do lloj godine historike, t\u00eb krijoj\u00eb nj\u00eb kaos t\u00eb friksh\u00ebm urban, t\u00eb shkaktoj\u00eb humbje t\u00eb pasurive publike, apo t\u00eb grabis\u00eb truall duke thyer edhe ligjet dhe Kushtetut\u00ebn e vendit.<\/span><\/p>\n<p><span style=\"color: #000000;\">Aleanca p\u00ebr Mbrojtjen e Teatrit \u00ebsht\u00eb e bindur q\u00eb ai nuk do guxoj\u00eb t\u00eb nd\u00ebrmarr\u00eb asnj\u00eb hap kundra Teatrit ashtu si\u00e7 nuk ka guxuar deri m\u00eb sot. Jemi t\u00eb bindur pasi e kemi t\u00eb qart\u00eb q\u00eb e drejta \u00ebsht\u00eb nga ana jon\u00eb. Por ne nuk mund t\u00eb mbrojm\u00eb \u00e7do truall dhe godin\u00eb t\u00eb qytetit. <\/span><\/p>\n<p><span style=\"color: #000000;\">P\u00ebr k\u00ebt\u00eb duhet ndihma dhe kontributi i t\u00eb gjith\u00ebve, qytetar\u00ebve, mediave, opozit\u00ebs, dhe p\u00ebrdoruesve t\u00eb \u00e7do godine t\u00eb rrezikuar. T\u00eb gjith\u00eb s\u00eb bashku mund dhe duhet ta ndalojm\u00eb k\u00ebt\u00eb genocid urban q\u00eb po rrezikon t\u00eb ardhmen e k\u00ebtij qyteti.<\/span><\/p>\n<p><span style=\"color: #000000;\">Edi Rama dhe servil\u00ebt e tij politik do zhduken nj\u00eb dit\u00eb nga pushteti, dhe gjasat jan\u00eb q\u00eb kjo dit\u00eb t\u00eb jet\u00eb shum\u00eb m\u00eb e shpejt\u00eb se\u00e7 e mendon ai. Por deri sa kjo t\u00eb ndodh\u00eb, deri sa t\u00eb zhduket nj\u00ebher\u00eb e mir\u00eb nga karrigia ku po torturon shqiptar\u00ebt n\u00eb m\u00ebnyr\u00eb t\u00eb p\u00ebrditshme, duhet t\u00eb sigurohemi q\u00eb d\u00ebmi q\u00eb po l\u00eb pas mund t\u00eb korrigjohet ende. <\/span><\/p>\n<p><span style=\"color: #000000;\">N\u00eb shum\u00eb fusha t\u00eb jet\u00ebs, ligjet dhe vendimet e marra prej tij do t\u00eb rr\u00ebzohen. Por grabitjet e truallit dhe betonizimet do t\u00eb jen\u00eb operacione t\u00eb v\u00ebshtira dhe t\u00eb kushtueshme p\u00ebr tu riparuar.<\/span><\/p>\n<p><span style=\"color: #000000;\">P\u00ebr k\u00ebt\u00eb arsye, qytetar\u00eb t\u00eb Tiran\u00ebs, ju k\u00ebrkojm\u00eb t\u00eb jeni ju sot mbrojt\u00ebsit e t\u00eb ardhmes s\u00eb k\u00ebtij qyteti. Reagoni p\u00ebr veten dhe familjet tuaja. Opozita duhet t\u00eb deklaroj\u00eb qart\u00eb dhe haptazi se \u00e7do nd\u00ebrtues q\u00eb i afrohet k\u00ebtyre godinave do mbart\u00eb koston p\u00ebr restaurimin e tyre n\u00eb t\u00eb ardhmen n\u00eb gjendjen fillestare dhe se asnj\u00eb tjet\u00ebrsim trualli nuk do t\u00eb njihet!<\/span><\/p>\n<p><span style=\"color: #000000;\">Edi Rama nuk mund dhe nuk duhet t\u00eb jet\u00eb njeriu q\u00eb e shkat\u00ebrroi p\u00ebrjet\u00ebsisht Tiran\u00ebn!<\/span><\/p>\n<p><span style=\"color: #000000;\">ALEANCA P\u00cbR MBROJTJEN E TEATRIT<\/span><\/p>\n<p><img loading=\"lazy\" decoding=\"async\" class=\"aligncenter size-full wp-image-244542\" src=\"https:\/\/hashtag.al\/wp-content\/uploads\/2018\/10\/teatri25tetor.jpg\" alt=\"\" width=\"780\" height=\"440\" srcset=\"https:\/\/www.hashtag.al\/wp-content\/uploads\/2018\/10\/teatri25tetor.jpg 780w, https:\/\/www.hashtag.al\/wp-content\/uploads\/2018\/10\/teatri25tetor-300x169.jpg 300w, https:\/\/www.hashtag.al\/wp-content\/uploads\/2018\/10\/teatri25tetor-768x433.jpg 768w\" sizes=\"auto, (max-width: 780px) 100vw, 780px\" \/><\/p>\n","protected":false,"gt_translate_keys":[{"key":"rendered","format":"html"}]},"excerpt":{"rendered":"<p>Aleanca p\u00ebr Mbrojtjen e Teatrit ka denoncuar planin e Ram\u00ebs p\u00ebr shkat\u00ebrrimin e Teatrit Komb\u00ebtar dhe t\u00eb disa godinave t\u00eb tjera n\u00eb kryeqytet. Aleanca thekson se n\u00ebn petkun e modernizimit t\u00eb qqytetit, Rama k\u00ebrkon t\u00eb shkat\u00ebrroj\u00eb gjith\u00e7ka p\u00ebr t\u00eb p\u00ebrfituar sa m\u00eb shum\u00eb truall t\u00eb vlefsh\u00ebm p\u00ebr nd\u00ebrtuesit pran\u00eb tij. Aleanca thekson n\u00eb deklarat\u00ebn e [&hellip;]<\/p>\n","protected":false,"gt_translate_keys":[{"key":"rendered","format":"html"}]},"author":51,"featured_media":284565,"comment_status":"open","ping_status":"open","sticky":false,"template":"","format":"standard","meta":{"footnotes":""},"categories":[65,13],"tags":[],"class_list":["post-284563","post","type-post","status-publish","format-standard","has-post-thumbnail","hentry","category-lajme","category-te-fundit"],"gt_translate_keys":[{"key":"link","format":"url"}],"_links":{"self":[{"href":"https:\/\/www.hashtag.al\/index.php\/wp-json\/wp\/v2\/posts\/284563","targetHints":{"allow":["GET"]}}],"collection":[{"href":"https:\/\/www.hashtag.al\/index.php\/wp-json\/wp\/v2\/posts"}],"about":[{"href":"https:\/\/www.hashtag.al\/index.php\/wp-json\/wp\/v2\/types\/post"}],"author":[{"embeddable":true,"href":"https:\/\/www.hashtag.al\/index.php\/wp-json\/wp\/v2\/users\/51"}],"replies":[{"embeddable":true,"href":"https:\/\/www.hashtag.al\/index.php\/wp-json\/wp\/v2\/comments?post=284563"}],"version-history":[{"count":0,"href":"https:\/\/www.hashtag.al\/index.php\/wp-json\/wp\/v2\/posts\/284563\/revisions"}],"wp:featuredmedia":[{"embeddable":true,"href":"https:\/\/www.hashtag.al\/index.php\/wp-json\/wp\/v2\/media\/284565"}],"wp:attachment":[{"href":"https:\/\/www.hashtag.al\/index.php\/wp-json\/wp\/v2\/media?parent=284563"}],"wp:term":[{"taxonomy":"category","embeddable":true,"href":"https:\/\/www.hashtag.al\/index.php\/wp-json\/wp\/v2\/categories?post=284563"},{"taxonomy":"post_tag","embeddable":true,"href":"https:\/\/www.hashtag.al\/index.php\/wp-json\/wp\/v2\/tags?post=284563"}],"curies":[{"name":"wp","href":"https:\/\/api.w.org\/{rel}","templated":true}]}}