{"id":284363,"date":"2019-03-22T21:43:41","date_gmt":"2019-03-22T20:43:41","guid":{"rendered":"https:\/\/hashtag.al\/?p=284363"},"modified":"2019-03-22T21:44:21","modified_gmt":"2019-03-22T20:44:21","slug":"vrasja-e-gurres-reagon-dhoma-e-avokatise-ndihemi-te-kercenuar-te-hetohet-me-perparesi","status":"publish","type":"post","link":"https:\/\/www.hashtag.al\/index.php\/2019\/03\/22\/vrasja-e-gurres-reagon-dhoma-e-avokatise-ndihemi-te-kercenuar-te-hetohet-me-perparesi\/","title":{"rendered":"Vrasja e Gurr\u00ebs, reagon Dhoma e Avokatis\u00eb: Ndihemi t\u00eb k\u00ebrc\u00ebnuar, t\u00eb hetohet me p\u00ebrpar\u00ebsi","gt_translate_keys":[{"key":"rendered","format":"text"}]},"content":{"rendered":"<p><img loading=\"lazy\" decoding=\"async\" class=\"aligncenter size-full wp-image-284340\" src=\"https:\/\/hashtag.al\/wp-content\/uploads\/2019\/03\/x1080-Y3s.jpg\" alt=\"\" width=\"1920\" height=\"1080\" srcset=\"https:\/\/www.hashtag.al\/wp-content\/uploads\/2019\/03\/x1080-Y3s.jpg 1920w, https:\/\/www.hashtag.al\/wp-content\/uploads\/2019\/03\/x1080-Y3s-300x169.jpg 300w, https:\/\/www.hashtag.al\/wp-content\/uploads\/2019\/03\/x1080-Y3s-768x432.jpg 768w, https:\/\/www.hashtag.al\/wp-content\/uploads\/2019\/03\/x1080-Y3s-1024x576.jpg 1024w\" sizes=\"auto, (max-width: 1920px) 100vw, 1920px\" \/><\/p>\n<p><span style=\"color: #000000;\">Pas vrasjes s\u00eb avokatit Ravik Gurra, Dhomave e Avokatis\u00eb s\u00eb Shqip\u00ebris\u00eb u ka b\u00ebr\u00eb apel organeve ligjzbatuese t\u00eb zbardhin sa m\u00eb par\u00eb ngjarjen e r\u00ebnd\u00eb. P\u00ebrmes nj\u00eb deklarate p\u00ebr mediat, DHASH shton se k\u00ebrc\u00ebnimet ndaj avokat\u00ebve po p\u00ebrshkall\u00ebzohen dita-dit\u00ebs.<\/span><\/p>\n<p><span style=\"color: #000000;\">\u201cDhoma e Avokatis\u00eb t\u00eb Shqip\u00ebris\u00eb, n\u00ebp\u00ebrmjet mediave u vu n\u00eb dijeni t\u00eb vrasjes me arm\u00eb zjarri t\u00eb avokat Ravik Gurra, an\u00ebtar i Dhom\u00ebs t\u00eb Avokatis\u00eb Tiran\u00eb. Ajo e tronditur thell\u00eb nga kjo ngjarje, me shqet\u00ebsim dhe indinjat\u00eb t\u00eb thell\u00eb ju k\u00ebrkon organeve ligjzbatuese duke i dh\u00ebn\u00eb p\u00ebrpar\u00ebsi gjetjes dhe v\u00ebnies para p\u00ebrgjegj\u00ebsis\u00eb t\u00eb autor\u00ebve t\u00eb k\u00ebsaj vepre e cila vjen e b\u00ebhet \u00e7do dit\u00eb m\u00eb prezente n\u00eb k\u00ebrc\u00ebnim t\u00eb jet\u00ebs dhe sh\u00ebndetit ndaj avokat\u00ebve, veprime q\u00eb kan\u00eb marr\u00eb p\u00ebrshkall\u00ebzim n\u00eb rritje ndaj profesionit sa t\u00eb nderuar aq edhe fisnik t\u00eb avokatit\u201d.<\/span><\/p>\n<p><span style=\"color: #000000;\">Avokati Gurra u vra n\u00eb qend\u00ebr t\u00eb qytetit t\u00eb Elbasanit nga nj\u00eb autor i paidentifikuar me 3 plumba. Paraprakisht, dyshohet se ngjarja ka lidhje me detyr\u00ebn e tij, pasi mbrojte interesat e Emiljano Shullazit dhe an\u00ebtar\u00ebve t\u00eb fisit t\u00eb Capjave.<\/span><\/p>\n","protected":false,"gt_translate_keys":[{"key":"rendered","format":"html"}]},"excerpt":{"rendered":"<p>Pas vrasjes s\u00eb avokatit Ravik Gurra, Dhomave e Avokatis\u00eb s\u00eb Shqip\u00ebris\u00eb u ka b\u00ebr\u00eb apel organeve ligjzbatuese t\u00eb zbardhin sa m\u00eb par\u00eb ngjarjen e r\u00ebnd\u00eb. P\u00ebrmes nj\u00eb deklarate p\u00ebr mediat, DHASH shton se k\u00ebrc\u00ebnimet ndaj avokat\u00ebve po p\u00ebrshkall\u00ebzohen dita-dit\u00ebs. \u201cDhoma e Avokatis\u00eb t\u00eb Shqip\u00ebris\u00eb, n\u00ebp\u00ebrmjet mediave u vu n\u00eb dijeni t\u00eb vrasjes me arm\u00eb zjarri [&hellip;]<\/p>\n","protected":false,"gt_translate_keys":[{"key":"rendered","format":"html"}]},"author":32,"featured_media":284340,"comment_status":"open","ping_status":"open","sticky":false,"template":"","format":"standard","meta":{"footnotes":""},"categories":[65,13],"tags":[],"class_list":["post-284363","post","type-post","status-publish","format-standard","has-post-thumbnail","hentry","category-lajme","category-te-fundit"],"gt_translate_keys":[{"key":"link","format":"url"}],"_links":{"self":[{"href":"https:\/\/www.hashtag.al\/index.php\/wp-json\/wp\/v2\/posts\/284363","targetHints":{"allow":["GET"]}}],"collection":[{"href":"https:\/\/www.hashtag.al\/index.php\/wp-json\/wp\/v2\/posts"}],"about":[{"href":"https:\/\/www.hashtag.al\/index.php\/wp-json\/wp\/v2\/types\/post"}],"author":[{"embeddable":true,"href":"https:\/\/www.hashtag.al\/index.php\/wp-json\/wp\/v2\/users\/32"}],"replies":[{"embeddable":true,"href":"https:\/\/www.hashtag.al\/index.php\/wp-json\/wp\/v2\/comments?post=284363"}],"version-history":[{"count":0,"href":"https:\/\/www.hashtag.al\/index.php\/wp-json\/wp\/v2\/posts\/284363\/revisions"}],"wp:featuredmedia":[{"embeddable":true,"href":"https:\/\/www.hashtag.al\/index.php\/wp-json\/wp\/v2\/media\/284340"}],"wp:attachment":[{"href":"https:\/\/www.hashtag.al\/index.php\/wp-json\/wp\/v2\/media?parent=284363"}],"wp:term":[{"taxonomy":"category","embeddable":true,"href":"https:\/\/www.hashtag.al\/index.php\/wp-json\/wp\/v2\/categories?post=284363"},{"taxonomy":"post_tag","embeddable":true,"href":"https:\/\/www.hashtag.al\/index.php\/wp-json\/wp\/v2\/tags?post=284363"}],"curies":[{"name":"wp","href":"https:\/\/api.w.org\/{rel}","templated":true}]}}