{"id":284352,"date":"2019-03-22T20:56:04","date_gmt":"2019-03-22T19:56:04","guid":{"rendered":"https:\/\/hashtag.al\/?p=284352"},"modified":"2019-03-22T20:56:04","modified_gmt":"2019-03-22T19:56:04","slug":"detaje-te-reja-nga-vrasja-e-avokatit-autori-i-maskuar-e-qelloi-nga-prapa-dhe-u-largua-me-makine","status":"publish","type":"post","link":"https:\/\/www.hashtag.al\/index.php\/2019\/03\/22\/detaje-te-reja-nga-vrasja-e-avokatit-autori-i-maskuar-e-qelloi-nga-prapa-dhe-u-largua-me-makine\/","title":{"rendered":"Detaje t\u00eb reja nga vrasja e avokatit, autori i maskuar e q\u00eblloi nga prapa dhe u largua me makin\u00eb","gt_translate_keys":[{"key":"rendered","format":"text"}]},"content":{"rendered":"<p><img loading=\"lazy\" decoding=\"async\" class=\"aligncenter size-full wp-image-284353\" src=\"https:\/\/hashtag.al\/wp-content\/uploads\/2019\/03\/vrasja-lokali-elbasan.jpg\" alt=\"\" width=\"1280\" height=\"960\" srcset=\"https:\/\/www.hashtag.al\/wp-content\/uploads\/2019\/03\/vrasja-lokali-elbasan.jpg 1280w, https:\/\/www.hashtag.al\/wp-content\/uploads\/2019\/03\/vrasja-lokali-elbasan-300x225.jpg 300w, https:\/\/www.hashtag.al\/wp-content\/uploads\/2019\/03\/vrasja-lokali-elbasan-768x576.jpg 768w, https:\/\/www.hashtag.al\/wp-content\/uploads\/2019\/03\/vrasja-lokali-elbasan-1024x768.jpg 1024w\" sizes=\"auto, (max-width: 1280px) 100vw, 1280px\" \/><\/p>\n<p><span style=\"color: #000000;\">Detaje t\u00eb reja zbulohen pas vrasjes s\u00eb sotme n\u00eb Elbasan ku viktim\u00eb mbeti avokati i njohur Ravik Gurra, 50 vje\u00e7.<\/span><\/p>\n<p><span style=\"color: #000000;\">Ngjarja ka ndodhur pran\u00eb nj\u00eb lokali t\u00eb njohur n\u00eb qend\u00ebr t\u00eb qytetit dhe autori dyshohet se ka qene i maskuar.<\/span><\/p>\n<p><span style=\"color: #000000;\">Viktima ka qen\u00eb i ulur n\u00eb ambientet e lokalit jasht\u00eb kur \u00ebsht\u00eb q\u00eblluar pas koke. Ai ishte i shoq\u00ebruar me dy persona t\u00eb tjer\u00eb n\u00eb tavolin\u00eb, nj\u00ebri prej tyre gjithashtu avokat.<\/span><\/p>\n<p><img loading=\"lazy\" decoding=\"async\" class=\"aligncenter size-full wp-image-284340\" src=\"https:\/\/hashtag.al\/wp-content\/uploads\/2019\/03\/x1080-Y3s.jpg\" alt=\"\" width=\"1920\" height=\"1080\" srcset=\"https:\/\/www.hashtag.al\/wp-content\/uploads\/2019\/03\/x1080-Y3s.jpg 1920w, https:\/\/www.hashtag.al\/wp-content\/uploads\/2019\/03\/x1080-Y3s-300x169.jpg 300w, https:\/\/www.hashtag.al\/wp-content\/uploads\/2019\/03\/x1080-Y3s-768x432.jpg 768w, https:\/\/www.hashtag.al\/wp-content\/uploads\/2019\/03\/x1080-Y3s-1024x576.jpg 1024w\" sizes=\"auto, (max-width: 1920px) 100vw, 1920px\" \/><\/p>\n<p><span style=\"color: #000000;\">Viktima ka mbrojtur \u00e7\u00ebshtje t\u00eb bujshme si\u00e7 \u00ebsht\u00eb ajo e Capajve dhe Shullazit.<\/span><\/p>\n<p><span style=\"color: #000000;\">Autori q\u00eb e ka q\u00eblluar me pistolet\u00eb \u00ebsht\u00eb larguar me nj\u00eb mjet q\u00eb \u00ebsht\u00eb gjetur i djegur n\u00eb dalje t\u00eb qytetit t\u00eb Elbasanit.<\/span><\/p>\n<p><span style=\"color: #000000;\">Policia ka ngritur postblloqe p\u00ebr kapjen e autor\u00ebve dhe zbardhjen e ngjarjes.<\/span><\/p>\n<p><img loading=\"lazy\" decoding=\"async\" class=\"aligncenter size-full wp-image-284354\" src=\"https:\/\/hashtag.al\/wp-content\/uploads\/2019\/03\/elbasan-lokali.jpg\" alt=\"\" width=\"1024\" height=\"836\" srcset=\"https:\/\/www.hashtag.al\/wp-content\/uploads\/2019\/03\/elbasan-lokali.jpg 1024w, https:\/\/www.hashtag.al\/wp-content\/uploads\/2019\/03\/elbasan-lokali-300x245.jpg 300w, https:\/\/www.hashtag.al\/wp-content\/uploads\/2019\/03\/elbasan-lokali-768x627.jpg 768w\" sizes=\"auto, (max-width: 1024px) 100vw, 1024px\" \/><\/p>\n","protected":false,"gt_translate_keys":[{"key":"rendered","format":"html"}]},"excerpt":{"rendered":"<p>Detaje t\u00eb reja zbulohen pas vrasjes s\u00eb sotme n\u00eb Elbasan ku viktim\u00eb mbeti avokati i njohur Ravik Gurra, 50 vje\u00e7. Ngjarja ka ndodhur pran\u00eb nj\u00eb lokali t\u00eb njohur n\u00eb qend\u00ebr t\u00eb qytetit dhe autori dyshohet se ka qene i maskuar. Viktima ka qen\u00eb i ulur n\u00eb ambientet e lokalit jasht\u00eb kur \u00ebsht\u00eb q\u00eblluar pas koke. [&hellip;]<\/p>\n","protected":false,"gt_translate_keys":[{"key":"rendered","format":"html"}]},"author":32,"featured_media":284355,"comment_status":"open","ping_status":"open","sticky":false,"template":"","format":"standard","meta":{"footnotes":""},"categories":[65,13],"tags":[],"class_list":["post-284352","post","type-post","status-publish","format-standard","has-post-thumbnail","hentry","category-lajme","category-te-fundit"],"gt_translate_keys":[{"key":"link","format":"url"}],"_links":{"self":[{"href":"https:\/\/www.hashtag.al\/index.php\/wp-json\/wp\/v2\/posts\/284352","targetHints":{"allow":["GET"]}}],"collection":[{"href":"https:\/\/www.hashtag.al\/index.php\/wp-json\/wp\/v2\/posts"}],"about":[{"href":"https:\/\/www.hashtag.al\/index.php\/wp-json\/wp\/v2\/types\/post"}],"author":[{"embeddable":true,"href":"https:\/\/www.hashtag.al\/index.php\/wp-json\/wp\/v2\/users\/32"}],"replies":[{"embeddable":true,"href":"https:\/\/www.hashtag.al\/index.php\/wp-json\/wp\/v2\/comments?post=284352"}],"version-history":[{"count":0,"href":"https:\/\/www.hashtag.al\/index.php\/wp-json\/wp\/v2\/posts\/284352\/revisions"}],"wp:featuredmedia":[{"embeddable":true,"href":"https:\/\/www.hashtag.al\/index.php\/wp-json\/wp\/v2\/media\/284355"}],"wp:attachment":[{"href":"https:\/\/www.hashtag.al\/index.php\/wp-json\/wp\/v2\/media?parent=284352"}],"wp:term":[{"taxonomy":"category","embeddable":true,"href":"https:\/\/www.hashtag.al\/index.php\/wp-json\/wp\/v2\/categories?post=284352"},{"taxonomy":"post_tag","embeddable":true,"href":"https:\/\/www.hashtag.al\/index.php\/wp-json\/wp\/v2\/tags?post=284352"}],"curies":[{"name":"wp","href":"https:\/\/api.w.org\/{rel}","templated":true}]}}