{"id":284345,"date":"2019-03-22T20:09:20","date_gmt":"2019-03-22T19:09:20","guid":{"rendered":"https:\/\/hashtag.al\/?p=284345"},"modified":"2019-03-22T20:09:20","modified_gmt":"2019-03-22T19:09:20","slug":"vrasja-ne-elbasan-policia-jep-detajet-e-para","status":"publish","type":"post","link":"https:\/\/www.hashtag.al\/index.php\/2019\/03\/22\/vrasja-ne-elbasan-policia-jep-detajet-e-para\/","title":{"rendered":"Vrasja n\u00eb Elbasan, policia jep detajet e para","gt_translate_keys":[{"key":"rendered","format":"text"}]},"content":{"rendered":"<p><img loading=\"lazy\" decoding=\"async\" class=\"aligncenter size-full wp-image-284340\" src=\"https:\/\/hashtag.al\/wp-content\/uploads\/2019\/03\/x1080-Y3s.jpg\" alt=\"\" width=\"1920\" height=\"1080\" srcset=\"https:\/\/www.hashtag.al\/wp-content\/uploads\/2019\/03\/x1080-Y3s.jpg 1920w, https:\/\/www.hashtag.al\/wp-content\/uploads\/2019\/03\/x1080-Y3s-300x169.jpg 300w, https:\/\/www.hashtag.al\/wp-content\/uploads\/2019\/03\/x1080-Y3s-768x432.jpg 768w, https:\/\/www.hashtag.al\/wp-content\/uploads\/2019\/03\/x1080-Y3s-1024x576.jpg 1024w\" sizes=\"auto, (max-width: 1920px) 100vw, 1920px\" \/><\/p>\n<p><span style=\"color: #000000;\">Policia e shteti ka dh\u00ebn\u00eb detajet e para p\u00ebr vrasjen n\u00eb qend\u00ebr t\u00eb qytetit t\u00eb Elbasan ku mbeti i vrar\u00eb avokati Ravik Gurra.<\/span><\/p>\n<p><span style=\"color: #000000;\">Sipas policis\u00eb ngjarja ndodhi n\u00eb or\u00ebn 19:35 nj\u00eb person i paidentifikuar akoma mbeti viktim\u00eb shtetasi me iniciale R.G 50-vje\u00e7.<\/span><\/p>\n<p><span style=\"color: #000000;\"><strong>Njoftimi i policis\u00eb:<\/strong><\/span><\/p>\n<p><span style=\"color: #000000;\">Rreth or\u00ebs 19:35, n\u00eb nj\u00eb lokal n\u00eb Elbasan, nga persona ende t\u00eb paidentifikuar \u00ebsht\u00eb vrar\u00eb me arm\u00eb zjarri shtetasi R.G., 50 vje\u00e7, banues n\u00eb Elbasan.<\/span><\/p>\n<p><span style=\"color: #000000;\">Sh\u00ebrbimet e Policis\u00eb kan\u00eb ngritur pika kontrolli n\u00eb t\u00eb gjitha rrug\u00ebt n\u00eb hyrje e dalje si dhe po krehin zon\u00ebn ku dyshohet se jan\u00eb larguar autor\u00ebt.<\/span><\/p>\n<p><span style=\"color: #000000;\">Grupi hetimor ndodhet n\u00eb vendngjarje dhe po grumbullon e fikson \u00e7do prov\u00eb q\u00eb do sh\u00ebrbej\u00eb p\u00ebr zbardhjen e ngjarjes.<\/span><\/p>\n<p><span style=\"color: #000000;\">Nj\u00eb grup ekspert\u00ebsh nga Departamenti i Policis\u00eb Kriminale n\u00eb Policis\u00eb e Shtetit \u00ebsht\u00eb nisur menj\u00ebher\u00eb n\u00eb ndihm\u00eb t\u00eb grupit hetimor p\u00ebr t\u00eb b\u00ebr\u00eb t\u00eb mundur zbardhjen e shpejt\u00eb t\u00eb ngjarjes.<\/span><\/p>\n<p>&nbsp;<\/p>\n","protected":false,"gt_translate_keys":[{"key":"rendered","format":"html"}]},"excerpt":{"rendered":"<p>Policia e shteti ka dh\u00ebn\u00eb detajet e para p\u00ebr vrasjen n\u00eb qend\u00ebr t\u00eb qytetit t\u00eb Elbasan ku mbeti i vrar\u00eb avokati Ravik Gurra. Sipas policis\u00eb ngjarja ndodhi n\u00eb or\u00ebn 19:35 nj\u00eb person i paidentifikuar akoma mbeti viktim\u00eb shtetasi me iniciale R.G 50-vje\u00e7. Njoftimi i policis\u00eb: Rreth or\u00ebs 19:35, n\u00eb nj\u00eb lokal n\u00eb Elbasan, nga persona [&hellip;]<\/p>\n","protected":false,"gt_translate_keys":[{"key":"rendered","format":"html"}]},"author":32,"featured_media":284340,"comment_status":"open","ping_status":"open","sticky":false,"template":"","format":"standard","meta":{"footnotes":""},"categories":[65,13],"tags":[],"class_list":["post-284345","post","type-post","status-publish","format-standard","has-post-thumbnail","hentry","category-lajme","category-te-fundit"],"gt_translate_keys":[{"key":"link","format":"url"}],"_links":{"self":[{"href":"https:\/\/www.hashtag.al\/index.php\/wp-json\/wp\/v2\/posts\/284345","targetHints":{"allow":["GET"]}}],"collection":[{"href":"https:\/\/www.hashtag.al\/index.php\/wp-json\/wp\/v2\/posts"}],"about":[{"href":"https:\/\/www.hashtag.al\/index.php\/wp-json\/wp\/v2\/types\/post"}],"author":[{"embeddable":true,"href":"https:\/\/www.hashtag.al\/index.php\/wp-json\/wp\/v2\/users\/32"}],"replies":[{"embeddable":true,"href":"https:\/\/www.hashtag.al\/index.php\/wp-json\/wp\/v2\/comments?post=284345"}],"version-history":[{"count":0,"href":"https:\/\/www.hashtag.al\/index.php\/wp-json\/wp\/v2\/posts\/284345\/revisions"}],"wp:featuredmedia":[{"embeddable":true,"href":"https:\/\/www.hashtag.al\/index.php\/wp-json\/wp\/v2\/media\/284340"}],"wp:attachment":[{"href":"https:\/\/www.hashtag.al\/index.php\/wp-json\/wp\/v2\/media?parent=284345"}],"wp:term":[{"taxonomy":"category","embeddable":true,"href":"https:\/\/www.hashtag.al\/index.php\/wp-json\/wp\/v2\/categories?post=284345"},{"taxonomy":"post_tag","embeddable":true,"href":"https:\/\/www.hashtag.al\/index.php\/wp-json\/wp\/v2\/tags?post=284345"}],"curies":[{"name":"wp","href":"https:\/\/api.w.org\/{rel}","templated":true}]}}