{"id":284098,"date":"2019-03-21T15:57:57","date_gmt":"2019-03-21T14:57:57","guid":{"rendered":"https:\/\/hashtag.al\/?p=284098"},"modified":"2019-03-21T15:59:24","modified_gmt":"2019-03-21T14:59:24","slug":"basha-nga-brukseli-publikon-mesazhin-ppe-mbeshtet-plotesisht-pd-ne","status":"publish","type":"post","link":"https:\/\/www.hashtag.al\/index.php\/2019\/03\/21\/basha-nga-brukseli-publikon-mesazhin-ppe-mbeshtet-plotesisht-pd-ne\/","title":{"rendered":"Basha nga Brukseli publikon mesazhin: PPE mb\u00ebshtet plot\u00ebsisht PD-n\u00eb","gt_translate_keys":[{"key":"rendered","format":"text"}]},"content":{"rendered":"<p><img loading=\"lazy\" decoding=\"async\" class=\"aligncenter size-full wp-image-284099\" src=\"https:\/\/hashtag.al\/wp-content\/uploads\/2019\/03\/Bashabruksel.jpg\" alt=\"\" width=\"676\" height=\"450\" \/><\/p>\n<p><span style=\"color: #000000;\">Kreu i Partis\u00eb Demokratike, Lulzim Basha, ka deklaruar se presidenti i PPE (Partive Popullore Europiane). Joseph Daul , ka shorehur mb\u00ebshtetjen e tij t\u00eb plot\u00eb p\u00ebr PD-n\u00eb dhe opozit\u00ebn. <\/span><\/p>\n<p><span style=\"color: #000000;\">N\u00ebp\u00ebrmjet nj\u00eb postimi n\u00eb faqen e tij n\u00eb \u201cTwitter\u201d, kryedemokrati shkruan se q\u00ebndrimi i PPE \u00ebsht\u00eb i nj\u00ebjt\u00eb me at\u00eb p\u00ebr t\u00eb cil\u00ebn po lufton PD-ja.<\/span><\/p>\n<p><span style=\"color: #000000;\"><em>\u201cPresidenti i PPE Joseph Daul n\u00eb em\u00ebr t\u00eb t\u00eb gjith\u00ebve deklaroi qart\u00eb se \u201cne nuk mund t\u00eb b\u00ebjm\u00eb kompromise me demokracin\u00eb, shtetin ligjor dhe lirin\u00eb e medias.\u201d PD po lufton p\u00ebr t\u00eb nj\u00ebjtat vlera europiane n\u00eb Shqip\u00ebri dhe n\u00eb k\u00ebt\u00eb betej\u00eb kemi mb\u00ebshtetjen e PPE, familjes son\u00eb politike.\u201d<\/em> &#8211; shkruan Basha.<\/span><\/p>\n","protected":false,"gt_translate_keys":[{"key":"rendered","format":"html"}]},"excerpt":{"rendered":"<p>Kreu i Partis\u00eb Demokratike, Lulzim Basha, ka deklaruar se presidenti i PPE (Partive Popullore Europiane). Joseph Daul , ka shorehur mb\u00ebshtetjen e tij t\u00eb plot\u00eb p\u00ebr PD-n\u00eb dhe opozit\u00ebn. N\u00ebp\u00ebrmjet nj\u00eb postimi n\u00eb faqen e tij n\u00eb \u201cTwitter\u201d, kryedemokrati shkruan se q\u00ebndrimi i PPE \u00ebsht\u00eb i nj\u00ebjt\u00eb me at\u00eb p\u00ebr t\u00eb cil\u00ebn po lufton PD-ja. [&hellip;]<\/p>\n","protected":false,"gt_translate_keys":[{"key":"rendered","format":"html"}]},"author":51,"featured_media":284099,"comment_status":"open","ping_status":"open","sticky":false,"template":"","format":"standard","meta":{"footnotes":""},"categories":[65,13],"tags":[],"class_list":["post-284098","post","type-post","status-publish","format-standard","has-post-thumbnail","hentry","category-lajme","category-te-fundit"],"gt_translate_keys":[{"key":"link","format":"url"}],"_links":{"self":[{"href":"https:\/\/www.hashtag.al\/index.php\/wp-json\/wp\/v2\/posts\/284098","targetHints":{"allow":["GET"]}}],"collection":[{"href":"https:\/\/www.hashtag.al\/index.php\/wp-json\/wp\/v2\/posts"}],"about":[{"href":"https:\/\/www.hashtag.al\/index.php\/wp-json\/wp\/v2\/types\/post"}],"author":[{"embeddable":true,"href":"https:\/\/www.hashtag.al\/index.php\/wp-json\/wp\/v2\/users\/51"}],"replies":[{"embeddable":true,"href":"https:\/\/www.hashtag.al\/index.php\/wp-json\/wp\/v2\/comments?post=284098"}],"version-history":[{"count":0,"href":"https:\/\/www.hashtag.al\/index.php\/wp-json\/wp\/v2\/posts\/284098\/revisions"}],"wp:featuredmedia":[{"embeddable":true,"href":"https:\/\/www.hashtag.al\/index.php\/wp-json\/wp\/v2\/media\/284099"}],"wp:attachment":[{"href":"https:\/\/www.hashtag.al\/index.php\/wp-json\/wp\/v2\/media?parent=284098"}],"wp:term":[{"taxonomy":"category","embeddable":true,"href":"https:\/\/www.hashtag.al\/index.php\/wp-json\/wp\/v2\/categories?post=284098"},{"taxonomy":"post_tag","embeddable":true,"href":"https:\/\/www.hashtag.al\/index.php\/wp-json\/wp\/v2\/tags?post=284098"}],"curies":[{"name":"wp","href":"https:\/\/api.w.org\/{rel}","templated":true}]}}