{"id":283823,"date":"2019-03-20T19:00:48","date_gmt":"2019-03-20T18:00:48","guid":{"rendered":"https:\/\/hashtag.al\/?p=283823"},"modified":"2019-03-20T19:00:48","modified_gmt":"2019-03-20T18:00:48","slug":"vasili-nga-protesta-e-astirit-qeveria-do-largohet-me-pahir","status":"publish","type":"post","link":"https:\/\/www.hashtag.al\/index.php\/2019\/03\/20\/vasili-nga-protesta-e-astirit-qeveria-do-largohet-me-pahir\/","title":{"rendered":"Vasili nga protesta e Astirit: Qeveria do largohet me pahir","gt_translate_keys":[{"key":"rendered","format":"text"}]},"content":{"rendered":"<p><img loading=\"lazy\" decoding=\"async\" class=\"aligncenter size-full wp-image-283824\" src=\"https:\/\/hashtag.al\/wp-content\/uploads\/2019\/03\/auto_vasili1553103794.jpg\" alt=\"\" width=\"900\" height=\"600\" srcset=\"https:\/\/www.hashtag.al\/wp-content\/uploads\/2019\/03\/auto_vasili1553103794.jpg 900w, https:\/\/www.hashtag.al\/wp-content\/uploads\/2019\/03\/auto_vasili1553103794-300x200.jpg 300w, https:\/\/www.hashtag.al\/wp-content\/uploads\/2019\/03\/auto_vasili1553103794-768x512.jpg 768w\" sizes=\"auto, (max-width: 900px) 100vw, 900px\" \/><\/p>\n<p><span style=\"color: #000000;\">N\u00ebnkryetari i LSI-s\u00eb Petrit Vasili ka shkuar n\u00eb mb\u00ebshtetje t\u00eb banor\u00ebve t\u00eb Astirit i ka inkurajuar ata n\u00eb q\u00ebndres\u00ebn ndaj qeveris\u00eb p\u00ebr t\u00eb mbrojtur sht\u00ebpit\u00eb e tyre, duke deklaruar se mazhoranc\u00ebn do e largoj\u00eb populli m\u00eb pahir n\u00ebse nuk largohet n\u00eb m\u00ebnyr\u00eb demokratike.<\/span><\/p>\n<p><span style=\"color: #000000;\"><strong>Deklarata e plot\u00eb:<\/strong><\/span><\/p>\n<p><span style=\"color: #000000;\">Ju jeni burra dhe gra trima q\u00eb jo thjesht keni mbrojtur pron\u00ebn tuaj, por keni mbrojtur dhe dinjitetin tuaj dhe dinjitetin e t\u00eb gjith\u00eb qytetar\u00ebve shqiptar\u00eb. Ju jeni p\u00ebrballur k\u00ebto dit\u00ebt e fundit me nj\u00eb polici q\u00eb \u00ebsht\u00eb kthyer n\u00eb nj\u00eb band\u00eb hajnash, me nj\u00eb polici q\u00eb drejtohet nga nj\u00eb gjeneral tradh\u00ebtar i popullit t\u00eb tij, i cili ka zgjedhur t\u00eb tradh\u00ebtoj\u00eb popullin dhe t\u00eb b\u00ebj paqe me kryehajdutin e Shqip\u00ebris\u00eb q\u00eb quhet Edi Rama. Sot nga ky shesh ju japim fjal\u00ebn t\u00eb gjith\u00eb qytetar\u00ebve t\u00eb Unaz\u00ebs s\u00eb Re, por edhe nj\u00eb paralajm\u00ebrim shum\u00eb t\u00eb rrept\u00eb dhe shum\u00eb t\u00eb hekurt p\u00ebr policin\u00eb.<\/span><\/p>\n<p><span style=\"color: #000000;\">N\u00eb \u00e7do sekond\u00eb q\u00eb do t\u00eb guxojn\u00eb t\u00eb afrohen, e gjith\u00eb Tirana \u00ebsht\u00eb sy pafjetur dhe do t\u00eb jet\u00eb k\u00ebtu bashk\u00eb me ta dhe do nxjerr\u00eb t\u00eb t\u00ebr\u00eb hajnat t\u00eb shkojn\u00eb atje ku e kan\u00eb vendin. K\u00ebta kan\u00eb zgjedhur ta pla\u00e7kisin popullin, k\u00ebta kan\u00eb zgjedhur q\u00eb ta trembin popullin, ta pla\u00e7kisin popullin, ja ku e kan\u00eb p\u00ebrgjigjen. Asnj\u00eb nuk ka frik\u00eb nga ta, asnj\u00eb nuk pyet p\u00ebr ta, k\u00ebta vet\u00ebm po e b\u00ebjn\u00eb m\u00eb t\u00eb zi fundin e tyre si qeveri. Koha e tyre p\u00ebr t\u00eb ikur ka ardhur dhe ka kaluar. Koha e tyre ka mbaruar. Jan\u00eb kthyer m\u00eb kufoma politike q\u00eb qelben er\u00eb.<\/span><\/p>\n<p><span style=\"color: #000000;\">Sot nj\u00eb qeveri, t\u00eb cil\u00ebn populli nuk e sheh dot me sy, gj\u00ebn\u00eb e vetme q\u00eb duhet t\u00eb b\u00ebj\u00eb nj\u00eb sahat e m\u00eb par\u00eb \u00ebsht\u00eb t\u00eb largohet. Meq\u00ebn\u00ebse nuk do t\u00eb largohet me t\u00eb mir\u00eb, at\u00ebher\u00eb populli do ta largoj\u00eb me pahir. Sepse ndryshe nuk kuptojn\u00eb. K\u00ebtu ka ngritur dor\u00ebn dhe kan\u00eb guxuar t\u00eb prekin, t\u00eb arrestojn\u00eb dhe t\u00eb ndalojn\u00eb njer\u00ebz t\u00eb ndersh\u00ebm q\u00eb mbrojn\u00eb pron\u00ebn e tyre dhe t\u00eb ruajn\u00eb me polic\u00eb, me forca t\u00eb nd\u00ebrhyrjes s\u00eb shpejt\u00eb, me gard\u00eb e m\u00eb t\u00eb tjer\u00eb nj\u00eb tuf\u00eb hajdut\u00ebsh, t\u00eb cil\u00ebt edhe nes\u00ebr do t\u00eb ken\u00eb pafytyr\u00ebsin\u00eb t\u00eb shkojn\u00eb n\u00eb parlament. Koha e kusar\u00ebve ka mbaruar, sot \u00ebsht\u00eb koha e qytetar\u00ebve.<\/span><\/p>\n<p><span style=\"color: #000000;\">Qytetar\u00eb t\u00eb Unaz\u00ebs s\u00eb Re na keni me vete dit\u00eb dhe nat\u00eb. Ju jeni pa gjum\u00eb, edhe ne jemi pa gjum\u00eb. Ju vigjiloni mbi pronat, vet\u00ebm nj\u00eb fjal\u00eb e juaj dhe do t\u00eb na keni n\u00eb \u00e7do or\u00eb t\u00eb dit\u00ebs dhe t\u00eb nat\u00ebs. Jemi me ju.<\/span><\/p>\n","protected":false,"gt_translate_keys":[{"key":"rendered","format":"html"}]},"excerpt":{"rendered":"<p>N\u00ebnkryetari i LSI-s\u00eb Petrit Vasili ka shkuar n\u00eb mb\u00ebshtetje t\u00eb banor\u00ebve t\u00eb Astirit i ka inkurajuar ata n\u00eb q\u00ebndres\u00ebn ndaj qeveris\u00eb p\u00ebr t\u00eb mbrojtur sht\u00ebpit\u00eb e tyre, duke deklaruar se mazhoranc\u00ebn do e largoj\u00eb populli m\u00eb pahir n\u00ebse nuk largohet n\u00eb m\u00ebnyr\u00eb demokratike. Deklarata e plot\u00eb: Ju jeni burra dhe gra trima q\u00eb jo thjesht [&hellip;]<\/p>\n","protected":false,"gt_translate_keys":[{"key":"rendered","format":"html"}]},"author":32,"featured_media":283824,"comment_status":"open","ping_status":"open","sticky":false,"template":"","format":"standard","meta":{"footnotes":""},"categories":[65,13],"tags":[],"class_list":["post-283823","post","type-post","status-publish","format-standard","has-post-thumbnail","hentry","category-lajme","category-te-fundit"],"gt_translate_keys":[{"key":"link","format":"url"}],"_links":{"self":[{"href":"https:\/\/www.hashtag.al\/index.php\/wp-json\/wp\/v2\/posts\/283823","targetHints":{"allow":["GET"]}}],"collection":[{"href":"https:\/\/www.hashtag.al\/index.php\/wp-json\/wp\/v2\/posts"}],"about":[{"href":"https:\/\/www.hashtag.al\/index.php\/wp-json\/wp\/v2\/types\/post"}],"author":[{"embeddable":true,"href":"https:\/\/www.hashtag.al\/index.php\/wp-json\/wp\/v2\/users\/32"}],"replies":[{"embeddable":true,"href":"https:\/\/www.hashtag.al\/index.php\/wp-json\/wp\/v2\/comments?post=283823"}],"version-history":[{"count":0,"href":"https:\/\/www.hashtag.al\/index.php\/wp-json\/wp\/v2\/posts\/283823\/revisions"}],"wp:featuredmedia":[{"embeddable":true,"href":"https:\/\/www.hashtag.al\/index.php\/wp-json\/wp\/v2\/media\/283824"}],"wp:attachment":[{"href":"https:\/\/www.hashtag.al\/index.php\/wp-json\/wp\/v2\/media?parent=283823"}],"wp:term":[{"taxonomy":"category","embeddable":true,"href":"https:\/\/www.hashtag.al\/index.php\/wp-json\/wp\/v2\/categories?post=283823"},{"taxonomy":"post_tag","embeddable":true,"href":"https:\/\/www.hashtag.al\/index.php\/wp-json\/wp\/v2\/tags?post=283823"}],"curies":[{"name":"wp","href":"https:\/\/api.w.org\/{rel}","templated":true}]}}