{"id":283753,"date":"2019-03-20T14:20:00","date_gmt":"2019-03-20T13:20:00","guid":{"rendered":"https:\/\/hashtag.al\/?p=283753"},"modified":"2019-03-20T14:26:31","modified_gmt":"2019-03-20T13:26:31","slug":"dorehiqet-zv-ministrja-e-financave-me-heret-u-shkarkua-zv-ministrja-e-drejtesise","status":"publish","type":"post","link":"https:\/\/www.hashtag.al\/index.php\/2019\/03\/20\/dorehiqet-zv-ministrja-e-financave-me-heret-u-shkarkua-zv-ministrja-e-drejtesise\/","title":{"rendered":"Dor\u00ebhiqet zv.ministrja e Financave, m\u00eb her\u00ebt u shkarkua zv.ministrja e Drejt\u00ebsis\u00eb","gt_translate_keys":[{"key":"rendered","format":"text"}]},"content":{"rendered":"<p><img loading=\"lazy\" decoding=\"async\" class=\"aligncenter size-full wp-image-283754\" src=\"https:\/\/hashtag.al\/wp-content\/uploads\/2019\/03\/vodoshkurta.jpg\" alt=\"\" width=\"2000\" height=\"1000\" srcset=\"https:\/\/www.hashtag.al\/wp-content\/uploads\/2019\/03\/vodoshkurta.jpg 2000w, https:\/\/www.hashtag.al\/wp-content\/uploads\/2019\/03\/vodoshkurta-300x150.jpg 300w, https:\/\/www.hashtag.al\/wp-content\/uploads\/2019\/03\/vodoshkurta-768x384.jpg 768w, https:\/\/www.hashtag.al\/wp-content\/uploads\/2019\/03\/vodoshkurta-1024x512.jpg 1024w\" sizes=\"auto, (max-width: 2000px) 100vw, 2000px\" \/><\/p>\n<p><span style=\"color: #000000;\">Dor\u00ebhiqet nga detyra zv.ministrja e Financave dhe Ekonomis\u00eb, Albana Shkurta. <\/span><\/p>\n<p><span style=\"color: #000000;\">Nuk dihen ende motivet q\u00eb e kan\u00eb \u00e7uar Shkurt\u00ebn q\u00eb t\u00eb dor\u00ebhiqet, po kjo l\u00ebvizje vjen pas shkarkimit nga detyra t\u00eb zv.ministres s\u00eb Drejt\u00ebsis\u00eb, Teuta Vodo.<\/span><\/p>\n<p><span style=\"color: #000000;\">Dy zv.ministret u em\u00ebruan n\u00eb tetor t\u00eb vitit 2017. Shkurta ka qen\u00eb m\u00eb her\u00ebt pjes\u00eb e bot\u00ebs s\u00eb biznesit pasi ka qen\u00eb drejtuese e nj\u00eb kompanie.<\/span><\/p>\n<p>&nbsp;<\/p>\n","protected":false,"gt_translate_keys":[{"key":"rendered","format":"html"}]},"excerpt":{"rendered":"<p>Dor\u00ebhiqet nga detyra zv.ministrja e Financave dhe Ekonomis\u00eb, Albana Shkurta. Nuk dihen ende motivet q\u00eb e kan\u00eb \u00e7uar Shkurt\u00ebn q\u00eb t\u00eb dor\u00ebhiqet, po kjo l\u00ebvizje vjen pas shkarkimit nga detyra t\u00eb zv.ministres s\u00eb Drejt\u00ebsis\u00eb, Teuta Vodo. Dy zv.ministret u em\u00ebruan n\u00eb tetor t\u00eb vitit 2017. Shkurta ka qen\u00eb m\u00eb her\u00ebt pjes\u00eb e bot\u00ebs s\u00eb biznesit [&hellip;]<\/p>\n","protected":false,"gt_translate_keys":[{"key":"rendered","format":"html"}]},"author":51,"featured_media":283755,"comment_status":"open","ping_status":"open","sticky":false,"template":"","format":"standard","meta":{"footnotes":""},"categories":[65,13],"tags":[],"class_list":["post-283753","post","type-post","status-publish","format-standard","has-post-thumbnail","hentry","category-lajme","category-te-fundit"],"gt_translate_keys":[{"key":"link","format":"url"}],"_links":{"self":[{"href":"https:\/\/www.hashtag.al\/index.php\/wp-json\/wp\/v2\/posts\/283753","targetHints":{"allow":["GET"]}}],"collection":[{"href":"https:\/\/www.hashtag.al\/index.php\/wp-json\/wp\/v2\/posts"}],"about":[{"href":"https:\/\/www.hashtag.al\/index.php\/wp-json\/wp\/v2\/types\/post"}],"author":[{"embeddable":true,"href":"https:\/\/www.hashtag.al\/index.php\/wp-json\/wp\/v2\/users\/51"}],"replies":[{"embeddable":true,"href":"https:\/\/www.hashtag.al\/index.php\/wp-json\/wp\/v2\/comments?post=283753"}],"version-history":[{"count":0,"href":"https:\/\/www.hashtag.al\/index.php\/wp-json\/wp\/v2\/posts\/283753\/revisions"}],"wp:featuredmedia":[{"embeddable":true,"href":"https:\/\/www.hashtag.al\/index.php\/wp-json\/wp\/v2\/media\/283755"}],"wp:attachment":[{"href":"https:\/\/www.hashtag.al\/index.php\/wp-json\/wp\/v2\/media?parent=283753"}],"wp:term":[{"taxonomy":"category","embeddable":true,"href":"https:\/\/www.hashtag.al\/index.php\/wp-json\/wp\/v2\/categories?post=283753"},{"taxonomy":"post_tag","embeddable":true,"href":"https:\/\/www.hashtag.al\/index.php\/wp-json\/wp\/v2\/tags?post=283753"}],"curies":[{"name":"wp","href":"https:\/\/api.w.org\/{rel}","templated":true}]}}