{"id":283704,"date":"2019-03-20T12:02:59","date_gmt":"2019-03-20T11:02:59","guid":{"rendered":"https:\/\/hashtag.al\/?p=283704"},"modified":"2019-03-20T12:09:03","modified_gmt":"2019-03-20T11:09:03","slug":"u-thirren-ne-komisariat-banoret-e-unazes-po-na-bejne-presion-24-oreshe-do-ta-bejme-protesten","status":"publish","type":"post","link":"https:\/\/www.hashtag.al\/index.php\/2019\/03\/20\/u-thirren-ne-komisariat-banoret-e-unazes-po-na-bejne-presion-24-oreshe-do-ta-bejme-protesten\/","title":{"rendered":"U thirr\u00ebn n\u00eb Komisariat, banor\u00ebt e Unaz\u00ebs: Po na b\u00ebjn\u00eb presion, 24 or\u00ebshe do ta b\u00ebjm\u00eb protest\u00ebn","gt_translate_keys":[{"key":"rendered","format":"text"}]},"content":{"rendered":"<p><img loading=\"lazy\" decoding=\"async\" class=\"aligncenter size-full wp-image-283705\" src=\"https:\/\/hashtag.al\/wp-content\/uploads\/2019\/03\/banoret-e-unazes.jpg\" alt=\"\" width=\"2000\" height=\"1000\" srcset=\"https:\/\/www.hashtag.al\/wp-content\/uploads\/2019\/03\/banoret-e-unazes.jpg 2000w, https:\/\/www.hashtag.al\/wp-content\/uploads\/2019\/03\/banoret-e-unazes-300x150.jpg 300w, https:\/\/www.hashtag.al\/wp-content\/uploads\/2019\/03\/banoret-e-unazes-768x384.jpg 768w, https:\/\/www.hashtag.al\/wp-content\/uploads\/2019\/03\/banoret-e-unazes-1024x512.jpg 1024w\" sizes=\"auto, (max-width: 2000px) 100vw, 2000px\" \/><\/p>\n<p><span style=\"color: #000000;\">Nj\u00eb dit\u00eb pas protest\u00ebs n\u00eb zon\u00ebn e Astirit, policia ka shoq\u00ebruar 6 banor\u00eb t\u00eb zon\u00ebs. T\u00eb shoq\u00ebruar jan\u00eb: G\u00ebzim Sadikaj, Lutfi Kastrati, Ilir Katiraj, Lindita dhe Dorian Protoduari, Sk\u00ebnder Doda.<\/span><\/p>\n<p><span style=\"color: #000000;\">Protestuesit kan\u00eb treguar para kamerave se jan\u00eb thirrur n\u00eb nj\u00eb takim edhe nga drejtori i Policis\u00eb, takim q\u00eb nuk \u00ebsht\u00eb zhvilluar, por q\u00eb ata e kan\u00eb konsideruar k\u00ebt\u00eb nj\u00eb form\u00eb presioni q\u00eb t\u00eb mos protestojn\u00eb m\u00eb. Ata madje kan\u00eb paralajm\u00ebruar p\u00ebrshkall\u00ebzim n\u00eb protesta 24-or\u00ebshe.<\/span><\/p>\n<p><em><span style=\"color: #000000;\">&#8220;E vetmja shpres\u00eb p\u00ebr banor\u00ebt e Unaz\u00ebs, \u00ebsht\u00eb largimi i k\u00ebsaj qeverie. Atij projekti i kan\u00eb marr\u00eb lek\u00eb, i kan\u00eb shp\u00ebrndar\u00eb lek\u00eb. Prokuroria nuk b\u00ebn asnj\u00eb lloj veprimi. Presin nga Amerika mos sjell ndonj\u00eb prov\u00eb.<\/span><\/em><\/p>\n<p><em><span style=\"color: #000000;\">K\u00ebrkuam shpjegime p\u00ebr arsyen e takimit me drejtorin e policis\u00eb, por takimi \u00ebsht\u00eb thjesht p\u00ebr presion, p\u00ebr shantazh. Zot\u00ebria n\u00eb fjal\u00eb ka marr\u00eb p\u00ebrsip\u00ebr ta mbyll\u00eb k\u00ebt\u00eb protest\u00eb.<\/span><\/em><\/p>\n<p><span style=\"color: #000000;\"><em>Banor\u00ebt e Unaz\u00ebs nuk do jen\u00eb m\u00eb aq t\u00eb urt\u00eb. Do t\u00eb shkojm\u00eb drejt bllokimin 24 or\u00eb t\u00eb asaj rruge. Ju k\u00ebrkojm\u00eb ndjes\u00eb, nuk duam t\u00eb bllokojm\u00eb njeri, por kjo \u00ebsht\u00eb m\u00ebnyra e vetme. Edhe n\u00eb m\u00eb pak se nj\u00eb or\u00eb e kemi reduktuar vet\u00ebm t\u00eb mos bllokojm\u00eb qytetar\u00ebt. Vet\u00ebm me protesta mund t\u00eb fitojm\u00eb dhe ta largojm\u00eb k\u00ebt\u00eb qeveri.&#8221;,<\/em> tha nj\u00eb nga banor\u00ebt e shoq\u00ebruar.<\/span><\/p>\n<p><span style=\"color: #000000;\">Por pavar\u00ebsisht presioneve me t\u00eb cilat banor\u00ebt e Unaz\u00ebs thon\u00eb se po p\u00ebrballen, shprehen t\u00eb vendosur ta \u00e7ojn\u00eb deri n\u00eb fund protest\u00ebn e tyre.<\/span><\/p>\n<p><span style=\"color: #000000;\"><em>&#8220;Protesta nuk mbyllet as me ndalime, as me arrestime, as me asnj\u00eb m\u00ebnyr\u00eb tjet\u00ebr. Nes\u00ebr t\u00eb shkojm\u00eb n\u00eb protest\u00eb para Parlamentit, si n\u00eb \u00e7do protest\u00eb tjet\u00ebr me po t\u00eb nj\u00ebjtin motivim.&#8221;, <\/em>tha nj\u00eb nga banor\u00ebt q\u00eb ishte shoq\u00ebruar n\u00eb Komisariat.<\/span><\/p>\n<p><img loading=\"lazy\" decoding=\"async\" class=\"aligncenter size-full wp-image-283708\" src=\"https:\/\/hashtag.al\/wp-content\/uploads\/2019\/03\/55496027_296752544335327_2072374277834801152_n-1.jpg\" alt=\"\" width=\"3417\" height=\"1771\" srcset=\"https:\/\/www.hashtag.al\/wp-content\/uploads\/2019\/03\/55496027_296752544335327_2072374277834801152_n-1.jpg 3417w, https:\/\/www.hashtag.al\/wp-content\/uploads\/2019\/03\/55496027_296752544335327_2072374277834801152_n-1-300x155.jpg 300w, https:\/\/www.hashtag.al\/wp-content\/uploads\/2019\/03\/55496027_296752544335327_2072374277834801152_n-1-768x398.jpg 768w, https:\/\/www.hashtag.al\/wp-content\/uploads\/2019\/03\/55496027_296752544335327_2072374277834801152_n-1-1024x531.jpg 1024w\" sizes=\"auto, (max-width: 3417px) 100vw, 3417px\" \/><\/p>\n<p>&nbsp;<\/p>\n<p><em><span style=\"color: #000000;\">&#8220;\u00cbsht\u00eb hera e 12 q\u00eb thirrem n\u00eb komisariat. Protesta jon\u00eb \u00ebsht\u00eb legjitime. Na pyet\u00ebm a kemi marr\u00eb pjes\u00eb n\u00eb protest\u00eb dhe ne i tham\u00eb: Po dhe do marrim derisa ky projekt t\u00eb marr\u00eb fund.<\/span><\/em><\/p>\n<p><span style=\"color: #000000;\"><em>Vjedhin 40 milion\u00eb euro n\u00eb projekt t\u00eb korruptuar dhe asnj\u00eb pushtetar nuk ndalohet. Por merren me banor\u00ebt e Unaz\u00ebs s\u00eb Re q\u00eb i kan\u00eb katandisur n\u00eb pik\u00eb t\u00eb hallit. Protesta jon\u00eb \u00ebsht\u00eb e drejt\u00eb. Nuk k\u00ebrkojm\u00eb asgj\u00eb nga shteti, as pun\u00eb se ishim t\u00eb vet\u00ebpun\u00ebsuar n\u00eb dyqanet tona. I kemi paguar shtetit p\u00ebr 30 vjet taksa me radh\u00eb.&#8221;<\/em>, tha nj\u00eb tjet\u00ebr banore.<\/span><\/p>\n<p><img loading=\"lazy\" decoding=\"async\" class=\"aligncenter size-full wp-image-283710\" src=\"https:\/\/hashtag.al\/wp-content\/uploads\/2019\/03\/54257118_562612900888301_7833831863264215040_n-1.jpg\" alt=\"\" width=\"1152\" height=\"608\" srcset=\"https:\/\/www.hashtag.al\/wp-content\/uploads\/2019\/03\/54257118_562612900888301_7833831863264215040_n-1.jpg 1152w, https:\/\/www.hashtag.al\/wp-content\/uploads\/2019\/03\/54257118_562612900888301_7833831863264215040_n-1-300x158.jpg 300w, https:\/\/www.hashtag.al\/wp-content\/uploads\/2019\/03\/54257118_562612900888301_7833831863264215040_n-1-768x405.jpg 768w, https:\/\/www.hashtag.al\/wp-content\/uploads\/2019\/03\/54257118_562612900888301_7833831863264215040_n-1-1024x540.jpg 1024w\" sizes=\"auto, (max-width: 1152px) 100vw, 1152px\" \/><\/p>\n","protected":false,"gt_translate_keys":[{"key":"rendered","format":"html"}]},"excerpt":{"rendered":"<p>Nj\u00eb dit\u00eb pas protest\u00ebs n\u00eb zon\u00ebn e Astirit, policia ka shoq\u00ebruar 6 banor\u00eb t\u00eb zon\u00ebs. T\u00eb shoq\u00ebruar jan\u00eb: G\u00ebzim Sadikaj, Lutfi Kastrati, Ilir Katiraj, Lindita dhe Dorian Protoduari, Sk\u00ebnder Doda. Protestuesit kan\u00eb treguar para kamerave se jan\u00eb thirrur n\u00eb nj\u00eb takim edhe nga drejtori i Policis\u00eb, takim q\u00eb nuk \u00ebsht\u00eb zhvilluar, por q\u00eb ata e [&hellip;]<\/p>\n","protected":false,"gt_translate_keys":[{"key":"rendered","format":"html"}]},"author":30,"featured_media":283706,"comment_status":"open","ping_status":"open","sticky":false,"template":"","format":"standard","meta":{"footnotes":""},"categories":[65,13],"tags":[],"class_list":["post-283704","post","type-post","status-publish","format-standard","has-post-thumbnail","hentry","category-lajme","category-te-fundit"],"gt_translate_keys":[{"key":"link","format":"url"}],"_links":{"self":[{"href":"https:\/\/www.hashtag.al\/index.php\/wp-json\/wp\/v2\/posts\/283704","targetHints":{"allow":["GET"]}}],"collection":[{"href":"https:\/\/www.hashtag.al\/index.php\/wp-json\/wp\/v2\/posts"}],"about":[{"href":"https:\/\/www.hashtag.al\/index.php\/wp-json\/wp\/v2\/types\/post"}],"author":[{"embeddable":true,"href":"https:\/\/www.hashtag.al\/index.php\/wp-json\/wp\/v2\/users\/30"}],"replies":[{"embeddable":true,"href":"https:\/\/www.hashtag.al\/index.php\/wp-json\/wp\/v2\/comments?post=283704"}],"version-history":[{"count":0,"href":"https:\/\/www.hashtag.al\/index.php\/wp-json\/wp\/v2\/posts\/283704\/revisions"}],"wp:featuredmedia":[{"embeddable":true,"href":"https:\/\/www.hashtag.al\/index.php\/wp-json\/wp\/v2\/media\/283706"}],"wp:attachment":[{"href":"https:\/\/www.hashtag.al\/index.php\/wp-json\/wp\/v2\/media?parent=283704"}],"wp:term":[{"taxonomy":"category","embeddable":true,"href":"https:\/\/www.hashtag.al\/index.php\/wp-json\/wp\/v2\/categories?post=283704"},{"taxonomy":"post_tag","embeddable":true,"href":"https:\/\/www.hashtag.al\/index.php\/wp-json\/wp\/v2\/tags?post=283704"}],"curies":[{"name":"wp","href":"https:\/\/api.w.org\/{rel}","templated":true}]}}