{"id":283699,"date":"2019-03-20T11:39:35","date_gmt":"2019-03-20T10:39:35","guid":{"rendered":"https:\/\/hashtag.al\/?p=283699"},"modified":"2019-03-20T11:44:02","modified_gmt":"2019-03-20T10:44:02","slug":"ilir-meta-gati-te-sakrifikohem-si-salvador-aljende-vetem-mos-te-instalohet-junte-ushtarake","status":"publish","type":"post","link":"https:\/\/www.hashtag.al\/index.php\/2019\/03\/20\/ilir-meta-gati-te-sakrifikohem-si-salvador-aljende-vetem-mos-te-instalohet-junte-ushtarake\/","title":{"rendered":"Ilir Meta: Gati t\u00eb sakrifikohem si Salvador Aljende, vet\u00ebm mos t\u00eb instalohet junt\u00eb ushtarake","gt_translate_keys":[{"key":"rendered","format":"text"}]},"content":{"rendered":"<p><img loading=\"lazy\" decoding=\"async\" class=\"aligncenter size-full wp-image-264769\" src=\"https:\/\/hashtag.al\/wp-content\/uploads\/2019\/01\/meta-2-1.jpg\" alt=\"\" width=\"2048\" height=\"1579\" srcset=\"https:\/\/www.hashtag.al\/wp-content\/uploads\/2019\/01\/meta-2-1.jpg 2048w, https:\/\/www.hashtag.al\/wp-content\/uploads\/2019\/01\/meta-2-1-300x231.jpg 300w, https:\/\/www.hashtag.al\/wp-content\/uploads\/2019\/01\/meta-2-1-768x592.jpg 768w, https:\/\/www.hashtag.al\/wp-content\/uploads\/2019\/01\/meta-2-1-1024x790.jpg 1024w\" sizes=\"auto, (max-width: 2048px) 100vw, 2048px\" \/><\/p>\n<p><span style=\"color: #000000;\">Presidenti i Republik\u00ebs Ilir Meta ka deklaruar se \u00ebsht\u00eb gati t\u00eb l\u00ebr\u00eb mandatin e tij si President p\u00ebr zgjidhjen e kriz\u00ebs n\u00eb vend.<\/span><\/p>\n<p><span style=\"color: #000000;\">Meta k\u00ebt\u00eb deklarat\u00eb e ka b\u00ebr\u00eb nga qyteti i Pogradecit, ku ndodhet n\u00eb mb\u00ebshtetje t\u00eb fushat\u00ebs komb\u00ebtare t\u00eb dhurimit t\u00eb gjakut.<\/span><\/p>\n<p><span style=\"color: #000000;\">Meta tha se \u00ebsht\u00eb gati t\u00eb sakrifikohet si Salvador Aljende vet\u00ebm p\u00ebr t\u00eb mos lejuar instalimin e nj\u00eb &#8220;junte ushtarake&#8221; si\u00e7 e quajti ai.<\/span><\/p>\n<p><span style=\"color: #000000;\"><em>\u201cI kam dh\u00ebn\u00eb argumentet p\u00ebr kriz\u00ebn. Nuk kemi gjykate kushtetuese. Kriza e q\u00ebllimshme. Po cenohet rendi kushtetues. Veprimi i opozit\u00ebs i d\u00ebnuesh\u00ebm dhe i papranuesh\u00ebm. Kuvendi ka 82 deputet\u00eb t\u00eb ligjsh\u00ebm, p\u00ebrfshir\u00eb edhe 3 q\u00eb nuk dogj\u00ebn mandatet \u00e7do num\u00ebr tjet\u00ebr \u00ebsht\u00eb i kund\u00ebrshtuar n\u00eb t\u00eb gjitha planet, politike, ligjore, morale. Mund t\u00eb thirren 1 milion shqiptar\u00eb mbi 18 vje\u00e7 p\u00ebr t\u00eb miratuar reformat, por kjo nuk e zgjidh kriz\u00ebn. Kriza nuk zgjidhet as me retorik\u00eb as me metoda policore, por me dialog dhe p\u00ebrpjekje serioze. Pasojat e kriz\u00ebs mund t\u00eb jen\u00eb t\u00eb r\u00ebnda p\u00ebr Shqip\u00ebrin\u00eb. Si president kam b\u00ebre \u00e7do p\u00ebrpjekje p\u00ebr t\u00eb parandaluar kriz\u00ebn. Jam i p\u00ebrgatitur t\u00eb l\u00eb mandatin dhe deri t\u00eb sakrifikohem si Salvador Aljende, p\u00ebr t\u00eb mos lejuar instalimin e nj\u00eb junte ushtarake\u201d,<\/em> deklaroi Meta.<\/span><\/p>\n<p><img loading=\"lazy\" decoding=\"async\" class=\"aligncenter size-full wp-image-283701\" src=\"https:\/\/hashtag.al\/wp-content\/uploads\/2019\/03\/54518737_331578944133900_315918866372886528_n.jpg\" alt=\"\" width=\"800\" height=\"480\" \/><\/p>\n","protected":false,"gt_translate_keys":[{"key":"rendered","format":"html"}]},"excerpt":{"rendered":"<p>Presidenti i Republik\u00ebs Ilir Meta ka deklaruar se \u00ebsht\u00eb gati t\u00eb l\u00ebr\u00eb mandatin e tij si President p\u00ebr zgjidhjen e kriz\u00ebs n\u00eb vend. Meta k\u00ebt\u00eb deklarat\u00eb e ka b\u00ebr\u00eb nga qyteti i Pogradecit, ku ndodhet n\u00eb mb\u00ebshtetje t\u00eb fushat\u00ebs komb\u00ebtare t\u00eb dhurimit t\u00eb gjakut. Meta tha se \u00ebsht\u00eb gati t\u00eb sakrifikohet si Salvador Aljende vet\u00ebm [&hellip;]<\/p>\n","protected":false,"gt_translate_keys":[{"key":"rendered","format":"html"}]},"author":30,"featured_media":283701,"comment_status":"open","ping_status":"open","sticky":false,"template":"","format":"standard","meta":{"footnotes":""},"categories":[65,13],"tags":[],"class_list":["post-283699","post","type-post","status-publish","format-standard","has-post-thumbnail","hentry","category-lajme","category-te-fundit"],"gt_translate_keys":[{"key":"link","format":"url"}],"_links":{"self":[{"href":"https:\/\/www.hashtag.al\/index.php\/wp-json\/wp\/v2\/posts\/283699","targetHints":{"allow":["GET"]}}],"collection":[{"href":"https:\/\/www.hashtag.al\/index.php\/wp-json\/wp\/v2\/posts"}],"about":[{"href":"https:\/\/www.hashtag.al\/index.php\/wp-json\/wp\/v2\/types\/post"}],"author":[{"embeddable":true,"href":"https:\/\/www.hashtag.al\/index.php\/wp-json\/wp\/v2\/users\/30"}],"replies":[{"embeddable":true,"href":"https:\/\/www.hashtag.al\/index.php\/wp-json\/wp\/v2\/comments?post=283699"}],"version-history":[{"count":0,"href":"https:\/\/www.hashtag.al\/index.php\/wp-json\/wp\/v2\/posts\/283699\/revisions"}],"wp:featuredmedia":[{"embeddable":true,"href":"https:\/\/www.hashtag.al\/index.php\/wp-json\/wp\/v2\/media\/283701"}],"wp:attachment":[{"href":"https:\/\/www.hashtag.al\/index.php\/wp-json\/wp\/v2\/media?parent=283699"}],"wp:term":[{"taxonomy":"category","embeddable":true,"href":"https:\/\/www.hashtag.al\/index.php\/wp-json\/wp\/v2\/categories?post=283699"},{"taxonomy":"post_tag","embeddable":true,"href":"https:\/\/www.hashtag.al\/index.php\/wp-json\/wp\/v2\/tags?post=283699"}],"curies":[{"name":"wp","href":"https:\/\/api.w.org\/{rel}","templated":true}]}}