{"id":283695,"date":"2019-03-20T11:26:35","date_gmt":"2019-03-20T10:26:35","guid":{"rendered":"https:\/\/hashtag.al\/?p=283695"},"modified":"2019-03-20T11:28:57","modified_gmt":"2019-03-20T10:28:57","slug":"ekzekutimi-i-jurgen-kurtit-shpallet-ne-kerkim-djali-i-agim-arapit","status":"publish","type":"post","link":"https:\/\/www.hashtag.al\/index.php\/2019\/03\/20\/ekzekutimi-i-jurgen-kurtit-shpallet-ne-kerkim-djali-i-agim-arapit\/","title":{"rendered":"Ekzekutimi i Jurgen Kurtit, shpallet n\u00eb k\u00ebrkim djali i Agim Arapit","gt_translate_keys":[{"key":"rendered","format":"text"}]},"content":{"rendered":"<p>&nbsp;<\/p>\n<p><img loading=\"lazy\" decoding=\"async\" class=\"aligncenter size-full wp-image-283370\" src=\"https:\/\/hashtag.al\/wp-content\/uploads\/2019\/03\/jurgen-kurti-2.jpg\" alt=\"\" width=\"960\" height=\"960\" srcset=\"https:\/\/www.hashtag.al\/wp-content\/uploads\/2019\/03\/jurgen-kurti-2.jpg 960w, https:\/\/www.hashtag.al\/wp-content\/uploads\/2019\/03\/jurgen-kurti-2-150x150.jpg 150w, https:\/\/www.hashtag.al\/wp-content\/uploads\/2019\/03\/jurgen-kurti-2-300x300.jpg 300w, https:\/\/www.hashtag.al\/wp-content\/uploads\/2019\/03\/jurgen-kurti-2-768x768.jpg 768w, https:\/\/www.hashtag.al\/wp-content\/uploads\/2019\/03\/jurgen-kurti-2-120x120.jpg 120w\" sizes=\"auto, (max-width: 960px) 100vw, 960px\" \/><span style=\"color: #000000;\">Policia ka shpallur n\u00eb k\u00ebrkim djalin e Agim Arapit, Ervis Arapin, p\u00ebr vrasjen e 26-vje\u00e7arit Jurgen Kurtit, i njohur dhe si menaxheri i vipave.<\/span><\/p>\n<p><span style=\"color: #000000;\">Shpallja n\u00eb k\u00ebrkim e Ervis Arapit, vjen vet\u00ebm dy dit\u00eb pas ekzekutimit t\u00eb Jurgen Kurtit.<\/span><\/p>\n<p><span style=\"color: #000000;\">Kurti u q\u00ebllua me bresh\u00ebri arm\u00ebsh n\u00eb rrug\u00ebn \u201cZef Jubani\u201d, mbrapa Post\u00ebs nr.8 n\u00eb Tiran\u00eb.\u00a0<\/span><span style=\"color: #000000;\">Ngjarja ndodhi rreth or\u00ebs 22:20 t\u00eb 18 marsit, kur Jurgen Kurti po shkonte n\u00eb sht\u00ebpin\u00eb e tij. <\/span><span style=\"color: #000000;\">Dyshohet se dy persona po e prisnin n\u00eb hyrjen e pallatit, dhe e q\u00eblluan p\u00ebr vdekje me 3 plumba.\u00a0<\/span><\/p>\n<p><span style=\"color: #000000;\">Jurgen Kurti ka qen\u00eb i p\u00ebrfolur n\u00eb dy ngjarje m\u00eb par\u00eb.<\/span><\/p>\n<p><span style=\"color: #000000;\">E para ku mbeti i vrar\u00eb babai i tij, ngjarje p\u00ebr t\u00eb cil\u00ebn fajtor u shpall daja i tij i cili mori edhe nj\u00eb d\u00ebnim prej 1 vit dhe 6 muaj heqje lirie.<\/span><\/p>\n<p><span style=\"color: #000000;\">Nd\u00ebrsa n\u00eb ngjarjen e dyt\u00eb u arrestua s\u00eb bashku me vjehrrin Konstadin Ekonomi dhe v\u00ebllan\u00eb e tij Kujtim Ekonomi p\u00ebr vrasjen e Agim Arapit p\u00ebr motive pron\u00ebsie n\u00eb Durr\u00ebs, por q\u00eb nuk u gjet fajtor m\u00eb pas.<\/span><\/p>\n<p><span style=\"color: #000000;\">Kjo \u00ebsht\u00eb ngjarja p\u00ebr t\u00eb cil\u00ebn Ervis Arapi dyshohet nga policia se ka k\u00ebrkuar hakmarrje p\u00ebr vdekjen e babait t\u00eb tij.<\/span><\/p>\n<p><span style=\"color: #000000;\">N\u00ebna e Ervis Arapit, Vjollca Arapi, n\u00eb nj\u00eb lidhje p\u00ebr mediat thot\u00eb se nuk \u00ebsht\u00eb i biri q\u00eb ka vrar\u00eb Kurtin:<em> &#8220;I b\u00ebjm\u00eb thirrje, ministris\u00eb s\u00eb Brendshme, Sand\u00ebr Lleshit, djali im nuk ka vrar\u00eb njeri. E kemi nisur n\u00eb Itali p\u00ebr ekonomi m\u00eb tep\u00ebr. Po vrisni p\u00ebr t\u00eb dyt\u00ebn her\u00eb. Nuk jam un\u00eb vras\u00ebsja e Jurgen Kurtit. At\u00eb e vrau Zoti.&#8221;<\/em><\/span><\/p>\n","protected":false,"gt_translate_keys":[{"key":"rendered","format":"html"}]},"excerpt":{"rendered":"<p>&nbsp; Policia ka shpallur n\u00eb k\u00ebrkim djalin e Agim Arapit, Ervis Arapin, p\u00ebr vrasjen e 26-vje\u00e7arit Jurgen Kurtit, i njohur dhe si menaxheri i vipave. Shpallja n\u00eb k\u00ebrkim e Ervis Arapit, vjen vet\u00ebm dy dit\u00eb pas ekzekutimit t\u00eb Jurgen Kurtit. Kurti u q\u00ebllua me bresh\u00ebri arm\u00ebsh n\u00eb rrug\u00ebn \u201cZef Jubani\u201d, mbrapa Post\u00ebs nr.8 n\u00eb Tiran\u00eb.\u00a0Ngjarja [&hellip;]<\/p>\n","protected":false,"gt_translate_keys":[{"key":"rendered","format":"html"}]},"author":30,"featured_media":283370,"comment_status":"open","ping_status":"open","sticky":false,"template":"","format":"standard","meta":{"footnotes":""},"categories":[1],"tags":[],"class_list":["post-283695","post","type-post","status-publish","format-standard","has-post-thumbnail","hentry","category-uncategorized"],"gt_translate_keys":[{"key":"link","format":"url"}],"_links":{"self":[{"href":"https:\/\/www.hashtag.al\/index.php\/wp-json\/wp\/v2\/posts\/283695","targetHints":{"allow":["GET"]}}],"collection":[{"href":"https:\/\/www.hashtag.al\/index.php\/wp-json\/wp\/v2\/posts"}],"about":[{"href":"https:\/\/www.hashtag.al\/index.php\/wp-json\/wp\/v2\/types\/post"}],"author":[{"embeddable":true,"href":"https:\/\/www.hashtag.al\/index.php\/wp-json\/wp\/v2\/users\/30"}],"replies":[{"embeddable":true,"href":"https:\/\/www.hashtag.al\/index.php\/wp-json\/wp\/v2\/comments?post=283695"}],"version-history":[{"count":0,"href":"https:\/\/www.hashtag.al\/index.php\/wp-json\/wp\/v2\/posts\/283695\/revisions"}],"wp:featuredmedia":[{"embeddable":true,"href":"https:\/\/www.hashtag.al\/index.php\/wp-json\/wp\/v2\/media\/283370"}],"wp:attachment":[{"href":"https:\/\/www.hashtag.al\/index.php\/wp-json\/wp\/v2\/media?parent=283695"}],"wp:term":[{"taxonomy":"category","embeddable":true,"href":"https:\/\/www.hashtag.al\/index.php\/wp-json\/wp\/v2\/categories?post=283695"},{"taxonomy":"post_tag","embeddable":true,"href":"https:\/\/www.hashtag.al\/index.php\/wp-json\/wp\/v2\/tags?post=283695"}],"curies":[{"name":"wp","href":"https:\/\/api.w.org\/{rel}","templated":true}]}}