{"id":283611,"date":"2019-03-20T07:53:54","date_gmt":"2019-03-20T06:53:54","guid":{"rendered":"https:\/\/hashtag.al\/?p=283611"},"modified":"2019-03-20T07:56:28","modified_gmt":"2019-03-20T06:56:28","slug":"avioni-merr-flake-sapo-ulet-ne-aeroport-shpetojne-te-gjithe-udhetaret-video","status":"publish","type":"post","link":"https:\/\/www.hashtag.al\/index.php\/2019\/03\/20\/avioni-merr-flake-sapo-ulet-ne-aeroport-shpetojne-te-gjithe-udhetaret-video\/","title":{"rendered":"Avioni merr flak\u00eb sapo ulet n\u00eb aeroport, shp\u00ebtojn\u00eb t\u00eb gjith\u00eb udh\u00ebtar\u00ebt (VIDEO)","gt_translate_keys":[{"key":"rendered","format":"text"}]},"content":{"rendered":"<p>&nbsp;<\/p>\n<p><span style=\"color: #000000;\"><img loading=\"lazy\" decoding=\"async\" class=\"aligncenter size-full wp-image-283612\" src=\"https:\/\/hashtag.al\/wp-content\/uploads\/2019\/03\/iran.jpg\" alt=\"\" width=\"980\" height=\"551\" srcset=\"https:\/\/www.hashtag.al\/wp-content\/uploads\/2019\/03\/iran.jpg 980w, https:\/\/www.hashtag.al\/wp-content\/uploads\/2019\/03\/iran-300x169.jpg 300w, https:\/\/www.hashtag.al\/wp-content\/uploads\/2019\/03\/iran-768x432.jpg 768w\" sizes=\"auto, (max-width: 980px) 100vw, 980px\" \/><\/span><\/p>\n<p><span style=\"color: #000000;\">Nj\u00eb avion ka marr\u00eb flak\u00eb pas uljes n\u00eb aeroportin e Mehrabad t\u00eb Teheranit, por sh\u00ebrbimet emergjente arrit\u00ebn t\u00eb nxirrnin nga flak\u00ebt dhe t\u00eb evakuonin t\u00eb gjith\u00eb pasagjer\u00ebt pa l\u00ebndime.<\/span><\/p>\n<p><span style=\"color: #000000;\"><span style=\"color: #0000ff;\"><a style=\"color: #0000ff;\" href=\"https:\/\/www.rt.com\/news\/454241-airplane-catches-fire-tehran\/\">&#8220;RT&#8221;<\/a><\/span> shkruan se pas incidentit, autoritetet iraniane njoftuan se avioni u detyrua t\u00eb binte n\u00eb bark, pasi pajisjet e tij t\u00eb uljes nuk u vendos\u00ebn si\u00e7 duhet. Po ashtu lavd\u00ebruan aft\u00ebsit\u00eb e pilotit q\u00eb arriti ta ulte avionin n\u00eb at\u00eb m\u00ebnyr\u00eb, duke shp\u00ebtuar jet\u00ebt e njer\u00ebzve.<\/span><\/p>\n<p><span style=\"color: #000000;\">Nj\u00eb video e publikuar n\u00eb internet nga incidenti, tregon si avioni merr flak\u00eb n\u00eb momentin e uljes.<\/span><\/p>\n<blockquote class=\"twitter-tweet\" data-lang=\"en\">\n<p dir=\"rtl\" lang=\"fa\">\ud83d\udd34 \u0648\u06cc\u062f\u0626\u0648\u06cc\u06cc \u0627\u0632 \u0641\u0631\u0648\u062f \u0628\u062f\u0648\u0646 \u0686\u0631\u062e \u0641\u0648\u0643\u0631\u0661\u0660\u0660 \u0647\u0645\u0627 \u062f\u0631 \u0641\u0631\u0648\u062f\u06af\u0627\u0647 \u0645\u0647\u0631\u0622\u0628\u0627\u062f.<\/p>\n<p>\u06cc\u06a9 \u0641\u0631\u0648\u0646\u062f \u0647\u0648\u0627\u067e\u06cc\u0645\u0627 \u0647\u0646\u06af\u0627\u0645 \u0646\u0634\u0633\u062a\u0646 \u062f\u0631 \u0641\u0631\u0648\u062f\u06af\u0627\u0647 \u0645\u0647\u0631\u0622\u0628\u0627\u062f \u062f\u0686\u0627\u0631 \u0622\u062a\u0634 \u0633\u0648\u0632\u06cc \u0634\u062f\u060c \u0627\u0645\u0627 \u0627\u06cc\u0646 \u062d\u0627\u062f\u062b\u0647 \u0647\u06cc\u0686 \u0645\u0635\u062f\u0648\u0645\u06cc \u0646\u062f\u0627\u0634\u062a\u0647 \u0627\u0633\u062a. <a href=\"https:\/\/t.co\/lh3v38AYdO\">pic.twitter.com\/lh3v38AYdO<\/a><\/p>\n<p>\u2014 \u0627\u0626\u062a\u0644\u0627\u0641 \u06f1\u06f0 \uaa9c (@etelaf10) <a href=\"https:\/\/twitter.com\/etelaf10\/status\/1108085175127298048?ref_src=twsrc%5Etfw\">March 19, 2019<\/a><\/p><\/blockquote>\n<p><script async src=\"https:\/\/platform.twitter.com\/widgets.js\" charset=\"utf-8\"><\/script><\/p>\n<p><span style=\"color: #000000;\"><em>&#8220;Fal\u00eb aft\u00ebsis\u00eb s\u00eb pilotit, avioni u ul&#8221;,<\/em> u tha gazetar\u00ebve Pir Hossein Kolivand, Shefi i Sh\u00ebrbimeve Mjek\u00ebsore Emergjente t\u00eb Iranit.<\/span><\/p>\n<p><span style=\"color: #000000;\">Kolivand tha se t\u00eb 33 udh\u00ebtar\u00ebt q\u00eb ndodheshin n\u00eb bord, arrit\u00ebn t\u00eb shp\u00ebtonin.<\/span><\/p>\n<p><span style=\"color: #000000;\">Shefi i emergjenc\u00ebs n\u00eb Teheran zbuloi se avioni po qarkullonte rreth aeroportit t\u00eb Mehrabad t\u00eb Teheranit, duke djegur karburantin e tep\u00ebrt dhe duke u p\u00ebrpjekur p\u00ebr t\u00eb zgjidhur problemin e pajisjeve t\u00eb uljes.<\/span><\/p>\n<p><span style=\"color: #000000;\">Nd\u00ebrkoh\u00eb ekipet e emergjenc\u00ebs dhe t\u00eb pakt\u00ebn dhjet\u00eb ambulanca po prisnin q\u00eb avioni &#8220;Fokker 100&#8221; t\u00eb b\u00ebnte uljen emergjente.<\/span><\/p>\n<p><span style=\"color: #000000;\">Pasi u rr\u00ebzua avioni, ekipet e emergjenc\u00ebs ndihmuan pasagjer\u00ebt me evakuimet.<em> &#8220;Askush nuk u plagos dhe t\u00eb gjith\u00eb jan\u00eb n\u00eb gjendje t\u00eb mir\u00eb&#8221;<\/em>, tha shefi i Emergjenc\u00ebs.<\/span><\/p>\n<blockquote class=\"twitter-tweet\" data-lang=\"en\">\n<p dir=\"rtl\" lang=\"fa\">\u0648\u06cc\u062f\u0626\u0648 \u0641\u0631\u0648\u062f \u0622\u0645\u062f\u0646 <a href=\"https:\/\/twitter.com\/hashtag\/%D9%87%D9%88%D8%A7%D9%BE%DB%8C%D9%85%D8%A7?src=hash&amp;ref_src=twsrc%5Etfw\">#\u0647\u0648\u0627\u067e\u06cc\u0645\u0627<\/a> <a href=\"https:\/\/twitter.com\/hashtag\/%D9%87%D9%85%D8%A7?src=hash&amp;ref_src=twsrc%5Etfw\">#\u0647\u0645\u0627<\/a> \u06a9\u0647 \u0628\u062f\u0648\u0646 \u0686\u0631\u062e \u0641\u0631\u0648\u062f \u0627\u0645\u062f\u0647<br \/>\n\u0627\u06cc\u0646 \u062f\u0648\u0633\u062a\u0645 \u062a\u0648 \u0647\u0648\u0627\u067e\u06cc\u0645\u0627 \u0628\u0648\u062f\u0647 \u06a9\u0647 \u0641\u06cc\u0644\u0645 \u06af\u0631\u0641\u062a\u0647 <a href=\"https:\/\/t.co\/IOPYcMW1cT\">pic.twitter.com\/IOPYcMW1cT<\/a><\/p>\n<p>\u2014 \u06cc\u0648\u0633\u06cc \u0627\u06cc\u0644 \u06cc (@illyvalley) <a href=\"https:\/\/twitter.com\/illyvalley\/status\/1108099612638957568?ref_src=twsrc%5Etfw\">March 19, 2019<\/a><\/p><\/blockquote>\n<p><script async src=\"https:\/\/platform.twitter.com\/widgets.js\" charset=\"utf-8\"><\/script><\/p>\n<blockquote class=\"twitter-tweet\" data-lang=\"en\">\n<p dir=\"rtl\" lang=\"fa\">\u0641\u0631\u0648\u062f \u0628\u062f\u0648\u0646 \u0686\u0631\u062e \u0641\u0648\u0643\u0631\u0661\u0660\u0660 \u0647\u0645\u0627 \u062f\u0631 \u0645\u0647\u0631\u0622\u0628\u0627\u062f<br \/>\n\u0631\u0626\u06cc\u0633 \u0627\u0648\u0631\u0698\u0627\u0646\u0633 \u062a\u0647\u0631\u0627\u0646: \u06cc\u06a9 \u0641\u0631\u0648\u0646\u062f \u0647\u0648\u0627\u067e\u06cc\u0645\u0627 \u0647\u0646\u06af\u0627\u0645 \u0646\u0634\u0633\u062a\u0646 \u062f\u0631 \u0641\u0631\u0648\u062f\u06af\u0627\u0647 \u0645\u0647\u0631\u0622\u0628\u0627\u062f \u062f\u0686\u0627\u0631 \u0622\u062a\u0634 \u0633\u0648\u0632\u06cc \u0634\u062f\u060c \u0627\u0645\u0627 \u0627\u06cc\u0646 \u062d\u0627\u062f\u062b\u0647 \u0647\u06cc\u0686 \u0645\u0635\u062f\u0648\u0645\u06cc \u0646\u062f\u0627\u0634\u062a\u0647 \u0627\u0633\u062a <a href=\"https:\/\/t.co\/kJdkberXRP\">pic.twitter.com\/kJdkberXRP<\/a><\/p>\n<p>\u2014 \u062e\u0628\u0631\u06af\u0632\u0627\u0631\u06cc \u062a\u0633\u0646\u06cc\u0645 \ud83c\uddee\ud83c\uddf7 (@Tasnimnews_Fa) <a href=\"https:\/\/twitter.com\/Tasnimnews_Fa\/status\/1108075217203531776?ref_src=twsrc%5Etfw\">March 19, 2019<\/a><\/p><\/blockquote>\n<p><script async src=\"https:\/\/platform.twitter.com\/widgets.js\" charset=\"utf-8\"><\/script><\/p>\n","protected":false,"gt_translate_keys":[{"key":"rendered","format":"html"}]},"excerpt":{"rendered":"<p>&nbsp; Nj\u00eb avion ka marr\u00eb flak\u00eb pas uljes n\u00eb aeroportin e Mehrabad t\u00eb Teheranit, por sh\u00ebrbimet emergjente arrit\u00ebn t\u00eb nxirrnin nga flak\u00ebt dhe t\u00eb evakuonin t\u00eb gjith\u00eb pasagjer\u00ebt pa l\u00ebndime. &#8220;RT&#8221; shkruan se pas incidentit, autoritetet iraniane njoftuan se avioni u detyrua t\u00eb binte n\u00eb bark, pasi pajisjet e tij t\u00eb uljes nuk u vendos\u00ebn [&hellip;]<\/p>\n","protected":false,"gt_translate_keys":[{"key":"rendered","format":"html"}]},"author":30,"featured_media":283612,"comment_status":"open","ping_status":"open","sticky":false,"template":"","format":"standard","meta":{"footnotes":""},"categories":[6],"tags":[],"class_list":["post-283611","post","type-post","status-publish","format-standard","has-post-thumbnail","hentry","category-nderkombetare"],"gt_translate_keys":[{"key":"link","format":"url"}],"_links":{"self":[{"href":"https:\/\/www.hashtag.al\/index.php\/wp-json\/wp\/v2\/posts\/283611","targetHints":{"allow":["GET"]}}],"collection":[{"href":"https:\/\/www.hashtag.al\/index.php\/wp-json\/wp\/v2\/posts"}],"about":[{"href":"https:\/\/www.hashtag.al\/index.php\/wp-json\/wp\/v2\/types\/post"}],"author":[{"embeddable":true,"href":"https:\/\/www.hashtag.al\/index.php\/wp-json\/wp\/v2\/users\/30"}],"replies":[{"embeddable":true,"href":"https:\/\/www.hashtag.al\/index.php\/wp-json\/wp\/v2\/comments?post=283611"}],"version-history":[{"count":0,"href":"https:\/\/www.hashtag.al\/index.php\/wp-json\/wp\/v2\/posts\/283611\/revisions"}],"wp:featuredmedia":[{"embeddable":true,"href":"https:\/\/www.hashtag.al\/index.php\/wp-json\/wp\/v2\/media\/283612"}],"wp:attachment":[{"href":"https:\/\/www.hashtag.al\/index.php\/wp-json\/wp\/v2\/media?parent=283611"}],"wp:term":[{"taxonomy":"category","embeddable":true,"href":"https:\/\/www.hashtag.al\/index.php\/wp-json\/wp\/v2\/categories?post=283611"},{"taxonomy":"post_tag","embeddable":true,"href":"https:\/\/www.hashtag.al\/index.php\/wp-json\/wp\/v2\/tags?post=283611"}],"curies":[{"name":"wp","href":"https:\/\/api.w.org\/{rel}","templated":true}]}}