{"id":283322,"date":"2019-03-18T23:26:34","date_gmt":"2019-03-18T22:26:34","guid":{"rendered":"https:\/\/hashtag.al\/?p=283322"},"modified":"2019-03-19T09:55:22","modified_gmt":"2019-03-19T08:55:22","slug":"kush-ishte-viktima-qe-mbeti-i-vrare-te-sheshi-willson","status":"publish","type":"post","link":"https:\/\/www.hashtag.al\/index.php\/2019\/03\/18\/kush-ishte-viktima-qe-mbeti-i-vrare-te-sheshi-willson\/","title":{"rendered":"Kush ishte viktima q\u00eb mbeti i vrar\u00eb te sheshi Willson","gt_translate_keys":[{"key":"rendered","format":"text"}]},"content":{"rendered":"<p><span style=\"color: #000000;\"><img loading=\"lazy\" decoding=\"async\" class=\"aligncenter size-full wp-image-283323\" src=\"https:\/\/hashtag.al\/wp-content\/uploads\/2019\/03\/jurgen-kurti.jpg\" alt=\"\" width=\"1032\" height=\"774\" srcset=\"https:\/\/www.hashtag.al\/wp-content\/uploads\/2019\/03\/jurgen-kurti.jpg 1032w, https:\/\/www.hashtag.al\/wp-content\/uploads\/2019\/03\/jurgen-kurti-300x225.jpg 300w, https:\/\/www.hashtag.al\/wp-content\/uploads\/2019\/03\/jurgen-kurti-768x576.jpg 768w, https:\/\/www.hashtag.al\/wp-content\/uploads\/2019\/03\/jurgen-kurti-1024x768.jpg 1024w\" sizes=\"auto, (max-width: 1032px) 100vw, 1032px\" \/><\/span><\/p>\n<p><span style=\"color: #000000;\">I riu q\u00eb mbeti i vrar\u00eb mbr\u00ebmjen e sotme n\u00eb af\u00ebrsi t\u00eb sheshit Willson, nuk \u00ebsht\u00eb nj\u00eb em\u00ebr i panjohur. <\/span><span style=\"color: #000000;\">Jurgen Kurti 26-vje\u00e7 njihej si menaxher i VIP-ave si dhe nj\u00eb em\u00ebr nj\u00eb i njohur edhe p\u00ebr drejt\u00ebsin\u00eb pasi ka qen\u00eb i p\u00ebrfolur n\u00eb dy ngjarje m\u00eb par\u00eb.<\/span><\/p>\n<p><span style=\"color: #000000;\">E para ku mbeti i vrar\u00eb babai i tij, ngjarje p\u00ebr t\u00eb cil\u00ebn fajtor u shpall daja i tij i cili morri edhe nj\u00eb d\u00ebnim prej 1 vit dhe 6 muaj heqje lirie.<\/span><\/p>\n<p><span style=\"color: #000000;\">Nd\u00ebrsa n\u00eb ngjarjen e dyt\u00eb u arrestua s\u00eb bashku me vjehrrin Konstadin Ekonomi dhe v\u00ebllan\u00eb e tij Kujtim Ekonomi p\u00ebr vrasje p\u00ebr motive pron\u00ebsie n\u00eb Durr\u00ebs, por q\u00eb nuk u gjet fajtor m\u00eb pas.<\/span><\/p>\n<p><span style=\"color: #000000;\">Kurti u q\u00ebllua me bresh\u00ebri arm\u00ebsh n\u00eb rrug\u00ebn \u201cZef Jubani\u201d, mbrapa Post\u00ebs nr.8 n\u00eb Tiran\u00eb. Dyshohet se dy persona po e prisnin n\u00eb hyrjen e pallatit, dhe e q\u00eblluan p\u00ebr vdekje me 3 plumba. Ngjarja ndodhi rreth or\u00ebs 22:20, kur Jurgen Kurti po shkonte n\u00eb sht\u00ebpin\u00eb e tij.<\/span><\/p>\n<p><em><span style=\"color: #000000;\">&#8220;Rreth or\u00ebs 22:20, n\u00eb rrug\u00ebn \u201cZef Jubani\u201d, n\u00eb rrethana ende t\u00eb paqarta \u00ebsht\u00eb vrar\u00eb me arm\u00eb zjarri shtetasi J. K., rreth 26 vje\u00e7.<\/span><\/em><\/p>\n<p><em><span style=\"color: #000000;\">Grupi hetimor po punon p\u00ebr zbardhjen e rrethanave t\u00eb ngjarjes, identifikimin dhe kapjen e autorit\/ve.<\/span><\/em><\/p>\n<p><span style=\"color: #000000;\"><em>Sherbimet e Policis\u00eb po krehin zon\u00ebn si dhe jan\u00eb ngritur pika kontrolli p\u00ebr kapjen e autorit\/eve.&#8221;,<\/em> thuhet n\u00eb njoftimin e policis\u00eb.<strong>\/Hashtag.al<\/strong><\/span><\/p>\n<p><span style=\"color: #000000;\"><img loading=\"lazy\" decoding=\"async\" class=\"aligncenter size-full wp-image-283324\" src=\"https:\/\/hashtag.al\/wp-content\/uploads\/2019\/03\/f95442a0-0ead-4789-88d9-aa0b1648ec58.jpg\" alt=\"\" width=\"1032\" height=\"774\" srcset=\"https:\/\/www.hashtag.al\/wp-content\/uploads\/2019\/03\/f95442a0-0ead-4789-88d9-aa0b1648ec58.jpg 1032w, https:\/\/www.hashtag.al\/wp-content\/uploads\/2019\/03\/f95442a0-0ead-4789-88d9-aa0b1648ec58-300x225.jpg 300w, https:\/\/www.hashtag.al\/wp-content\/uploads\/2019\/03\/f95442a0-0ead-4789-88d9-aa0b1648ec58-768x576.jpg 768w, https:\/\/www.hashtag.al\/wp-content\/uploads\/2019\/03\/f95442a0-0ead-4789-88d9-aa0b1648ec58-1024x768.jpg 1024w\" sizes=\"auto, (max-width: 1032px) 100vw, 1032px\" \/><\/span><\/p>\n<p><img loading=\"lazy\" decoding=\"async\" class=\"aligncenter size-full wp-image-283370\" src=\"https:\/\/hashtag.al\/wp-content\/uploads\/2019\/03\/jurgen-kurti-2.jpg\" alt=\"\" width=\"960\" height=\"960\" srcset=\"https:\/\/www.hashtag.al\/wp-content\/uploads\/2019\/03\/jurgen-kurti-2.jpg 960w, https:\/\/www.hashtag.al\/wp-content\/uploads\/2019\/03\/jurgen-kurti-2-150x150.jpg 150w, https:\/\/www.hashtag.al\/wp-content\/uploads\/2019\/03\/jurgen-kurti-2-300x300.jpg 300w, https:\/\/www.hashtag.al\/wp-content\/uploads\/2019\/03\/jurgen-kurti-2-768x768.jpg 768w, https:\/\/www.hashtag.al\/wp-content\/uploads\/2019\/03\/jurgen-kurti-2-120x120.jpg 120w\" sizes=\"auto, (max-width: 960px) 100vw, 960px\" \/><img loading=\"lazy\" decoding=\"async\" class=\"aligncenter size-full wp-image-283367\" src=\"https:\/\/hashtag.al\/wp-content\/uploads\/2019\/03\/46fcea3c-56a3-4dbd-ba2e-39f23ece07b2.jpg\" alt=\"\" width=\"720\" height=\"722\" srcset=\"https:\/\/www.hashtag.al\/wp-content\/uploads\/2019\/03\/46fcea3c-56a3-4dbd-ba2e-39f23ece07b2.jpg 720w, https:\/\/www.hashtag.al\/wp-content\/uploads\/2019\/03\/46fcea3c-56a3-4dbd-ba2e-39f23ece07b2-150x150.jpg 150w, https:\/\/www.hashtag.al\/wp-content\/uploads\/2019\/03\/46fcea3c-56a3-4dbd-ba2e-39f23ece07b2-300x300.jpg 300w, https:\/\/www.hashtag.al\/wp-content\/uploads\/2019\/03\/46fcea3c-56a3-4dbd-ba2e-39f23ece07b2-120x120.jpg 120w\" sizes=\"auto, (max-width: 720px) 100vw, 720px\" \/><\/p>\n","protected":false,"gt_translate_keys":[{"key":"rendered","format":"html"}]},"excerpt":{"rendered":"<p>I riu q\u00eb mbeti i vrar\u00eb mbr\u00ebmjen e sotme n\u00eb af\u00ebrsi t\u00eb sheshit Willson, nuk \u00ebsht\u00eb nj\u00eb em\u00ebr i panjohur. Jurgen Kurti 26-vje\u00e7 njihej si menaxher i VIP-ave si dhe nj\u00eb em\u00ebr nj\u00eb i njohur edhe p\u00ebr drejt\u00ebsin\u00eb pasi ka qen\u00eb i p\u00ebrfolur n\u00eb dy ngjarje m\u00eb par\u00eb. E para ku mbeti i vrar\u00eb babai [&hellip;]<\/p>\n","protected":false,"gt_translate_keys":[{"key":"rendered","format":"html"}]},"author":32,"featured_media":283323,"comment_status":"open","ping_status":"open","sticky":false,"template":"","format":"standard","meta":{"footnotes":""},"categories":[22,65,13],"tags":[],"class_list":["post-283322","post","type-post","status-publish","format-standard","has-post-thumbnail","hentry","category-ballina","category-lajme","category-te-fundit"],"gt_translate_keys":[{"key":"link","format":"url"}],"_links":{"self":[{"href":"https:\/\/www.hashtag.al\/index.php\/wp-json\/wp\/v2\/posts\/283322","targetHints":{"allow":["GET"]}}],"collection":[{"href":"https:\/\/www.hashtag.al\/index.php\/wp-json\/wp\/v2\/posts"}],"about":[{"href":"https:\/\/www.hashtag.al\/index.php\/wp-json\/wp\/v2\/types\/post"}],"author":[{"embeddable":true,"href":"https:\/\/www.hashtag.al\/index.php\/wp-json\/wp\/v2\/users\/32"}],"replies":[{"embeddable":true,"href":"https:\/\/www.hashtag.al\/index.php\/wp-json\/wp\/v2\/comments?post=283322"}],"version-history":[{"count":0,"href":"https:\/\/www.hashtag.al\/index.php\/wp-json\/wp\/v2\/posts\/283322\/revisions"}],"wp:featuredmedia":[{"embeddable":true,"href":"https:\/\/www.hashtag.al\/index.php\/wp-json\/wp\/v2\/media\/283323"}],"wp:attachment":[{"href":"https:\/\/www.hashtag.al\/index.php\/wp-json\/wp\/v2\/media?parent=283322"}],"wp:term":[{"taxonomy":"category","embeddable":true,"href":"https:\/\/www.hashtag.al\/index.php\/wp-json\/wp\/v2\/categories?post=283322"},{"taxonomy":"post_tag","embeddable":true,"href":"https:\/\/www.hashtag.al\/index.php\/wp-json\/wp\/v2\/tags?post=283322"}],"curies":[{"name":"wp","href":"https:\/\/api.w.org\/{rel}","templated":true}]}}