{"id":283287,"date":"2019-03-18T20:13:40","date_gmt":"2019-03-18T19:13:40","guid":{"rendered":"https:\/\/hashtag.al\/?p=283287"},"modified":"2019-03-18T20:13:40","modified_gmt":"2019-03-18T19:13:40","slug":"sulmi-i-armatosur-ne-holande-arrestohet-autori-i-dyshuar","status":"publish","type":"post","link":"https:\/\/www.hashtag.al\/index.php\/2019\/03\/18\/sulmi-i-armatosur-ne-holande-arrestohet-autori-i-dyshuar\/","title":{"rendered":"Sulmi i armatosur n\u00eb Holand\u00eb, arrestohet autori i dyshuar","gt_translate_keys":[{"key":"rendered","format":"text"}]},"content":{"rendered":"<p><img loading=\"lazy\" decoding=\"async\" class=\"aligncenter size-full wp-image-283288\" src=\"https:\/\/hashtag.al\/wp-content\/uploads\/2019\/03\/turku.jpg\" alt=\"\" width=\"660\" height=\"371\" srcset=\"https:\/\/www.hashtag.al\/wp-content\/uploads\/2019\/03\/turku.jpg 660w, https:\/\/www.hashtag.al\/wp-content\/uploads\/2019\/03\/turku-300x169.jpg 300w\" sizes=\"auto, (max-width: 660px) 100vw, 660px\" \/><\/p>\n<p><span style=\"color: #000000;\">Policia holandeze ka arrestuar Gokmen Tanis, 37 vje\u00e7, q\u00eb dyshohet se \u00ebsht\u00eb\u00a0<a style=\"color: #000000;\" href=\"https:\/\/politiko.al\/sulmi-me-arme-ne-holande-kryebashkiaku-tre-persona-kane-nderruar-jete-policia-ne-kerkim-te-shtetasit-turk\/\">autori i sulmit me arm\u00eb n\u00eb Utreh<\/a>\u00a0t\u00eb Holand\u00ebs. Shtetasi turk q\u00eblloi sot me arm\u00eb n\u00eb tramvaj, duke i marr\u00eb jet\u00ebn tre personave dhe plagosi pes\u00eb t\u00eb tjer\u00eb.<\/span><\/p>\n<p><span style=\"color: #000000;\">Autoritetet nuk kan\u00eb dh\u00ebn\u00eb m\u00eb shum\u00eb detaje mbi t\u00eb arrestuarin.<\/span><\/p>\n<p><span style=\"color: #000000;\">Nd\u00ebrkoh\u00eb, mediat vendase raportojn\u00eb se Tanis ka luftuar m\u00eb par\u00eb n\u00eb Republik\u00ebn e \u00c7e\u00e7enis\u00eb n\u00eb Rusi, si dhe ka qen\u00eb i arrestuar p\u00ebr lidhje t\u00eb dyshuara me ISIS-n.<\/span><\/p>\n<p><span style=\"color: #000000;\">Gjithsesi, Pieter-Jaap Aalbersberg, koordinator p\u00ebr luft\u00ebn kund\u00ebr terrorizmit n\u00eb Holand\u00eb, nuk foli p\u00ebr sulm terrorist, por as nuk e p\u00ebrjashtoi k\u00ebt\u00eb motiv.<\/span><\/p>\n","protected":false,"gt_translate_keys":[{"key":"rendered","format":"html"}]},"excerpt":{"rendered":"<p>Policia holandeze ka arrestuar Gokmen Tanis, 37 vje\u00e7, q\u00eb dyshohet se \u00ebsht\u00eb\u00a0autori i sulmit me arm\u00eb n\u00eb Utreh\u00a0t\u00eb Holand\u00ebs. Shtetasi turk q\u00eblloi sot me arm\u00eb n\u00eb tramvaj, duke i marr\u00eb jet\u00ebn tre personave dhe plagosi pes\u00eb t\u00eb tjer\u00eb. Autoritetet nuk kan\u00eb dh\u00ebn\u00eb m\u00eb shum\u00eb detaje mbi t\u00eb arrestuarin. Nd\u00ebrkoh\u00eb, mediat vendase raportojn\u00eb se Tanis ka [&hellip;]<\/p>\n","protected":false,"gt_translate_keys":[{"key":"rendered","format":"html"}]},"author":32,"featured_media":283288,"comment_status":"open","ping_status":"open","sticky":false,"template":"","format":"standard","meta":{"footnotes":""},"categories":[6,13],"tags":[],"class_list":["post-283287","post","type-post","status-publish","format-standard","has-post-thumbnail","hentry","category-nderkombetare","category-te-fundit"],"gt_translate_keys":[{"key":"link","format":"url"}],"_links":{"self":[{"href":"https:\/\/www.hashtag.al\/index.php\/wp-json\/wp\/v2\/posts\/283287","targetHints":{"allow":["GET"]}}],"collection":[{"href":"https:\/\/www.hashtag.al\/index.php\/wp-json\/wp\/v2\/posts"}],"about":[{"href":"https:\/\/www.hashtag.al\/index.php\/wp-json\/wp\/v2\/types\/post"}],"author":[{"embeddable":true,"href":"https:\/\/www.hashtag.al\/index.php\/wp-json\/wp\/v2\/users\/32"}],"replies":[{"embeddable":true,"href":"https:\/\/www.hashtag.al\/index.php\/wp-json\/wp\/v2\/comments?post=283287"}],"version-history":[{"count":0,"href":"https:\/\/www.hashtag.al\/index.php\/wp-json\/wp\/v2\/posts\/283287\/revisions"}],"wp:featuredmedia":[{"embeddable":true,"href":"https:\/\/www.hashtag.al\/index.php\/wp-json\/wp\/v2\/media\/283288"}],"wp:attachment":[{"href":"https:\/\/www.hashtag.al\/index.php\/wp-json\/wp\/v2\/media?parent=283287"}],"wp:term":[{"taxonomy":"category","embeddable":true,"href":"https:\/\/www.hashtag.al\/index.php\/wp-json\/wp\/v2\/categories?post=283287"},{"taxonomy":"post_tag","embeddable":true,"href":"https:\/\/www.hashtag.al\/index.php\/wp-json\/wp\/v2\/tags?post=283287"}],"curies":[{"name":"wp","href":"https:\/\/api.w.org\/{rel}","templated":true}]}}